{"id":9811,"date":"2019-07-17T19:22:21","date_gmt":"2019-07-17T17:22:21","guid":{"rendered":"https:\/\/www.salgotarjan.hu\/?p=9811"},"modified":"2019-08-11T20:20:07","modified_gmt":"2019-08-11T18:20:07","slug":"artcolony-cered-2019","status":"publish","type":"post","link":"https:\/\/www.salgotarjan.hu\/?p=9811","title":{"rendered":"Artcolony Cered 2019."},"content":{"rendered":"\n<figure class=\"wp-block-image\"><img loading=\"lazy\" decoding=\"async\" width=\"800\" height=\"420\" src=\"https:\/\/www.salgotarjan.hu\/wp-content\/uploads\/20190717_cered.jpg\" alt=\"\" class=\"wp-image-9812\" srcset=\"https:\/\/www.salgotarjan.hu\/wp-content\/uploads\/20190717_cered.jpg 800w, https:\/\/www.salgotarjan.hu\/wp-content\/uploads\/20190717_cered-300x158.jpg 300w, https:\/\/www.salgotarjan.hu\/wp-content\/uploads\/20190717_cered-768x403.jpg 768w\" sizes=\"auto, (max-width: 800px) 100vw, 800px\" \/><\/figure>\n\n\n\n<p>24 \u00e9ve a vil\u00e1g k\u00fcl\u00f6nb\u00f6z\u0151 pontjair\u00f3l \u00e9rkez\u0151 m\u0171v\u00e9szek p\u00e1r h\u00e9tre Magyarorsz\u00e1g egy elszigetelt faluj\u00e1ba k\u00f6lt\u00f6znek, hogy m\u0171v\u00e9szet\u00fckkel feldolgozz\u00e1k a k\u00f6r\u00fcl\u00f6tt\u00fck tal\u00e1lhat\u00f3, kihal\u00f3f\u00e9lben l\u00e9v\u0151 kult\u00far\u00e1t. Arra gy\u0171jtenek, hogy munk\u00e1ikat egy fesztiv\u00e1l keret\u00e9ben most sz\u00e9les k\u00f6rben is bemutathass\u00e1k.<\/p>\n\n\n\n<p>Az 1996-ban alap\u00edtott Artcolony Cered egy nemzetk\u00f6zi m\u0171v\u00e9sztelep, ahol a megh\u00edvott r\u00e9sztvev\u0151k az aktu\u00e1lisan meghirdetett projekt keretein bel\u00fcl vesznek r\u00e9szt a m\u0171v\u00e9szeti sz\u00ednt\u00e9r \u00e9s m\u0171hely alkot\u00f3munk\u00e1j\u00e1ban. A m\u0171v\u00e9szek, szem\u00e9lyes jelenl\u00e9t\u00fckkel, helysz\u00edni megfigyel\u00e9seikb\u0151l kiindulva hozz\u00e1k l\u00e9tre alkot\u00e1saikat, amelyek reag\u00e1lnak a mindenkori tematikus \u2013 Ceredhez kapcsol\u00f3d\u00f3 &#8211; felh\u00edv\u00e1sra. M\u00e1ra t\u00f6bb, mint 20 orsz\u00e1g k\u00e9pviseltette mag\u00e1t n\u00e1lunk Mexik\u00f3t\u00f3l Ausztr\u00e1li\u00e1ig \u00e9s csatlakozott misszi\u00f3nkhoz: a k\u00e9pz\u0151m\u0171v\u00e9szet seg\u00edts\u00e9g\u00e9vel megmenteni elt\u0171n\u0151f\u00e9lben l\u00e9v\u0151 \u00e9rt\u00e9keket.<\/p>\n\n\n\n<p>Hagyom\u00e1nyosan a m\u0171v\u00e9sztelep lez\u00e1r\u00e1sa egy ny\u00edlt nap, ahol csal\u00e1dias hangulatban ismerheti meg a sz\u0171kebb k\u00f6z\u00f6ns\u00e9g az alkot\u00f3kat \u00e9s alkot\u00e1saikat. Most Indiegogo kamp\u00e1nyba kezdtek a szervez\u0151k, hogy a sz\u00e9lesebb k\u00f6z\u00f6ns\u00e9g is becsatlakozhasson Cered k\u00fcl\u00f6nleges atmoszf\u00e9r\u00e1j\u00e1ba.<\/p>\n\n\n\n<p>A c\u00e9l egy olyan fesztiv\u00e1l l\u00e9trehoz\u00e1sa, ami autentikus k\u00f6rnyezetben mutatja be a m\u0171v\u00e9sztelep alkot\u00e1sait \u00fagy, hogy k\u00f6zben a helyi \u00e9rt\u00e9kekre koncentr\u00e1l a fesztiv\u00e1l t\u00f6bbi programja sor\u00e1n is. Ahol a helyi fogad\u00f3 gondoskodik a cateringr\u0151l \u00e9s a r\u00e9gi\u00f3 el\u0151ad\u00f3m\u0171v\u00e9szei t\u00f6ltik meg a m\u0171sort.<\/p>\n\n\n\n<p>A kamp\u00e1ny oldal\u00e1n a k\u00fcl\u00f6nb\u00f6z\u0151 m\u00e9rt\u00e9k\u0171 t\u00e1mogat\u00e1sokkal nem csak az \u00fcgyet lehet t\u00e1mogatni, hanem a fesztiv\u00e1l bel\u00e9p\u0151j\u00e9t, az \u00e9p\u00fcl\u0151 r\u00f6nksz\u00ednpad egy dedik\u00e1lt hely\u00e9t, vagy egy m\u0171alkot\u00e1s v\u00e1zlat\u00e1t is be lehet szerezni.<\/p>\n\n\n\n<p>R\u00e9szletes inform\u00e1ci\u00f3:  <a rel=\"noreferrer noopener\" aria-label=\"https:\/\/artcolony-cered.com\/  (\u00faj f\u00fcl\u00f6n nyitja meg)\" href=\"https:\/\/artcolony-cered.com\/\" target=\"_blank\">artcolony-cered.com<\/a><\/p>\n","protected":false},"excerpt":{"rendered":"<p>24 \u00e9ve a vil\u00e1g k\u00fcl\u00f6nb\u00f6z\u0151 pontjair\u00f3l \u00e9rkez\u0151 m\u0171v\u00e9szek p\u00e1r h\u00e9tre Magyarorsz\u00e1g egy elszigetelt faluj\u00e1ba k\u00f6lt\u00f6znek, hogy m\u0171v\u00e9szet\u00fckkel feldolgozz\u00e1k a k\u00f6r\u00fcl\u00f6tt\u00fck tal\u00e1lhat\u00f3, kihal\u00f3f\u00e9lben l\u00e9v\u0151 kult\u00far\u00e1t. Arra gy\u0171jtenek, hogy munk\u00e1ikat egy fesztiv\u00e1l keret\u00e9ben most sz\u00e9les k\u00f6rben is bemutathass\u00e1k. Az 1996-ban alap\u00edtott Artcolony Cered egy nemzetk\u00f6zi m\u0171v\u00e9sztelep, ahol a megh\u00edvott r\u00e9sztvev\u0151k az aktu\u00e1lisan meghirdetett projekt keretein bel\u00fcl vesznek &#8230; <a title=\"Artcolony Cered 2019.\" class=\"read-more\" href=\"https:\/\/www.salgotarjan.hu\/?p=9811\" aria-label=\"Read more about Artcolony Cered 2019.\">Olvass tov\u00e1bb<\/a><\/p>\n","protected":false},"author":7,"featured_media":0,"comment_status":"closed","ping_status":"closed","sticky":false,"template":"","format":"standard","meta":{"footnotes":""},"categories":[10],"tags":[],"class_list":["post-9811","post","type-post","status-publish","format-standard","hentry","category-hirek-aktualitasok"],"_links":{"self":[{"href":"https:\/\/www.salgotarjan.hu\/index.php?rest_route=\/wp\/v2\/posts\/9811","targetHints":{"allow":["GET"]}}],"collection":[{"href":"https:\/\/www.salgotarjan.hu\/index.php?rest_route=\/wp\/v2\/posts"}],"about":[{"href":"https:\/\/www.salgotarjan.hu\/index.php?rest_route=\/wp\/v2\/types\/post"}],"author":[{"embeddable":true,"href":"https:\/\/www.salgotarjan.hu\/index.php?rest_route=\/wp\/v2\/users\/7"}],"replies":[{"embeddable":true,"href":"https:\/\/www.salgotarjan.hu\/index.php?rest_route=%2Fwp%2Fv2%2Fcomments&post=9811"}],"version-history":[{"count":1,"href":"https:\/\/www.salgotarjan.hu\/index.php?rest_route=\/wp\/v2\/posts\/9811\/revisions"}],"predecessor-version":[{"id":9814,"href":"https:\/\/www.salgotarjan.hu\/index.php?rest_route=\/wp\/v2\/posts\/9811\/revisions\/9814"}],"wp:attachment":[{"href":"https:\/\/www.salgotarjan.hu\/index.php?rest_route=%2Fwp%2Fv2%2Fmedia&parent=9811"}],"wp:term":[{"taxonomy":"category","embeddable":true,"href":"https:\/\/www.salgotarjan.hu\/index.php?rest_route=%2Fwp%2Fv2%2Fcategories&post=9811"},{"taxonomy":"post_tag","embeddable":true,"href":"https:\/\/www.salgotarjan.hu\/index.php?rest_route=%2Fwp%2Fv2%2Ftags&post=9811"}],"curies":[{"name":"wp","href":"https:\/\/api.w.org\/{rel}","templated":true}]}}