{"id":9321,"date":"2019-04-16T12:53:59","date_gmt":"2019-04-16T10:53:59","guid":{"rendered":"https:\/\/www.salgotarjan.hu\/?p=9321"},"modified":"2019-04-23T08:52:25","modified_gmt":"2019-04-23T06:52:25","slug":"husveti-programok-es-nyitva-tartas-a-geoparkban","status":"publish","type":"post","link":"https:\/\/www.salgotarjan.hu\/?p=9321","title":{"rendered":"H\u00fasv\u00e9ti programok \u00e9s nyitva tart\u00e1s a Geoparkban"},"content":{"rendered":"<p><!--more--><\/p>\n<p><strong>Eresztv\u00e9nyi L\u00e1togat\u00f3k\u00f6zpont \u00fcnnepi nyitva tart\u00e1s<\/strong><\/p>\n<p>\u00c1prilis 19.: 9:00 &#8211; 18:00<br \/>\n\u00c1prilis 20.: 9:00 &#8211; 18:00<br \/>\n\u00c1prilis 21.: 9:00 &#8211; 18:00<br \/>\n\u00c1prilis 22.: 9:00 &#8211; 17:30<\/p>\n<p>H\u00fasv\u00e9ti programok:<\/p>\n<p><strong>\u00c1prilis 21.<\/strong><br \/>\nH\u00fasv\u00e9ti toj\u00e1skeres\u0151 t\u00fara<br \/>\nA szertelen\u00fcl ugr\u00e1l\u00f3 h\u00fasv\u00e9ti nyuszi szanasz\u00e9t sz\u00f3rta a csokitoj\u00e1sokat az eresztv\u00e9nyi erd\u0151ben. Valakinek meg kell ezeket is keresni. Ki j\u00f6n?<br \/>\nTal\u00e1lkozunk 10:00 \u00f3rakor az eresztv\u00e9nyi l\u00e1togat\u00f3k\u00f6zpontban.<\/p>\n<p><strong>\u00c1prilis 22.<\/strong><br \/>\nH\u00fasv\u00e9ti k\u00e9zm\u0171ves foglalkoz\u00e1sok<br \/>\nToj\u00e1sfest\u00e9s, f\u0171zfas\u00edpk\u00e9sz\u00edt\u00e9s. M\u00e9g az is lehet, hogy bodzfapusk\u00e1t is k\u00e9sz\u00edt\u00fcnk. Hozd el az apuk\u00e1dat is!<br \/>\n10:00 &#8211; 15:00 \u00f3ra k\u00f6z\u00f6tt<br \/>\nIngyenes csal\u00e1di program<\/p>\n<p>Novohrad-N\u00f3gr\u00e1d Geopark Eresztv\u00e9nyi L\u00e1togat\u00f3k\u00f6zpont<br \/>\n<a href=\"https:\/\/goo.gl\/maps\/4aqc66UkpKv\" target=\"_blank\" rel=\"noopener noreferrer\">3100 Salg\u00f3tarj\u00e1n, Eresztv\u00e9nyi \u00fat 6.<\/a><\/p>\n<p>Facebook esem\u00e9ny:<br \/>\n<a href=\"https:\/\/www.facebook.com\/events\/379255896260515\/?event_time_id=379255899593848\" target=\"_blank\" rel=\"noopener noreferrer\">https:\/\/www.facebook.com\/events\/379255896260515\/?event_time_id=379255899593848<\/a><\/p>\n","protected":false},"excerpt":{"rendered":"","protected":false},"author":7,"featured_media":0,"comment_status":"closed","ping_status":"closed","sticky":false,"template":"","format":"standard","meta":{"footnotes":""},"categories":[10],"tags":[],"class_list":["post-9321","post","type-post","status-publish","format-standard","hentry","category-hirek-aktualitasok"],"_links":{"self":[{"href":"https:\/\/www.salgotarjan.hu\/index.php?rest_route=\/wp\/v2\/posts\/9321","targetHints":{"allow":["GET"]}}],"collection":[{"href":"https:\/\/www.salgotarjan.hu\/index.php?rest_route=\/wp\/v2\/posts"}],"about":[{"href":"https:\/\/www.salgotarjan.hu\/index.php?rest_route=\/wp\/v2\/types\/post"}],"author":[{"embeddable":true,"href":"https:\/\/www.salgotarjan.hu\/index.php?rest_route=\/wp\/v2\/users\/7"}],"replies":[{"embeddable":true,"href":"https:\/\/www.salgotarjan.hu\/index.php?rest_route=%2Fwp%2Fv2%2Fcomments&post=9321"}],"version-history":[{"count":1,"href":"https:\/\/www.salgotarjan.hu\/index.php?rest_route=\/wp\/v2\/posts\/9321\/revisions"}],"predecessor-version":[{"id":9549,"href":"https:\/\/www.salgotarjan.hu\/index.php?rest_route=\/wp\/v2\/posts\/9321\/revisions\/9549"}],"wp:attachment":[{"href":"https:\/\/www.salgotarjan.hu\/index.php?rest_route=%2Fwp%2Fv2%2Fmedia&parent=9321"}],"wp:term":[{"taxonomy":"category","embeddable":true,"href":"https:\/\/www.salgotarjan.hu\/index.php?rest_route=%2Fwp%2Fv2%2Fcategories&post=9321"},{"taxonomy":"post_tag","embeddable":true,"href":"https:\/\/www.salgotarjan.hu\/index.php?rest_route=%2Fwp%2Fv2%2Ftags&post=9321"}],"curies":[{"name":"wp","href":"https:\/\/api.w.org\/{rel}","templated":true}]}}