{"id":9308,"date":"2019-04-11T13:38:23","date_gmt":"2019-04-11T11:38:23","guid":{"rendered":"https:\/\/www.salgotarjan.hu\/?p=9308"},"modified":"2019-04-21T12:02:10","modified_gmt":"2019-04-21T10:02:10","slug":"civilek-a-varosert-dijat-kapott-a-belvarosi-noklub","status":"publish","type":"post","link":"https:\/\/www.salgotarjan.hu\/?p=9308","title":{"rendered":"Civilek a V\u00e1ros\u00e9rt-d\u00edjat kapott a Belv\u00e1rosi N\u0151klub"},"content":{"rendered":"\n<p>\u00c1prilis 9-\u00e9n a v\u00e1rosh\u00e1za Dr. F\u00f6rster K\u00e1lm\u00e1n term\u00e9ben \u00e1tadt\u00e1k a Salg\u00f3tarj\u00e1ni Civil Kerekasztal \u00e1ltal 2010-ben alap\u00edtott Civilek a V\u00e1ros\u00e9rt-d\u00edjat. Az elismer\u00e9st minden \u00e9vben olyan salg\u00f3tarj\u00e1ni szervezet kapja, amely k\u00f6z\u00e9leti tev\u00e9kenys\u00e9g\u00e9vel hozz\u00e1j\u00e1rul a v\u00e1ros civil t\u00e1rsadalm\u00e1nak m\u0171k\u00f6d\u00e9s\u00e9hez, fejl\u0151d\u00e9s\u00e9hez. Ebben az \u00e9vben a d\u00edjat a Belv\u00e1rosi N\u0151klub vehette \u00e1t.<\/p>\n\n\n\n<!--more-->\n\n\n\n<p>Fekete Zsolt polg\u00e1rmester gratul\u00e1lt a t\u00f6bb mint t\u00edz \u00e9ve m\u0171k\u00f6d\u0151 klub vezet\u0151inek, tagjainak \u00e9s elmondta, hogy a salg\u00f3tarj\u00e1ni civil egyes\u00fcletek nagyon komoly munk\u00e1t v\u00e9geznek a telep\u00fcl\u00e9s \u00e9rdek\u00e9ben, kieg\u00e9sz\u00edtik, t\u00e1mogatj\u00e1k az \u00f6nkorm\u00e1nyzat tev\u00e9kenys\u00e9g\u00e9t \u00e9s \u00e9rt\u00e9ket teremtenek szinte minden ter\u00fcleten. Eg\u00e9szs\u00e9gmeg\u0151rz\u00e9shez, gyermekgondoz\u00e1shoz, szabadid\u0151s tev\u00e9kenys\u00e9gekhez, kultur\u00e1lis programok szervez\u00e9s\u00e9hez kapcsol\u00f3d\u00f3 munk\u00e1juk n\u00e9lk\u00fcl\u00f6zhetetlen v\u00e1rosunk k\u00f6z\u00f6ss\u00e9gi \u00e9let\u00e9ben. <\/p>\n\n\n\n<p>&#8222;Salg\u00f3tarj\u00e1n vezet\u00e9s\u00e9nek nagyon fontos az egy\u00fcttm\u0171k\u00f6d\u00e9s, mert az egy\u00fctt gondolkod\u00e1s, a k\u00f6z\u00f6s munka megsokszorozza er\u0151inket \u00e9s \u00edgy k\u00f6nnyebben tudjuk el\u00e9rni c\u00e9ljainkat&#8221; &#8211; fogalmazott Fekete Zsolt polg\u00e1rmester.  <\/p>\n\n\n\n<p>A Belv\u00e1rosi N\u0151klubot m\u00e9ltatva B\u00f3di Gy\u00f6rgyn\u00e9 Dr., a Civil Kerekasztal eln\u00f6ke arr\u00f3l sz\u00f3lt, hogy a n\u0151klub nem csak r\u00e9sztvev\u0151je, hanem sok esetben szervez\u0151je \u00e9s lebonyol\u00edt\u00f3ja is a v\u00e1rosi esem\u00e9nynek, illetve akt\u00edv munk\u00e1jukra a Civil Kerekasztal \u00e9s az Id\u0151\u00fcgyi Tan\u00e1csban is sz\u00e1m\u00edtanak.<\/p>\n\n\n\n<p>Az oklevelet \u00e9s a d\u00edjat jelk\u00e9pez\u0151 m\u0171alkot\u00e1st, amelyet Birk\u00e1s Babett k\u00e9pz\u0151m\u0171v\u00e9sz alkotott Stark L\u00e1szl\u00f3n\u00e9, a Belv\u00e1rosi N\u0151klub vezet\u0151je vette \u00e1t.<\/p>\n\n\n\n<p>A Balassi B\u00e1lint Megyei K\u00f6nyvt\u00e1r \u00e9s a Salg\u00f3tarj\u00e1ni Civilek\u00e9rt K\u00f6zhaszn\u00fa Alap\u00edtv\u00e1ny szint\u00e9n elismer\u00e9sben r\u00e9szes\u00fclt. <\/p>\n","protected":false},"excerpt":{"rendered":"<p>\u00c1prilis 9-\u00e9n a v\u00e1rosh\u00e1za Dr. F\u00f6rster K\u00e1lm\u00e1n term\u00e9ben \u00e1tadt\u00e1k a Salg\u00f3tarj\u00e1ni Civil Kerekasztal \u00e1ltal 2010-ben alap\u00edtott Civilek a V\u00e1ros\u00e9rt-d\u00edjat. Az elismer\u00e9st minden \u00e9vben olyan salg\u00f3tarj\u00e1ni szervezet kapja, amely k\u00f6z\u00e9leti tev\u00e9kenys\u00e9g\u00e9vel hozz\u00e1j\u00e1rul a v\u00e1ros civil t\u00e1rsadalm\u00e1nak m\u0171k\u00f6d\u00e9s\u00e9hez, fejl\u0151d\u00e9s\u00e9hez. Ebben az \u00e9vben a d\u00edjat a Belv\u00e1rosi N\u0151klub vehette \u00e1t.<\/p>\n","protected":false},"author":7,"featured_media":0,"comment_status":"closed","ping_status":"closed","sticky":false,"template":"","format":"standard","meta":{"footnotes":""},"categories":[1,10],"tags":[],"class_list":["post-9308","post","type-post","status-publish","format-standard","hentry","category-egyebek","category-hirek-aktualitasok"],"_links":{"self":[{"href":"https:\/\/www.salgotarjan.hu\/index.php?rest_route=\/wp\/v2\/posts\/9308","targetHints":{"allow":["GET"]}}],"collection":[{"href":"https:\/\/www.salgotarjan.hu\/index.php?rest_route=\/wp\/v2\/posts"}],"about":[{"href":"https:\/\/www.salgotarjan.hu\/index.php?rest_route=\/wp\/v2\/types\/post"}],"author":[{"embeddable":true,"href":"https:\/\/www.salgotarjan.hu\/index.php?rest_route=\/wp\/v2\/users\/7"}],"replies":[{"embeddable":true,"href":"https:\/\/www.salgotarjan.hu\/index.php?rest_route=%2Fwp%2Fv2%2Fcomments&post=9308"}],"version-history":[{"count":1,"href":"https:\/\/www.salgotarjan.hu\/index.php?rest_route=\/wp\/v2\/posts\/9308\/revisions"}],"predecessor-version":[{"id":9309,"href":"https:\/\/www.salgotarjan.hu\/index.php?rest_route=\/wp\/v2\/posts\/9308\/revisions\/9309"}],"wp:attachment":[{"href":"https:\/\/www.salgotarjan.hu\/index.php?rest_route=%2Fwp%2Fv2%2Fmedia&parent=9308"}],"wp:term":[{"taxonomy":"category","embeddable":true,"href":"https:\/\/www.salgotarjan.hu\/index.php?rest_route=%2Fwp%2Fv2%2Fcategories&post=9308"},{"taxonomy":"post_tag","embeddable":true,"href":"https:\/\/www.salgotarjan.hu\/index.php?rest_route=%2Fwp%2Fv2%2Ftags&post=9308"}],"curies":[{"name":"wp","href":"https:\/\/api.w.org\/{rel}","templated":true}]}}