{"id":9264,"date":"2019-04-01T16:31:09","date_gmt":"2019-04-01T14:31:09","guid":{"rendered":"https:\/\/www.salgotarjan.hu\/?p=9264"},"modified":"2019-04-21T12:02:10","modified_gmt":"2019-04-21T10:02:10","slug":"aprilisi-programok-a-geoparkban","status":"publish","type":"post","link":"https:\/\/www.salgotarjan.hu\/?p=9264","title":{"rendered":"\u00c1prilisi programok a Geoparkban"},"content":{"rendered":"\n<!--more-->\n\n\n\n<p>\u00c1prilis k\u00f6zep\u00e9t\u0151l a Novohrad-N\u00f3gr\u00e1d Geopark eresztv\u00e9nyi l\u00e1togat\u00f3k\u00f6zpontja \u00faj nyitva tart\u00e1s szerint v\u00e1rja az \u00e9rdekl\u0151d\u0151ket:<\/p>\n\n\n\n<p>H\u00e9tf\u0151 &#8211; cs\u00fct\u00f6rt\u00f6k: 9:00 &#8211; 16:30<\/p>\n\n\n\n<p>P\u00e9ntek &#8211; vas\u00e1rnap: 9:00 &#8211; 18:00<\/p>\n\n\n\n<p>\u00c1prilis k\u00f6zep\u00e9t\u0151l  \u00fajra kaphat\u00f3k geoparkos p\u00f3l\u00f3k, pul\u00f3verek, sz\u00e9ldzsekik az eresztv\u00e9nyi l\u00e1togat\u00f3k\u00f6zpontban.<\/p>\n\n\n\n<p><strong>Programaj\u00e1nl\u00f3<\/strong><\/p>\n\n\n\n<p><strong>\u00c1prilis 6.<\/strong><\/p>\n\n\n\n<p>Geol\u00f3gia els\u0151 k\u00e9zb\u0151l<\/p>\n\n\n\n<p>T\u00fara Prakfalvi P\u00e9terrel a P\u00e9cs-k\u0151re.<\/p>\n\n\n\n<p>P\u00e9csk\u0151, Hurka P\u00e9csk\u0151, kapt\u00e1rf\u00fclk\u00e9k \u00e9s sok m\u00e1s egy\u00e9b.<\/p>\n\n\n\n<p>Tal\u00e1lkoz\u00f3 9:00 \u00f3rakor a salg\u00f3tarj\u00e1ni F\u0151 t\u00e9ren a Radn\u00f3ti szoborn\u00e1l.<\/p>\n\n\n\n<p>Ingyenes program<br><\/p>\n\n\n\n<p><strong>\u00c1prilis 21.<\/strong><\/p>\n\n\n\n<p>H\u00fasv\u00e9ti toj\u00e1skeres\u0151 t\u00fara<\/p>\n\n\n\n<p>A szertelen\u00fcl ugr\u00e1l\u00f3 h\u00fasv\u00e9ti nyuszi szanasz\u00e9t sz\u00f3rta a csokitoj\u00e1sokat az eresztv\u00e9nyi erd\u0151ben. Valakinek meg kell ezeket is keresni. Ki j\u00f6n?<\/p>\n\n\n\n<p>Tal\u00e1lkozunk 10:00 \u00f3rakor az eresztv\u00e9nyi l\u00e1togat\u00f3k\u00f6zpontban. \nIngyenes csal\u00e1di program, els\u0151sorban kisgyermekeseknek.<br><\/p>\n\n\n\n<p><strong>\u00c1prilis 22.<\/strong><\/p>\n\n\n\n<p>H\u00fasv\u00e9ti k\u00e9zm\u0171ves foglalkoz\u00e1sok<\/p>\n\n\n\n<p>Toj\u00e1sfest\u00e9s, f\u0171zfas\u00edp k\u00e9sz\u00edt\u00e9s <\/p>\n\n\n\n<p>10:00 &#8211; 15:00 \u00f3ra k\u00f6z\u00f6tt<\/p>\n\n\n\n<p>Ingyenes csal\u00e1di program<\/p>\n\n\n\n<p><\/p>\n\n\n\n<p><strong>\u00c1prilis 28.<\/strong><\/p>\n\n\n\n<p>Zenthe Nap \u00e9s ki\u00e1ll\u00edt\u00e1s megnyit\u00f3<\/p>\n\n\n\n<p>A salg\u00f3b\u00e1nyai Geocsod\u00e1k H\u00e1z\u00e1ban h\u00e1rom \u00faj ki\u00e1ll\u00edt\u00e1s ny\u00edlik:<\/p>\n\n\n\n<p>A Karancs-Medves hat\u00e1r\u0151rz\u0151i<\/p>\n\n\n\n<p>Salg\u00f3 v\u00e1r \u00e9vsz\u00e1zadai<\/p>\n\n\n\n<p>A Novohrad-N\u00f3gr\u00e1d Geopark geol\u00f3giai \u00e9rt\u00e9kei<\/p>\n\n\n\n<p>A Zenthe Nap esem\u00e9nyei 10:00 \u00f3rakor kezd\u0151dnek, a r\u00e9szletes programot k\u00e9s\u0151bb teszik k\u00f6zz\u00e9 a l\u00e1togat\u00f3k\u00f6zpont <a href=\"https:\/\/www.facebook.com\/geoparkcenter\/\">Facebook oldal\u00e1n<\/a>.<\/p>\n","protected":false},"excerpt":{"rendered":"","protected":false},"author":7,"featured_media":0,"comment_status":"closed","ping_status":"closed","sticky":false,"template":"","format":"standard","meta":{"footnotes":""},"categories":[1,10],"tags":[],"class_list":["post-9264","post","type-post","status-publish","format-standard","hentry","category-egyebek","category-hirek-aktualitasok"],"_links":{"self":[{"href":"https:\/\/www.salgotarjan.hu\/index.php?rest_route=\/wp\/v2\/posts\/9264","targetHints":{"allow":["GET"]}}],"collection":[{"href":"https:\/\/www.salgotarjan.hu\/index.php?rest_route=\/wp\/v2\/posts"}],"about":[{"href":"https:\/\/www.salgotarjan.hu\/index.php?rest_route=\/wp\/v2\/types\/post"}],"author":[{"embeddable":true,"href":"https:\/\/www.salgotarjan.hu\/index.php?rest_route=\/wp\/v2\/users\/7"}],"replies":[{"embeddable":true,"href":"https:\/\/www.salgotarjan.hu\/index.php?rest_route=%2Fwp%2Fv2%2Fcomments&post=9264"}],"version-history":[{"count":1,"href":"https:\/\/www.salgotarjan.hu\/index.php?rest_route=\/wp\/v2\/posts\/9264\/revisions"}],"predecessor-version":[{"id":9267,"href":"https:\/\/www.salgotarjan.hu\/index.php?rest_route=\/wp\/v2\/posts\/9264\/revisions\/9267"}],"wp:attachment":[{"href":"https:\/\/www.salgotarjan.hu\/index.php?rest_route=%2Fwp%2Fv2%2Fmedia&parent=9264"}],"wp:term":[{"taxonomy":"category","embeddable":true,"href":"https:\/\/www.salgotarjan.hu\/index.php?rest_route=%2Fwp%2Fv2%2Fcategories&post=9264"},{"taxonomy":"post_tag","embeddable":true,"href":"https:\/\/www.salgotarjan.hu\/index.php?rest_route=%2Fwp%2Fv2%2Ftags&post=9264"}],"curies":[{"name":"wp","href":"https:\/\/api.w.org\/{rel}","templated":true}]}}