{"id":9235,"date":"2019-03-27T14:17:48","date_gmt":"2019-03-27T13:17:48","guid":{"rendered":"https:\/\/www.salgotarjan.hu\/?p=9235"},"modified":"2019-04-21T12:02:10","modified_gmt":"2019-04-21T10:02:10","slug":"sajtokozlemeny-8","status":"publish","type":"post","link":"https:\/\/www.salgotarjan.hu\/?p=9235","title":{"rendered":"Sajt\u00f3k\u00f6zlem\u00e9ny"},"content":{"rendered":"<p>Elindult a Sz\u00e9chenyi 2020 keret\u00e9ben v\u00e9grehajtand\u00f3, eur\u00f3pai uni\u00f3s finansz\u00edroz\u00e1s\u00fa \u201eJ\u00e1tsz\u00f3h\u00e1z<br \/>\nkialak\u00edt\u00e1sa \u00e9s j\u00e1tsz\u00f3t\u00e9r fel\u00faj\u00edt\u00e1sa\u201d c\u00edm\u0171 projekt. A tervezett fejleszt\u00e9s c\u00e9lja j\u00e1tsz\u00f3t\u00e9r fel\u00faj\u00edt\u00e1sa<br \/>\n\u00e9s egy\u00e9b rekre\u00e1ci\u00f3s ter\u00fclet kialak\u00edt\u00e1sa egy j\u00e1tsz\u00f3h\u00e1zzal \u00e9s parkos\u00edtott z\u00f6ldfel\u00fclet<br \/>\nl\u00e9tes\u00edt\u00e9s\u00e9vel. A projekt c\u00e9lja a v\u00e1ros lakoss\u00e1g\u00e1nak, legink\u00e1bb a fiatal koroszt\u00e1ly sz\u00e1m\u00e1ra<br \/>\nkikapcsol\u00f3d\u00e1si, rekre\u00e1ci\u00f3s lehet\u0151s\u00e9gek biztos\u00edt\u00e1sa, illetve ehhez kapcsol\u00f3d\u00f3<br \/>\ngazdas\u00e1gfejleszt\u00e9s megval\u00f3s\u00edt\u00e1sa.<br \/>\nA projekt EU-s forr\u00e1sb\u00f3l finansz\u00edrozott nem visszat\u00e9r\u00edtend\u0151 t\u00e1mogat\u00e1sa 238 milli\u00f3 Ft.<br \/>\nA projekt teljes sajt\u00f3k\u00f6zlem\u00e9ny\u00e9nek let\u00f6lt\u00e9s\u00e9hez <a href=\"https:\/\/www.salgotarjan.hu\/wp-content\/uploads\/20190327_jatszohaz_sajtokozlemeny2.pdf\" target=\"_blank\" rel=\"noopener noreferrer\">kattintson ide<\/a> (pdf).<\/p>\n","protected":false},"excerpt":{"rendered":"<p>Elindult a Sz\u00e9chenyi 2020 keret\u00e9ben v\u00e9grehajtand\u00f3, eur\u00f3pai uni\u00f3s finansz\u00edroz\u00e1s\u00fa \u201eJ\u00e1tsz\u00f3h\u00e1z kialak\u00edt\u00e1sa \u00e9s j\u00e1tsz\u00f3t\u00e9r fel\u00faj\u00edt\u00e1sa\u201d c\u00edm\u0171 projekt. A tervezett fejleszt\u00e9s c\u00e9lja j\u00e1tsz\u00f3t\u00e9r fel\u00faj\u00edt\u00e1sa \u00e9s egy\u00e9b rekre\u00e1ci\u00f3s ter\u00fclet kialak\u00edt\u00e1sa egy j\u00e1tsz\u00f3h\u00e1zzal \u00e9s parkos\u00edtott z\u00f6ldfel\u00fclet l\u00e9tes\u00edt\u00e9s\u00e9vel. A projekt c\u00e9lja a v\u00e1ros lakoss\u00e1g\u00e1nak, legink\u00e1bb a fiatal koroszt\u00e1ly sz\u00e1m\u00e1ra kikapcsol\u00f3d\u00e1si, rekre\u00e1ci\u00f3s lehet\u0151s\u00e9gek biztos\u00edt\u00e1sa, illetve ehhez kapcsol\u00f3d\u00f3 gazdas\u00e1gfejleszt\u00e9s megval\u00f3s\u00edt\u00e1sa. A projekt &#8230; <a title=\"Sajt\u00f3k\u00f6zlem\u00e9ny\" class=\"read-more\" href=\"https:\/\/www.salgotarjan.hu\/?p=9235\" aria-label=\"Read more about Sajt\u00f3k\u00f6zlem\u00e9ny\">Olvass tov\u00e1bb<\/a><\/p>\n","protected":false},"author":7,"featured_media":0,"comment_status":"closed","ping_status":"closed","sticky":false,"template":"","format":"standard","meta":{"footnotes":""},"categories":[1,10],"tags":[],"class_list":["post-9235","post","type-post","status-publish","format-standard","hentry","category-egyebek","category-hirek-aktualitasok"],"_links":{"self":[{"href":"https:\/\/www.salgotarjan.hu\/index.php?rest_route=\/wp\/v2\/posts\/9235","targetHints":{"allow":["GET"]}}],"collection":[{"href":"https:\/\/www.salgotarjan.hu\/index.php?rest_route=\/wp\/v2\/posts"}],"about":[{"href":"https:\/\/www.salgotarjan.hu\/index.php?rest_route=\/wp\/v2\/types\/post"}],"author":[{"embeddable":true,"href":"https:\/\/www.salgotarjan.hu\/index.php?rest_route=\/wp\/v2\/users\/7"}],"replies":[{"embeddable":true,"href":"https:\/\/www.salgotarjan.hu\/index.php?rest_route=%2Fwp%2Fv2%2Fcomments&post=9235"}],"version-history":[{"count":1,"href":"https:\/\/www.salgotarjan.hu\/index.php?rest_route=\/wp\/v2\/posts\/9235\/revisions"}],"predecessor-version":[{"id":9239,"href":"https:\/\/www.salgotarjan.hu\/index.php?rest_route=\/wp\/v2\/posts\/9235\/revisions\/9239"}],"wp:attachment":[{"href":"https:\/\/www.salgotarjan.hu\/index.php?rest_route=%2Fwp%2Fv2%2Fmedia&parent=9235"}],"wp:term":[{"taxonomy":"category","embeddable":true,"href":"https:\/\/www.salgotarjan.hu\/index.php?rest_route=%2Fwp%2Fv2%2Fcategories&post=9235"},{"taxonomy":"post_tag","embeddable":true,"href":"https:\/\/www.salgotarjan.hu\/index.php?rest_route=%2Fwp%2Fv2%2Ftags&post=9235"}],"curies":[{"name":"wp","href":"https:\/\/api.w.org\/{rel}","templated":true}]}}