{"id":9231,"date":"2019-03-26T15:28:47","date_gmt":"2019-03-26T14:28:47","guid":{"rendered":"https:\/\/www.salgotarjan.hu\/?p=9231"},"modified":"2019-04-21T12:02:10","modified_gmt":"2019-04-21T10:02:10","slug":"palyazati-felhivas-32","status":"publish","type":"post","link":"https:\/\/www.salgotarjan.hu\/?p=9231","title":{"rendered":"P\u00e1ly\u00e1zati felh\u00edv\u00e1s"},"content":{"rendered":"<p>Salg\u00f3tarj\u00e1n Megyei Jog\u00fa V\u00e1ros \u00d6nkorm\u00e1nyzata az orsz\u00e1gos versenyhelyezett di\u00e1kok \u00e9s felk\u00e9sz\u00edt\u0151 tan\u00e1raik r\u00e9sz\u00e9re adom\u00e1nyozhat\u00f3 elismer\u0151 c\u00edmek alap\u00edt\u00e1s\u00e1r\u00f3l \u00e9s adom\u00e1nyoz\u00e1s\u00e1nak rendj\u00e9r\u0151l sz\u00f3l\u00f3 37\/2009. (VI. 30.) \u00f6nkorm\u00e1nyzati rendelet\u00e9ben foglaltaknak megfelel\u0151en ki\u00edrja a &#8222;Salg\u00f3tarj\u00e1n v\u00e1ros ifj\u00fa tehets\u00e9ge\u201d, a &#8222;Salg\u00f3tarj\u00e1n v\u00e1ros ifj\u00fa m\u0171v\u00e9sztehets\u00e9ge\u201d, a<br \/>\n&#8222;Salg\u00f3tarj\u00e1n v\u00e1ros kiv\u00e1l\u00f3 ifj\u00fas\u00e1gi m\u0171v\u00e9szeti csoportja\u201d \u00e9s a &#8222;Salg\u00f3tarj\u00e1n v\u00e1ros kiv\u00e1l\u00f3 tehets\u00e9ggondoz\u00f3 pedag\u00f3gusa\u201d c\u00edmek elnyer\u00e9s\u00e9re sz\u00f3l\u00f3 p\u00e1ly\u00e1zat\u00e1t.<\/p>\n<p>A r\u00e9szletes p\u00e1ly\u00e1zati dokument\u00e1ci\u00f3 az \u00d6nkorm\u00e1nyzat-&gt;<a href=\"https:\/\/www.salgotarjan.hu\/?page_id=829\">P\u00e1ly\u00e1zatok<\/a> oldalon tal\u00e1lhat\u00f3.<\/p>\n","protected":false},"excerpt":{"rendered":"<p>Salg\u00f3tarj\u00e1n Megyei Jog\u00fa V\u00e1ros \u00d6nkorm\u00e1nyzata az orsz\u00e1gos versenyhelyezett di\u00e1kok \u00e9s felk\u00e9sz\u00edt\u0151 tan\u00e1raik r\u00e9sz\u00e9re adom\u00e1nyozhat\u00f3 elismer\u0151 c\u00edmek alap\u00edt\u00e1s\u00e1r\u00f3l \u00e9s adom\u00e1nyoz\u00e1s\u00e1nak rendj\u00e9r\u0151l sz\u00f3l\u00f3 37\/2009. (VI. 30.) \u00f6nkorm\u00e1nyzati rendelet\u00e9ben foglaltaknak megfelel\u0151en ki\u00edrja a &#8222;Salg\u00f3tarj\u00e1n v\u00e1ros ifj\u00fa tehets\u00e9ge\u201d, a &#8222;Salg\u00f3tarj\u00e1n v\u00e1ros ifj\u00fa m\u0171v\u00e9sztehets\u00e9ge\u201d, a &#8222;Salg\u00f3tarj\u00e1n v\u00e1ros kiv\u00e1l\u00f3 ifj\u00fas\u00e1gi m\u0171v\u00e9szeti csoportja\u201d \u00e9s a &#8222;Salg\u00f3tarj\u00e1n v\u00e1ros kiv\u00e1l\u00f3 tehets\u00e9ggondoz\u00f3 pedag\u00f3gusa\u201d c\u00edmek elnyer\u00e9s\u00e9re &#8230; <a title=\"P\u00e1ly\u00e1zati felh\u00edv\u00e1s\" class=\"read-more\" href=\"https:\/\/www.salgotarjan.hu\/?p=9231\" aria-label=\"Read more about P\u00e1ly\u00e1zati felh\u00edv\u00e1s\">Olvass tov\u00e1bb<\/a><\/p>\n","protected":false},"author":7,"featured_media":0,"comment_status":"closed","ping_status":"closed","sticky":false,"template":"","format":"standard","meta":{"footnotes":""},"categories":[1,10],"tags":[],"class_list":["post-9231","post","type-post","status-publish","format-standard","hentry","category-egyebek","category-hirek-aktualitasok"],"_links":{"self":[{"href":"https:\/\/www.salgotarjan.hu\/index.php?rest_route=\/wp\/v2\/posts\/9231","targetHints":{"allow":["GET"]}}],"collection":[{"href":"https:\/\/www.salgotarjan.hu\/index.php?rest_route=\/wp\/v2\/posts"}],"about":[{"href":"https:\/\/www.salgotarjan.hu\/index.php?rest_route=\/wp\/v2\/types\/post"}],"author":[{"embeddable":true,"href":"https:\/\/www.salgotarjan.hu\/index.php?rest_route=\/wp\/v2\/users\/7"}],"replies":[{"embeddable":true,"href":"https:\/\/www.salgotarjan.hu\/index.php?rest_route=%2Fwp%2Fv2%2Fcomments&post=9231"}],"version-history":[{"count":1,"href":"https:\/\/www.salgotarjan.hu\/index.php?rest_route=\/wp\/v2\/posts\/9231\/revisions"}],"predecessor-version":[{"id":9232,"href":"https:\/\/www.salgotarjan.hu\/index.php?rest_route=\/wp\/v2\/posts\/9231\/revisions\/9232"}],"wp:attachment":[{"href":"https:\/\/www.salgotarjan.hu\/index.php?rest_route=%2Fwp%2Fv2%2Fmedia&parent=9231"}],"wp:term":[{"taxonomy":"category","embeddable":true,"href":"https:\/\/www.salgotarjan.hu\/index.php?rest_route=%2Fwp%2Fv2%2Fcategories&post=9231"},{"taxonomy":"post_tag","embeddable":true,"href":"https:\/\/www.salgotarjan.hu\/index.php?rest_route=%2Fwp%2Fv2%2Ftags&post=9231"}],"curies":[{"name":"wp","href":"https:\/\/api.w.org\/{rel}","templated":true}]}}