{"id":9210,"date":"2019-03-20T15:00:02","date_gmt":"2019-03-20T14:00:02","guid":{"rendered":"https:\/\/www.salgotarjan.hu\/?p=9210"},"modified":"2019-04-21T12:02:11","modified_gmt":"2019-04-21T10:02:11","slug":"bach-mindenkinek-fesztival","status":"publish","type":"post","link":"https:\/\/www.salgotarjan.hu\/?p=9210","title":{"rendered":"Bach Mindenkinek Fesztiv\u00e1l (3\/24)"},"content":{"rendered":"<p>Bach sz\u00fclet\u00e9snapja k\u00f6r\u00fcl a vil\u00e1g sok v\u00e1ros\u00e1ban, k\u00fcl\u00f6nb\u00f6z\u0151 helysz\u00edneken hangzanak fel a barokk mester dallamai. Salg\u00f3tarj\u00e1n, id\u00e9n el\u0151sz\u00f6r lehet helysz\u00edne ennek a nemzetk\u00f6zi \u00e9s orsz\u00e1gos fesztiv\u00e1lnak. A v\u00e1ros \u00f6sszes feln\u0151tt k\u00f3rusa, a Dor\u00e1ti Kamarazenekar, Mat\u00faz Csilla orgonam\u0171v\u00e9sz ad majd koncertet a reform\u00e1tus templomban.<\/p>\n<p><!--more--><\/p>\n<p>A bel\u00e9p\u00e9s ingyenes, de adom\u00e1nyokat elfogadnak a magyarorsz\u00e1gi Fesztiv\u00e1l szervez\u0151i, a Bethesda K\u00f3rh\u00e1z Gyermekoszt\u00e1lya sz\u00e1m\u00e1ra, egy l\u00e9legeztet\u0151 k\u00e9sz\u00fcl\u00e9kre gy\u0171jtenek az eg\u00e9sz orsz\u00e1gban.<\/p>\n<p>A Bach Mindenkinek Fesztiv\u00e1l keret\u00e9n bel\u00fcl, az orsz\u00e1g 33 telep\u00fcl\u00e9s\u00e9n, k\u00f6zel \u00f6tsz\u00e1z koncertet hallhatnak a vend\u00e9gek. Salg\u00f3tarj\u00e1nban k\u00f6zrem\u0171k\u00f6dik a Dor\u00e1ti Kamarazenekar, Simon Katalin szopr\u00e1n, Mat\u00faz Csilla orgonam\u0171v\u00e9sz, a Cantabile Kamarak\u00f3rus, a Cantate Domino K\u00f3rus, a Liszt Ferenc Kamarak\u00f3rus, a Salg\u00f3tarj\u00e1ni Pedag\u00f3gus K\u00f3rus, a Reform\u00e1tus Egyh\u00e1zk\u00f6zs\u00e9g Szenczi-Moln\u00e1r Albert K\u00f3rusa, a B\u00e1ny\u00e1sz-Koh\u00e1sz Dalk\u00f6r. A k\u00f6zrem\u0171k\u00f6d\u0151 k\u00f3rusok \u00f6n\u00e1ll\u00f3 m\u0171sort is adnak, az \u00f6sszkart vez\u00e9nyli, G\u00fathy \u00c9va karnagy.<\/p>\n<p>Tov\u00e1bbi r\u00e9szletek az esem\u00e9ny Facebook oldal\u00e1n:<br \/>\n<a href=\"https:\/\/www.facebook.com\/events\/349990058948337\/\" target=\"_blank\" rel=\"noopener noreferrer\">https:\/\/www.facebook.com\/events\/349990058948337\/<\/a><\/p>\n","protected":false},"excerpt":{"rendered":"<p>Bach sz\u00fclet\u00e9snapja k\u00f6r\u00fcl a vil\u00e1g sok v\u00e1ros\u00e1ban, k\u00fcl\u00f6nb\u00f6z\u0151 helysz\u00edneken hangzanak fel a barokk mester dallamai. Salg\u00f3tarj\u00e1n, id\u00e9n el\u0151sz\u00f6r lehet helysz\u00edne ennek a nemzetk\u00f6zi \u00e9s orsz\u00e1gos fesztiv\u00e1lnak. A v\u00e1ros \u00f6sszes feln\u0151tt k\u00f3rusa, a Dor\u00e1ti Kamarazenekar, Mat\u00faz Csilla orgonam\u0171v\u00e9sz ad majd koncertet a reform\u00e1tus templomban.<\/p>\n","protected":false},"author":7,"featured_media":0,"comment_status":"closed","ping_status":"closed","sticky":false,"template":"","format":"standard","meta":{"footnotes":""},"categories":[1,10],"tags":[],"class_list":["post-9210","post","type-post","status-publish","format-standard","hentry","category-egyebek","category-hirek-aktualitasok"],"_links":{"self":[{"href":"https:\/\/www.salgotarjan.hu\/index.php?rest_route=\/wp\/v2\/posts\/9210","targetHints":{"allow":["GET"]}}],"collection":[{"href":"https:\/\/www.salgotarjan.hu\/index.php?rest_route=\/wp\/v2\/posts"}],"about":[{"href":"https:\/\/www.salgotarjan.hu\/index.php?rest_route=\/wp\/v2\/types\/post"}],"author":[{"embeddable":true,"href":"https:\/\/www.salgotarjan.hu\/index.php?rest_route=\/wp\/v2\/users\/7"}],"replies":[{"embeddable":true,"href":"https:\/\/www.salgotarjan.hu\/index.php?rest_route=%2Fwp%2Fv2%2Fcomments&post=9210"}],"version-history":[{"count":1,"href":"https:\/\/www.salgotarjan.hu\/index.php?rest_route=\/wp\/v2\/posts\/9210\/revisions"}],"predecessor-version":[{"id":9214,"href":"https:\/\/www.salgotarjan.hu\/index.php?rest_route=\/wp\/v2\/posts\/9210\/revisions\/9214"}],"wp:attachment":[{"href":"https:\/\/www.salgotarjan.hu\/index.php?rest_route=%2Fwp%2Fv2%2Fmedia&parent=9210"}],"wp:term":[{"taxonomy":"category","embeddable":true,"href":"https:\/\/www.salgotarjan.hu\/index.php?rest_route=%2Fwp%2Fv2%2Fcategories&post=9210"},{"taxonomy":"post_tag","embeddable":true,"href":"https:\/\/www.salgotarjan.hu\/index.php?rest_route=%2Fwp%2Fv2%2Ftags&post=9210"}],"curies":[{"name":"wp","href":"https:\/\/api.w.org\/{rel}","templated":true}]}}