{"id":9205,"date":"2019-03-19T11:00:29","date_gmt":"2019-03-19T10:00:29","guid":{"rendered":"https:\/\/www.salgotarjan.hu\/?p=9205"},"modified":"2019-04-21T12:02:24","modified_gmt":"2019-04-21T10:02:24","slug":"cac-nemzeti-kutyakiallitas-salgotarjanban","status":"publish","type":"post","link":"https:\/\/www.salgotarjan.hu\/?p=9205","title":{"rendered":"CAC Nemzeti Kutyaki\u00e1ll\u00edt\u00e1s Salg\u00f3tarj\u00e1nban (3\/24)"},"content":{"rendered":"<p>A 2019-es esztend\u0151 els\u0151 mindenfajt\u00e1s CAC nemzeti kutyaki\u00e1ll\u00edt\u00e1s\u00e1nak rendez\u00e9si jog\u00e1t az Ebteny\u00e9szt\u0151k N\u00f3gr\u00e1d Megyei Egyes\u00fclete nyerte el a MEOE Sz\u00f6vets\u00e9g\u00e9t\u0151l. A nemzeti CAC ki\u00e1ll\u00edt\u00e1s 2019. m\u00e1rcius 24.-\u00e9n ker\u00fcl megrendez\u00e9sre Salg\u00f3tarj\u00e1nban, hagyom\u00e1nyosan a T\u00f3-strand ter\u00fclet\u00e9n.<\/p>\n<p><!--more--><\/p>\n<p>R\u00e9szletek a szervez\u0151k weboldal\u00e1n:<br \/>\n<a href=\"https:\/\/kutya-portal.hu\/cac-nemzeti-kutyakiallitas-salgotarjan-2019-marcius-24\/\" target=\"_blank\" rel=\"noopener noreferrer\">https:\/\/kutya-portal.hu\/cac-nemzeti-kutyakiallitas-salgotarjan-2019-marcius-24\/<\/a><\/p>\n<p>\u00c9s az esem\u00e9ny Facebook oldal\u00e1n:<br \/>\n<a href=\"https:\/\/www.facebook.com\/events\/2266702900264244\/\" target=\"_blank\" rel=\"noopener noreferrer\">https:\/\/www.facebook.com\/events\/2266702900264244\/<\/a><\/p>\n","protected":false},"excerpt":{"rendered":"<p>A 2019-es esztend\u0151 els\u0151 mindenfajt\u00e1s CAC nemzeti kutyaki\u00e1ll\u00edt\u00e1s\u00e1nak rendez\u00e9si jog\u00e1t az Ebteny\u00e9szt\u0151k N\u00f3gr\u00e1d Megyei Egyes\u00fclete nyerte el a MEOE Sz\u00f6vets\u00e9g\u00e9t\u0151l. A nemzeti CAC ki\u00e1ll\u00edt\u00e1s 2019. m\u00e1rcius 24.-\u00e9n ker\u00fcl megrendez\u00e9sre Salg\u00f3tarj\u00e1nban, hagyom\u00e1nyosan a T\u00f3-strand ter\u00fclet\u00e9n.<\/p>\n","protected":false},"author":7,"featured_media":0,"comment_status":"closed","ping_status":"closed","sticky":false,"template":"","format":"standard","meta":{"footnotes":""},"categories":[1,10],"tags":[],"class_list":["post-9205","post","type-post","status-publish","format-standard","hentry","category-egyebek","category-hirek-aktualitasok"],"_links":{"self":[{"href":"https:\/\/www.salgotarjan.hu\/index.php?rest_route=\/wp\/v2\/posts\/9205","targetHints":{"allow":["GET"]}}],"collection":[{"href":"https:\/\/www.salgotarjan.hu\/index.php?rest_route=\/wp\/v2\/posts"}],"about":[{"href":"https:\/\/www.salgotarjan.hu\/index.php?rest_route=\/wp\/v2\/types\/post"}],"author":[{"embeddable":true,"href":"https:\/\/www.salgotarjan.hu\/index.php?rest_route=\/wp\/v2\/users\/7"}],"replies":[{"embeddable":true,"href":"https:\/\/www.salgotarjan.hu\/index.php?rest_route=%2Fwp%2Fv2%2Fcomments&post=9205"}],"version-history":[{"count":1,"href":"https:\/\/www.salgotarjan.hu\/index.php?rest_route=\/wp\/v2\/posts\/9205\/revisions"}],"predecessor-version":[{"id":9208,"href":"https:\/\/www.salgotarjan.hu\/index.php?rest_route=\/wp\/v2\/posts\/9205\/revisions\/9208"}],"wp:attachment":[{"href":"https:\/\/www.salgotarjan.hu\/index.php?rest_route=%2Fwp%2Fv2%2Fmedia&parent=9205"}],"wp:term":[{"taxonomy":"category","embeddable":true,"href":"https:\/\/www.salgotarjan.hu\/index.php?rest_route=%2Fwp%2Fv2%2Fcategories&post=9205"},{"taxonomy":"post_tag","embeddable":true,"href":"https:\/\/www.salgotarjan.hu\/index.php?rest_route=%2Fwp%2Fv2%2Ftags&post=9205"}],"curies":[{"name":"wp","href":"https:\/\/api.w.org\/{rel}","templated":true}]}}