{"id":9202,"date":"2019-03-19T11:34:08","date_gmt":"2019-03-19T10:34:08","guid":{"rendered":"https:\/\/www.salgotarjan.hu\/?p=9202"},"modified":"2019-04-21T12:02:11","modified_gmt":"2019-04-21T10:02:11","slug":"te-szedd","status":"publish","type":"post","link":"https:\/\/www.salgotarjan.hu\/?p=9202","title":{"rendered":"Te szedd!"},"content":{"rendered":"<p>A TeSzedd! \u2013 \u00d6nk\u00e9ntesen a tiszta Magyarorsz\u00e1g\u00e9rt akci\u00f3 ma haz\u00e1nk legnagyobb \u00f6nk\u00e9ntes mozgalma. Id\u00e9n imm\u00e1r nyolcadik alkalommal val\u00f3sul meg. A szem\u00e9tgy\u0171jt\u00e9si akci\u00f3 keret\u00e9ben szerte az orsz\u00e1gban \u201enagytakar\u00edtanak\u201d a TeSzedd! \u00f6nk\u00e9ntesei.<\/p>\n<p>Az akci\u00f3 salg\u00f3tarj\u00e1ni helysz\u00ednei \u00e9s id\u0151pontjai megtal\u00e1lhat\u00f3k az al\u00e1bbi weboldalon:<br \/>\n<a href=\"http:\/\/szelektalok.hu\/teszedd\/#hol-szedjem\" target=\"_blank\" rel=\"noopener noreferrer\">szelektalok.hu\/teszedd\/#hol-szedjem<\/a><\/p>\n","protected":false},"excerpt":{"rendered":"<p>A TeSzedd! \u2013 \u00d6nk\u00e9ntesen a tiszta Magyarorsz\u00e1g\u00e9rt akci\u00f3 ma haz\u00e1nk legnagyobb \u00f6nk\u00e9ntes mozgalma. Id\u00e9n imm\u00e1r nyolcadik alkalommal val\u00f3sul meg. A szem\u00e9tgy\u0171jt\u00e9si akci\u00f3 keret\u00e9ben szerte az orsz\u00e1gban \u201enagytakar\u00edtanak\u201d a TeSzedd! \u00f6nk\u00e9ntesei. Az akci\u00f3 salg\u00f3tarj\u00e1ni helysz\u00ednei \u00e9s id\u0151pontjai megtal\u00e1lhat\u00f3k az al\u00e1bbi weboldalon: szelektalok.hu\/teszedd\/#hol-szedjem<\/p>\n","protected":false},"author":7,"featured_media":0,"comment_status":"closed","ping_status":"closed","sticky":false,"template":"","format":"standard","meta":{"footnotes":""},"categories":[1,10],"tags":[],"class_list":["post-9202","post","type-post","status-publish","format-standard","hentry","category-egyebek","category-hirek-aktualitasok"],"_links":{"self":[{"href":"https:\/\/www.salgotarjan.hu\/index.php?rest_route=\/wp\/v2\/posts\/9202","targetHints":{"allow":["GET"]}}],"collection":[{"href":"https:\/\/www.salgotarjan.hu\/index.php?rest_route=\/wp\/v2\/posts"}],"about":[{"href":"https:\/\/www.salgotarjan.hu\/index.php?rest_route=\/wp\/v2\/types\/post"}],"author":[{"embeddable":true,"href":"https:\/\/www.salgotarjan.hu\/index.php?rest_route=\/wp\/v2\/users\/7"}],"replies":[{"embeddable":true,"href":"https:\/\/www.salgotarjan.hu\/index.php?rest_route=%2Fwp%2Fv2%2Fcomments&post=9202"}],"version-history":[{"count":1,"href":"https:\/\/www.salgotarjan.hu\/index.php?rest_route=\/wp\/v2\/posts\/9202\/revisions"}],"predecessor-version":[{"id":9204,"href":"https:\/\/www.salgotarjan.hu\/index.php?rest_route=\/wp\/v2\/posts\/9202\/revisions\/9204"}],"wp:attachment":[{"href":"https:\/\/www.salgotarjan.hu\/index.php?rest_route=%2Fwp%2Fv2%2Fmedia&parent=9202"}],"wp:term":[{"taxonomy":"category","embeddable":true,"href":"https:\/\/www.salgotarjan.hu\/index.php?rest_route=%2Fwp%2Fv2%2Fcategories&post=9202"},{"taxonomy":"post_tag","embeddable":true,"href":"https:\/\/www.salgotarjan.hu\/index.php?rest_route=%2Fwp%2Fv2%2Ftags&post=9202"}],"curies":[{"name":"wp","href":"https:\/\/api.w.org\/{rel}","templated":true}]}}