{"id":8796,"date":"2018-12-03T16:51:44","date_gmt":"2018-12-03T15:51:44","guid":{"rendered":"https:\/\/www.salgotarjan.hu\/?p=8796"},"modified":"2019-04-21T12:03:06","modified_gmt":"2019-04-21T10:03:06","slug":"sajtokozlemeny-7","status":"publish","type":"post","link":"https:\/\/www.salgotarjan.hu\/?p=8796","title":{"rendered":"Sajt\u00f3k\u00f6zlem\u00e9ny"},"content":{"rendered":"<p><img loading=\"lazy\" decoding=\"async\" src=\"https:\/\/www.salgotarjan.hu\/wp-content\/uploads\/20181203_sajtokozlemeny.jpg\" alt=\"\" width=\"480\" height=\"320\" class=\"alignnone size-full wp-image-8797\" srcset=\"https:\/\/www.salgotarjan.hu\/wp-content\/uploads\/20181203_sajtokozlemeny.jpg 480w, https:\/\/www.salgotarjan.hu\/wp-content\/uploads\/20181203_sajtokozlemeny-300x200.jpg 300w\" sizes=\"auto, (max-width: 480px) 100vw, 480px\" \/><\/p>\n<p>2018. december 1-t\u0151l m\u00e1r az \u00fajonnan \u00e1tadott Salg\u00f3tarj\u00e1n, \u00datt\u00f6r\u0151k \u00fat 17-19-ben m\u0171k\u00f6dik a 7. sz\u00e1m\u00fa fog\u00e1szati k\u00f6rzet, a fogorvosi \u00fcgyelet, a 4. sz\u00e1m\u00fa gyermekorvosi k\u00f6rzet \u00e9s a 9. sz\u00e1m\u00fa v\u00e9d\u0151n\u0151i ell\u00e1t\u00e1s. Ezen eg\u00e9szs\u00e9g\u00fcgyi alapell\u00e1t\u00e1sok meg\u00faj\u00edt\u00e1s\u00e1ra az Eg\u00e9szs\u00e9g\u00fcgyi alapell\u00e1t\u00e1s infrastruktur\u00e1lis fejleszt\u00e9se c\u00edm\u0171 p\u00e1ly\u00e1zati ki\u00edr\u00e1s keret\u00e9ben megval\u00f3sul\u00f3, TOP-6.6.1-15-ST1-2016-00001 projekt j\u00f3volt\u00e1b\u00f3l, a Sz\u00e9chenyi 2020 programon bel\u00fcl ny\u00edlt lehet\u0151s\u00e9g. A 91,2 milli\u00f3 forint eur\u00f3pai uni\u00f3s t\u00e1mogat\u00e1s seg\u00edts\u00e9g\u00e9vel megval\u00f3sult fejleszt\u00e9s keret\u00e9ben egy kor\u00e1bban funkci\u00f3 n\u00e9lk\u00fcli,<br \/>\n\u00f6nkorm\u00e1nyzati tulajdon\u00fa ingatlanban ker\u00fclt kialak\u00edt\u00e1sra a n\u00e9gy ell\u00e1t\u00e1st befogadni k\u00e9pest egys\u00e9g.<\/p>\n<p>A projekt sajt\u00f3k\u00f6zlem\u00e9ny\u00e9nek megtekint\u00e9s\u00e9hez <a href=\"https:\/\/www.salgotarjan.hu\/wp-content\/uploads\/20181203_sajtokozlemeny.pdf\">kattintson ide<\/a> (pdf).<\/p>\n<p>Tov\u00e1bbi inform\u00e1ci\u00f3k a <a href=\"https:\/\/www.salgotarjan.hu\/apps\/projekt_adatlapok\/top-6-6-1-15-st1-2016-00001\/\" rel=\"noopener noreferrer\" target=\"_blank\">projekt adatlapj\u00e1n<\/a>.<\/p>\n","protected":false},"excerpt":{"rendered":"<p>2018. december 1-t\u0151l m\u00e1r az \u00fajonnan \u00e1tadott Salg\u00f3tarj\u00e1n, \u00datt\u00f6r\u0151k \u00fat 17-19-ben m\u0171k\u00f6dik a 7. sz\u00e1m\u00fa fog\u00e1szati k\u00f6rzet, a fogorvosi \u00fcgyelet, a 4. sz\u00e1m\u00fa gyermekorvosi k\u00f6rzet \u00e9s a 9. sz\u00e1m\u00fa v\u00e9d\u0151n\u0151i ell\u00e1t\u00e1s. Ezen eg\u00e9szs\u00e9g\u00fcgyi alapell\u00e1t\u00e1sok meg\u00faj\u00edt\u00e1s\u00e1ra az Eg\u00e9szs\u00e9g\u00fcgyi alapell\u00e1t\u00e1s infrastruktur\u00e1lis fejleszt\u00e9se c\u00edm\u0171 p\u00e1ly\u00e1zati ki\u00edr\u00e1s keret\u00e9ben megval\u00f3sul\u00f3, TOP-6.6.1-15-ST1-2016-00001 projekt j\u00f3volt\u00e1b\u00f3l, a Sz\u00e9chenyi 2020 programon bel\u00fcl ny\u00edlt lehet\u0151s\u00e9g. &#8230; <a title=\"Sajt\u00f3k\u00f6zlem\u00e9ny\" class=\"read-more\" href=\"https:\/\/www.salgotarjan.hu\/?p=8796\" aria-label=\"Read more about Sajt\u00f3k\u00f6zlem\u00e9ny\">Olvass tov\u00e1bb<\/a><\/p>\n","protected":false},"author":7,"featured_media":0,"comment_status":"closed","ping_status":"closed","sticky":false,"template":"","format":"standard","meta":{"footnotes":""},"categories":[1,10],"tags":[],"class_list":["post-8796","post","type-post","status-publish","format-standard","hentry","category-egyebek","category-hirek-aktualitasok"],"_links":{"self":[{"href":"https:\/\/www.salgotarjan.hu\/index.php?rest_route=\/wp\/v2\/posts\/8796","targetHints":{"allow":["GET"]}}],"collection":[{"href":"https:\/\/www.salgotarjan.hu\/index.php?rest_route=\/wp\/v2\/posts"}],"about":[{"href":"https:\/\/www.salgotarjan.hu\/index.php?rest_route=\/wp\/v2\/types\/post"}],"author":[{"embeddable":true,"href":"https:\/\/www.salgotarjan.hu\/index.php?rest_route=\/wp\/v2\/users\/7"}],"replies":[{"embeddable":true,"href":"https:\/\/www.salgotarjan.hu\/index.php?rest_route=%2Fwp%2Fv2%2Fcomments&post=8796"}],"version-history":[{"count":1,"href":"https:\/\/www.salgotarjan.hu\/index.php?rest_route=\/wp\/v2\/posts\/8796\/revisions"}],"predecessor-version":[{"id":9342,"href":"https:\/\/www.salgotarjan.hu\/index.php?rest_route=\/wp\/v2\/posts\/8796\/revisions\/9342"}],"wp:attachment":[{"href":"https:\/\/www.salgotarjan.hu\/index.php?rest_route=%2Fwp%2Fv2%2Fmedia&parent=8796"}],"wp:term":[{"taxonomy":"category","embeddable":true,"href":"https:\/\/www.salgotarjan.hu\/index.php?rest_route=%2Fwp%2Fv2%2Fcategories&post=8796"},{"taxonomy":"post_tag","embeddable":true,"href":"https:\/\/www.salgotarjan.hu\/index.php?rest_route=%2Fwp%2Fv2%2Ftags&post=8796"}],"curies":[{"name":"wp","href":"https:\/\/api.w.org\/{rel}","templated":true}]}}