{"id":8750,"date":"2018-11-29T22:35:56","date_gmt":"2018-11-29T21:35:56","guid":{"rendered":"https:\/\/www.salgotarjan.hu\/?p=8750"},"modified":"2019-04-21T12:03:06","modified_gmt":"2019-04-21T10:03:06","slug":"hirdetmeny-5","status":"publish","type":"post","link":"https:\/\/www.salgotarjan.hu\/?p=8750","title":{"rendered":"Hirdetm\u00e9ny"},"content":{"rendered":"<p>Salg\u00f3tarj\u00e1n Megyei Jog\u00fa V\u00e1ros \u00d6nkorm\u00e1nyzata az al\u00e1bbi t\u00e9m\u00e1kat, rendelet-tervezeteket bocs\u00e1jtja sz\u00e9les k\u00f6r\u0171 t\u00e1rsadalmi egyeztet\u00e9sre.<br \/>\nA R\u00f3nai \u00fat 11. helyi \u00e9p\u00edt\u00e9szeti v\u00e9delem al\u00e1 helyez\u00e9se \u00e9s a telep\u00fcl\u00e9sk\u00e9pi rendelet tervezett m\u00f3dos\u00edt\u00e1sa a k\u00f6zter\u00fcleti rekl\u00e1moz\u00e1st \u00e9rint\u0151en.<br \/>\nA t\u00e1rsadalmi egyeztet\u00e9s befejez\u00e9si d\u00e1tuma: 2018.12.10.<\/p>\n<p>A kapcsol\u00f3d\u00f3 dokumentum let\u00f6lthet\u0151 az<br \/>\n\u00d6nkorm\u00e1nyzat-><a href=\"https:\/\/www.salgotarjan.hu\/?page_id=2584\">T\u00e1rsadalmi egyeztet\u00e9s<\/a> oldalr\u00f3l.<\/p>\n<p><strong>Angyaln\u00e9 Wilwerger J\u00f3zsa<\/strong><br \/>\nf\u0151\u00e9p\u00edt\u00e9sz<\/p>\n","protected":false},"excerpt":{"rendered":"<p>Salg\u00f3tarj\u00e1n Megyei Jog\u00fa V\u00e1ros \u00d6nkorm\u00e1nyzata az al\u00e1bbi t\u00e9m\u00e1kat, rendelet-tervezeteket bocs\u00e1jtja sz\u00e9les k\u00f6r\u0171 t\u00e1rsadalmi egyeztet\u00e9sre. A R\u00f3nai \u00fat 11. helyi \u00e9p\u00edt\u00e9szeti v\u00e9delem al\u00e1 helyez\u00e9se \u00e9s a telep\u00fcl\u00e9sk\u00e9pi rendelet tervezett m\u00f3dos\u00edt\u00e1sa a k\u00f6zter\u00fcleti rekl\u00e1moz\u00e1st \u00e9rint\u0151en. A t\u00e1rsadalmi egyeztet\u00e9s befejez\u00e9si d\u00e1tuma: 2018.12.10. A kapcsol\u00f3d\u00f3 dokumentum let\u00f6lthet\u0151 az \u00d6nkorm\u00e1nyzat->T\u00e1rsadalmi egyeztet\u00e9s oldalr\u00f3l. Angyaln\u00e9 Wilwerger J\u00f3zsa f\u0151\u00e9p\u00edt\u00e9sz<\/p>\n","protected":false},"author":7,"featured_media":0,"comment_status":"closed","ping_status":"closed","sticky":false,"template":"","format":"standard","meta":{"footnotes":""},"categories":[1,10],"tags":[],"class_list":["post-8750","post","type-post","status-publish","format-standard","hentry","category-egyebek","category-hirek-aktualitasok"],"_links":{"self":[{"href":"https:\/\/www.salgotarjan.hu\/index.php?rest_route=\/wp\/v2\/posts\/8750","targetHints":{"allow":["GET"]}}],"collection":[{"href":"https:\/\/www.salgotarjan.hu\/index.php?rest_route=\/wp\/v2\/posts"}],"about":[{"href":"https:\/\/www.salgotarjan.hu\/index.php?rest_route=\/wp\/v2\/types\/post"}],"author":[{"embeddable":true,"href":"https:\/\/www.salgotarjan.hu\/index.php?rest_route=\/wp\/v2\/users\/7"}],"replies":[{"embeddable":true,"href":"https:\/\/www.salgotarjan.hu\/index.php?rest_route=%2Fwp%2Fv2%2Fcomments&post=8750"}],"version-history":[{"count":1,"href":"https:\/\/www.salgotarjan.hu\/index.php?rest_route=\/wp\/v2\/posts\/8750\/revisions"}],"predecessor-version":[{"id":8752,"href":"https:\/\/www.salgotarjan.hu\/index.php?rest_route=\/wp\/v2\/posts\/8750\/revisions\/8752"}],"wp:attachment":[{"href":"https:\/\/www.salgotarjan.hu\/index.php?rest_route=%2Fwp%2Fv2%2Fmedia&parent=8750"}],"wp:term":[{"taxonomy":"category","embeddable":true,"href":"https:\/\/www.salgotarjan.hu\/index.php?rest_route=%2Fwp%2Fv2%2Fcategories&post=8750"},{"taxonomy":"post_tag","embeddable":true,"href":"https:\/\/www.salgotarjan.hu\/index.php?rest_route=%2Fwp%2Fv2%2Ftags&post=8750"}],"curies":[{"name":"wp","href":"https:\/\/api.w.org\/{rel}","templated":true}]}}