{"id":8066,"date":"2018-06-08T16:52:30","date_gmt":"2018-06-08T14:52:30","guid":{"rendered":"https:\/\/www.salgotarjan.hu\/?p=8066"},"modified":"2019-04-21T12:04:50","modified_gmt":"2019-04-21T10:04:50","slug":"emlekezes-a-holokauszt-salgotarjani-aldozataira-3","status":"publish","type":"post","link":"https:\/\/www.salgotarjan.hu\/?p=8066","title":{"rendered":"Eml\u00e9kez\u00e9s a Holokauszt salg\u00f3tarj\u00e1ni \u00e1ldozataira"},"content":{"rendered":"<p><img loading=\"lazy\" decoding=\"async\" src=\"https:\/\/www.salgotarjan.hu\/wp-content\/uploads\/20180608_holokauszt.jpg\" alt=\"\" width=\"480\" height=\"354\" class=\"alignnone size-full wp-image-8067\" srcset=\"https:\/\/www.salgotarjan.hu\/wp-content\/uploads\/20180608_holokauszt.jpg 480w, https:\/\/www.salgotarjan.hu\/wp-content\/uploads\/20180608_holokauszt-300x221.jpg 300w\" sizes=\"auto, (max-width: 480px) 100vw, 480px\" \/><\/p>\n<p>A holokauszt salg\u00f3tarj\u00e1ni \u00e1ldozatainak tisztelet\u00e9re tartottak megeml\u00e9kez\u00e9st ma d\u00e9lel\u0151tt Salg\u00f3tarj\u00e1nban. V\u00e1rosunk tiszts\u00e9gvisel\u0151i \u00e9s polg\u00e1rai k\u00f6z\u00f6sen hajtottak fejet \u00e9s helyezt\u00e9k el az eml\u00e9kez\u00e9s vir\u00e1gait a F\u0151posta fal\u00e1n l\u00e9v\u0151 eml\u00e9kt\u00e1bl\u00e1n\u00e1l.<\/p>\n<p>D\u00e1niel Zolt\u00e1n alpolg\u00e1rmester mondott besz\u00e9det, amelyben az eml\u00e9kez\u00e9s, az embert\u00e1rsaink ir\u00e1nti felel\u0151ss\u00e9g \u00e9s az emberi m\u00e9lt\u00f3s\u00e1g minden k\u00f6r\u00fclm\u00e9nyek k\u00f6z\u00f6tti meg\u0151rz\u00e9s\u00e9nek fontoss\u00e1g\u00e1r\u00f3l sz\u00f3lt.<\/p>\n<p><em>&#8222;A holokausztra val\u00f3 eml\u00e9kez\u00e9s, a felel\u0151ss\u00e9g\u00e9rzet kialak\u00edt\u00e1sa kiker\u00fclhetetlen erk\u00f6lcsi k\u00f6vetelm\u00e9ny \u00f6nmagunkkal \u00e9s minden olyan embert\u00e1rsunkkal szemben, akit el\u00e9rt vagy fenyeget b\u00e1rmely hasonl\u00f3 trag\u00e9dia. Ugyanakkor nemcsak mor\u00e1lis feladat, de t\u00e1rsadalomfejl\u0151d\u00e9s\u00fcnk nagy leck\u00e9je is, hiszen csak felel\u0151s polg\u00e1rok alkothatnak er\u0151s \u00e9s \u00f6nbizalommal rendelkez\u0151 nemzetet. Amikor ma k\u00f6z\u00f6sen fejet hajtunk a holokauszt salg\u00f3tarj\u00e1ni \u00e1ldozatainak eml\u00e9ke el\u0151tt, akkor hitet tesz\u00fcnk amellett, hogy az emberi \u00e9lethez \u00e9s m\u00e9lt\u00f3s\u00e1ghoz val\u00f3 jog minden embert megillet, \u00e9s ehhez mi, minden k\u00f6r\u00fclm\u00e9nyek k\u00f6z\u00f6tt ragaszkodunk&#8221;<\/em> &#8211; mondta besz\u00e9d\u00e9ben D\u00e1niel Zolt\u00e1n.<\/p>\n<p>A megeml\u00e9kez\u00e9sen k\u00f6zrem\u0171k\u00f6d\u00f6tt T\u00f3th Tibor heged\u0171m\u0171v\u00e9sz \u00e9s Szekeres Andrea, a Mad\u00e1ch Gimn\u00e1zium tanul\u00f3ja.<\/p>\n","protected":false},"excerpt":{"rendered":"<p>A holokauszt salg\u00f3tarj\u00e1ni \u00e1ldozatainak tisztelet\u00e9re tartottak megeml\u00e9kez\u00e9st ma d\u00e9lel\u0151tt Salg\u00f3tarj\u00e1nban. V\u00e1rosunk tiszts\u00e9gvisel\u0151i \u00e9s polg\u00e1rai k\u00f6z\u00f6sen hajtottak fejet \u00e9s helyezt\u00e9k el az eml\u00e9kez\u00e9s vir\u00e1gait a F\u0151posta fal\u00e1n l\u00e9v\u0151 eml\u00e9kt\u00e1bl\u00e1n\u00e1l. D\u00e1niel Zolt\u00e1n alpolg\u00e1rmester mondott besz\u00e9det, amelyben az eml\u00e9kez\u00e9s, az embert\u00e1rsaink ir\u00e1nti felel\u0151ss\u00e9g \u00e9s az emberi m\u00e9lt\u00f3s\u00e1g minden k\u00f6r\u00fclm\u00e9nyek k\u00f6z\u00f6tti meg\u0151rz\u00e9s\u00e9nek fontoss\u00e1g\u00e1r\u00f3l sz\u00f3lt. &#8222;A holokausztra val\u00f3 eml\u00e9kez\u00e9s, a &#8230; <a title=\"Eml\u00e9kez\u00e9s a Holokauszt salg\u00f3tarj\u00e1ni \u00e1ldozataira\" class=\"read-more\" href=\"https:\/\/www.salgotarjan.hu\/?p=8066\" aria-label=\"Read more about Eml\u00e9kez\u00e9s a Holokauszt salg\u00f3tarj\u00e1ni \u00e1ldozataira\">Olvass tov\u00e1bb<\/a><\/p>\n","protected":false},"author":7,"featured_media":0,"comment_status":"closed","ping_status":"closed","sticky":false,"template":"","format":"standard","meta":{"footnotes":""},"categories":[1,10],"tags":[],"class_list":["post-8066","post","type-post","status-publish","format-standard","hentry","category-egyebek","category-hirek-aktualitasok"],"_links":{"self":[{"href":"https:\/\/www.salgotarjan.hu\/index.php?rest_route=\/wp\/v2\/posts\/8066","targetHints":{"allow":["GET"]}}],"collection":[{"href":"https:\/\/www.salgotarjan.hu\/index.php?rest_route=\/wp\/v2\/posts"}],"about":[{"href":"https:\/\/www.salgotarjan.hu\/index.php?rest_route=\/wp\/v2\/types\/post"}],"author":[{"embeddable":true,"href":"https:\/\/www.salgotarjan.hu\/index.php?rest_route=\/wp\/v2\/users\/7"}],"replies":[{"embeddable":true,"href":"https:\/\/www.salgotarjan.hu\/index.php?rest_route=%2Fwp%2Fv2%2Fcomments&post=8066"}],"version-history":[{"count":1,"href":"https:\/\/www.salgotarjan.hu\/index.php?rest_route=\/wp\/v2\/posts\/8066\/revisions"}],"predecessor-version":[{"id":8068,"href":"https:\/\/www.salgotarjan.hu\/index.php?rest_route=\/wp\/v2\/posts\/8066\/revisions\/8068"}],"wp:attachment":[{"href":"https:\/\/www.salgotarjan.hu\/index.php?rest_route=%2Fwp%2Fv2%2Fmedia&parent=8066"}],"wp:term":[{"taxonomy":"category","embeddable":true,"href":"https:\/\/www.salgotarjan.hu\/index.php?rest_route=%2Fwp%2Fv2%2Fcategories&post=8066"},{"taxonomy":"post_tag","embeddable":true,"href":"https:\/\/www.salgotarjan.hu\/index.php?rest_route=%2Fwp%2Fv2%2Ftags&post=8066"}],"curies":[{"name":"wp","href":"https:\/\/api.w.org\/{rel}","templated":true}]}}