{"id":7997,"date":"2018-05-29T17:01:24","date_gmt":"2018-05-29T15:01:24","guid":{"rendered":"https:\/\/www.salgotarjan.hu\/?p=7997"},"modified":"2019-04-21T12:04:51","modified_gmt":"2019-04-21T10:04:51","slug":"olympus-medvesi-fotos-maraton-2","status":"publish","type":"post","link":"https:\/\/www.salgotarjan.hu\/?p=7997","title":{"rendered":"OLYMPUS Medvesi Fot\u00f3s Maraton"},"content":{"rendered":"<p><img loading=\"lazy\" decoding=\"async\" src=\"https:\/\/www.salgotarjan.hu\/wp-content\/uploads\/20180529_fotosmaraton.jpg\" alt=\"\" width=\"480\" height=\"320\" class=\"alignnone size-full wp-image-7998\" srcset=\"https:\/\/www.salgotarjan.hu\/wp-content\/uploads\/20180529_fotosmaraton.jpg 480w, https:\/\/www.salgotarjan.hu\/wp-content\/uploads\/20180529_fotosmaraton-300x200.jpg 300w\" sizes=\"auto, (max-width: 480px) 100vw, 480px\" \/><\/p>\n<p><em>(Novohrad-N\u00f3gr\u00e1d Geopark sajt\u00f3k\u00f6zlem\u00e9ny)<\/em><\/p>\n<p>A Novohrad-N\u00f3gr\u00e1d Geopark 2018-ban \u00fajra megrendezi a fot\u00f3s programj\u00e1t a Medves-hegys\u00e9gben. R\u00e9gi\u00f3nk legnagyobb t\u00e1jfot\u00f3s rendezv\u00e9ny\u00e9n t\u00f6bb t\u00edzezer fot\u00f3 biztosan elk\u00e9sz\u00fcl haz\u00e1nk egyik v\u00e1ltozatos, felfedez\u00e9sre cs\u00e1b\u00edt\u00f3 t\u00e1j\u00e1r\u00f3l, a Medves vid\u00e9k\u00e9r\u0151l.<\/p>\n<p>2018-ban a program n\u00e9vad\u00f3 szponzora az OLYMPUS, a rendezv\u00e9ny hivatalos neve: OLYMPUS Medvesi Fot\u00f3s Maraton.<\/p>\n<p>Az els\u0151 fot\u00f3s maraton (2013) \u00f3ta szinte nem telik el ezen a vid\u00e9ken olyan nap, hogy ne fot\u00f3zn\u00e1 valaki a k\u00f6db\u0151l kiemelked\u0151 Karancsot, Somosk\u0151t, a fantasztikus term\u00e9szetszer\u0171 erd\u0151ket, a fenns\u00edkot, a napkelt\u00e9t a fenns\u00edk perem\u00e9r\u0151l, a Szilv\u00e1s-k\u0151r\u0151l \u00e9s a lenyugv\u00f3 napot a Salg\u00f3r\u00f3l, a k\u00e9t v\u00e1rat a macskalyuki k\u0151b\u00e1ny\u00e1b\u00f3l.<\/p>\n<p>A 48 \u00f3r\u00e1s, maratoni programot komolyan gondoltuk. T\u00faravezet\u0151ink seg\u00edtenek a t\u00e1j felfedez\u00e9s\u00e9ben, lesz modellfot\u00f3z\u00e1s a szikl\u00e1kon, v\u00e1rromokon, pal\u00f3c n\u00e9pviseletes portr\u00e9fot\u00f3z\u00e1s, asztrofot\u00f3s bemutat\u00f3 \u00e9s asztrofot\u00f3z\u00e1s. Lehet\u0151s\u00e9g lesz asztrot\u00e1jk\u00e9pek k\u00e9sz\u00edt\u00e9s\u00e9re a kivil\u00e1g\u00edtott v\u00e1rakn\u00e1l, a Medves-fenns\u00edkon, a Medvesalj\u00e1n. Term\u00e9szetv\u00e9delmi bemutat\u00f3kra, fot\u00f3s el\u0151ad\u00e1sokra, hajnali t\u00far\u00e1kra is v\u00e1rjuk az \u00e9rdekl\u0151d\u0151ket. Ipart\u00f6rt\u00e9neti eml\u00e9kek fot\u00f3z\u00e1sa is v\u00e1rhat\u00f3. Archaikus fot\u00f3technik\u00e1k bemutat\u00e1sa \u00e9s kipr\u00f3b\u00e1l\u00e1sa is a program r\u00e9sze. A Medvesalj\u00e1n ballonos rep\u00fcl\u00e9seket is tervez\u00fcnk. A programhoz egy fot\u00f3p\u00e1ly\u00e1zat is kapcsol\u00f3dik.<\/p>\n<p>Mir\u0151l is sz\u00f3l az OLYMPUS Medvesi Fot\u00f3s Maraton? L\u00e9nyeg\u00e9ben egy k\u00f6lcs\u00f6n\u00f6s egy\u00fcttm\u0171k\u00f6d\u00e9sr\u0151l, egy \u00f6sszefog\u00e1sr\u00f3l a szervez\u0151k \u00e9s a fot\u00f3sok k\u00f6z\u00f6tt. A szervez\u0151k szeretn\u00e9k megmutatni a vil\u00e1gnak a magyar-szlov\u00e1k hat\u00e1r ment\u00e9n h\u00faz\u00f3d\u00f3, napjainkig jobb\u00e1ra ismeretlen Medves-vid\u00e9k sz\u00e9ps\u00e9g\u00e9t, az itteni t\u00e1j v\u00e1ltozatoss\u00e1g\u00e1t, a geol\u00f3giai k\u00fcl\u00f6nlegess\u00e9geket, a pal\u00f3cs\u00e1g hagyom\u00e1nyait, a t\u00f6rt\u00e9nelmi korokat felid\u00e9z\u0151 v\u00e1rromokat. Ez\u00e9rt rengeteg garant\u00e1lt programot aj\u00e1nlanak a fot\u00f3soknak \u2013 legyenek ak\u00e1r amat\u0151r\u00f6k, ak\u00e1r profik a pillanatok meg\u00f6r\u00f6k\u00edt\u00e9s\u00e9ben. A r\u00e9sztvev\u0151kt\u0151l pedig mind\u00f6sszesen annyit k\u00e9rnek cser\u00e9be: haza\u00e9rve ossz\u00e1k meg felv\u00e9teleiket a k\u00fcl\u00f6nb\u00f6z\u0151 internetes fel\u00fcleteken, seg\u00edtsenek n\u00e9pszer\u0171s\u00edteni a Novohrad \u2013 N\u00f3gr\u00e1d Geoparkot, a Medves-vid\u00e9ket, valamint a term\u00e9szet- \u00e9s t\u00e1jv\u00e9delem fontoss\u00e1g\u00e1t.<\/p>\n<p> A szakmais\u00e1got a k\u00e9t \u00f6tletgazda, Komka P\u00e9ter fot\u00f3riporter \u00e9s Drexler Szil\u00e1rd dokumentumfilmes  biztos\u00edtja.<\/p>\n<p> Az esem\u00e9nyre m\u00e1r most lehet regisztr\u00e1lni a <a href=\"http:\/\/www.fotosmaraton.hu\/\" rel=\"noopener noreferrer\" target=\"_blank\">www.fotosmaraton.hu<\/a> oldalon.<\/p>\n<p>Szint\u00e9n itt \u00e9rhet\u0151ek el a legfontosabb tudnival\u00f3k, inform\u00e1ci\u00f3k a programhelysz\u00ednekt\u0151l kezdve, a napfelkelte \u00e9s napnyugta id\u0151pontj\u00e1n \u00e1t a kedvezm\u00e9nyeket ny\u00fajt\u00f3 partnerek list\u00e1j\u00e1ig.<\/p>\n<p>Tov\u00e1bbi inform\u00e1ci\u00f3:<\/p>\n<p>Drexler Szil\u00e1rd<br \/>\ninfo@fotosmaraton.hu<br \/>\n06 30 385 732<\/p>\n","protected":false},"excerpt":{"rendered":"<p>(Novohrad-N\u00f3gr\u00e1d Geopark sajt\u00f3k\u00f6zlem\u00e9ny) A Novohrad-N\u00f3gr\u00e1d Geopark 2018-ban \u00fajra megrendezi a fot\u00f3s programj\u00e1t a Medves-hegys\u00e9gben. R\u00e9gi\u00f3nk legnagyobb t\u00e1jfot\u00f3s rendezv\u00e9ny\u00e9n t\u00f6bb t\u00edzezer fot\u00f3 biztosan elk\u00e9sz\u00fcl haz\u00e1nk egyik v\u00e1ltozatos, felfedez\u00e9sre cs\u00e1b\u00edt\u00f3 t\u00e1j\u00e1r\u00f3l, a Medves vid\u00e9k\u00e9r\u0151l. 2018-ban a program n\u00e9vad\u00f3 szponzora az OLYMPUS, a rendezv\u00e9ny hivatalos neve: OLYMPUS Medvesi Fot\u00f3s Maraton. Az els\u0151 fot\u00f3s maraton (2013) \u00f3ta szinte nem &#8230; <a title=\"OLYMPUS Medvesi Fot\u00f3s Maraton\" class=\"read-more\" href=\"https:\/\/www.salgotarjan.hu\/?p=7997\" aria-label=\"Read more about OLYMPUS Medvesi Fot\u00f3s Maraton\">Olvass tov\u00e1bb<\/a><\/p>\n","protected":false},"author":7,"featured_media":0,"comment_status":"closed","ping_status":"closed","sticky":false,"template":"","format":"standard","meta":{"footnotes":""},"categories":[1,10],"tags":[],"class_list":["post-7997","post","type-post","status-publish","format-standard","hentry","category-egyebek","category-hirek-aktualitasok"],"_links":{"self":[{"href":"https:\/\/www.salgotarjan.hu\/index.php?rest_route=\/wp\/v2\/posts\/7997","targetHints":{"allow":["GET"]}}],"collection":[{"href":"https:\/\/www.salgotarjan.hu\/index.php?rest_route=\/wp\/v2\/posts"}],"about":[{"href":"https:\/\/www.salgotarjan.hu\/index.php?rest_route=\/wp\/v2\/types\/post"}],"author":[{"embeddable":true,"href":"https:\/\/www.salgotarjan.hu\/index.php?rest_route=\/wp\/v2\/users\/7"}],"replies":[{"embeddable":true,"href":"https:\/\/www.salgotarjan.hu\/index.php?rest_route=%2Fwp%2Fv2%2Fcomments&post=7997"}],"version-history":[{"count":1,"href":"https:\/\/www.salgotarjan.hu\/index.php?rest_route=\/wp\/v2\/posts\/7997\/revisions"}],"predecessor-version":[{"id":9394,"href":"https:\/\/www.salgotarjan.hu\/index.php?rest_route=\/wp\/v2\/posts\/7997\/revisions\/9394"}],"wp:attachment":[{"href":"https:\/\/www.salgotarjan.hu\/index.php?rest_route=%2Fwp%2Fv2%2Fmedia&parent=7997"}],"wp:term":[{"taxonomy":"category","embeddable":true,"href":"https:\/\/www.salgotarjan.hu\/index.php?rest_route=%2Fwp%2Fv2%2Fcategories&post=7997"},{"taxonomy":"post_tag","embeddable":true,"href":"https:\/\/www.salgotarjan.hu\/index.php?rest_route=%2Fwp%2Fv2%2Ftags&post=7997"}],"curies":[{"name":"wp","href":"https:\/\/api.w.org\/{rel}","templated":true}]}}