{"id":6817,"date":"2017-09-14T17:32:00","date_gmt":"2017-09-14T15:32:00","guid":{"rendered":"https:\/\/www.salgotarjan.hu\/?p=6817"},"modified":"2019-04-21T12:07:50","modified_gmt":"2019-04-21T10:07:50","slug":"szakembereket-keresnek","status":"publish","type":"post","link":"https:\/\/www.salgotarjan.hu\/?p=6817","title":{"rendered":"Szakemberek jelentkez\u00e9s\u00e9t v\u00e1rjuk"},"content":{"rendered":"<p><strong>Szakemberek jelentkez\u00e9s\u00e9t v\u00e1rjuk az EFOP-1.4.2-16 &#8211; Integr\u00e1lt t\u00e9rs\u00e9gi gyermekprogramok szakmai megval\u00f3s\u00edt\u00e1s\u00e1hoz<\/strong><\/p>\n<p>A gyermekeket s\u00fajt\u00f3 n\u00e9lk\u00fcl\u00f6z\u00e9s \u00fajratermel\u0151d\u00e9s\u00e9nek megakad\u00e1lyoz\u00e1s\u00e1ra \u00e9s a gyermekek es\u00e9lyeinek n\u00f6vel\u00e9s\u00e9re ir\u00e1nyul\u00f3 helyi projektek megval\u00f3s\u00edt\u00e1s\u00e1ra a Sz\u00e9chenyi 2020 keret\u00e9ben megjelent \u201eIntegr\u00e1lt t\u00e9rs\u00e9gi gyermekprogramok\u201d c\u00edm\u0171, EFOP-1.4.2-16 k\u00f3dsz\u00e1m\u00fa felh\u00edv\u00e1sra Salg\u00f3tarj\u00e1n \u00e9s T\u00e9rs\u00e9ge \u00d6nkorm\u00e1nyzatainak T\u00e1rsul\u00e1sa Salg\u00f3tarj\u00e1n Megyei Jog\u00fa V\u00e1ros \u00d6nkorm\u00e1nyzat\u00e1val konzorciumi form\u00e1ban 2016. j\u00falius\u00e1ban beny\u00fajtott p\u00e1ly\u00e1zata 400.000.000,- Ft \u00f6sszeg\u0171 t\u00e1mogat\u00e1sban r\u00e9szes\u00fclt.<br \/>\nA projekt futamideje: 52 h\u00f3nap<br \/>\nA projekt tervezett kezdete: 2017.okt\u00f3ber 1.<br \/>\nA projektben r\u00e9sztvev\u0151 telep\u00fcl\u00e9sek: Karancss\u00e1g, Litke, Nagyb\u00e1rk\u00e1ny, Salg\u00f3tarj\u00e1n, S\u00f3sharty\u00e1n S\u00e1g\u00fajfalu, Etes, Zabar, Egyh\u00e1zasgerge, Karancskeszi, Karancslapujt\u0151, Kaz\u00e1r, S\u00e1msonh\u00e1za.<\/p>\n<p>A projekt szakmai megval\u00f3s\u00edt\u00e1s\u00e1hoz a k\u00f6vetkez\u0151 munkak\u00f6r\u00f6kbe v\u00e1rjuk a szakemberek jelentkez\u00e9s\u00e9t:<\/p>\n<p><img loading=\"lazy\" decoding=\"async\" src=\"https:\/\/www.salgotarjan.hu\/wp-content\/uploads\/20170914_szakemberek.jpg\" alt=\"\" width=\"480\" height=\"297\" class=\"alignnone size-full wp-image-6822\" srcset=\"https:\/\/www.salgotarjan.hu\/wp-content\/uploads\/20170914_szakemberek.jpg 480w, https:\/\/www.salgotarjan.hu\/wp-content\/uploads\/20170914_szakemberek-300x186.jpg 300w\" sizes=\"auto, (max-width: 480px) 100vw, 480px\" \/><\/p>\n<p>Fentieken k\u00edv\u00fcl v\u00e1rjuk \u00f6nk\u00e9ntesek jelentkez\u00e9s\u00e9t is, akik alkalmank\u00e9nt bekapcsol\u00f3dn\u00e1nak a programok megval\u00f3s\u00edt\u00e1s\u00e1ban.<br \/>\nA szakmai \u00f6n\u00e9letrajzokat (europass-os) \u00e9s a v\u00e9gzetts\u00e9get igazol\u00f3 oklev\u00e9l m\u00e1solatokat szkennelve, illetve az \u00f6nk\u00e9ntes munk\u00e1ra t\u00f6rt\u00e9n\u0151 jelentkez\u00e9seket az al\u00e1bbi e-mail-c\u00edmre k\u00e9rj\u00fck megk\u00fcldeni: simonyi.tunde@salgotarjan.hu.<\/p>\n<p><strong>Husz\u00e1r M\u00e1t\u00e9<\/strong>, eln\u00f6k<\/p>\n","protected":false},"excerpt":{"rendered":"<p>Szakemberek jelentkez\u00e9s\u00e9t v\u00e1rjuk az EFOP-1.4.2-16 &#8211; Integr\u00e1lt t\u00e9rs\u00e9gi gyermekprogramok szakmai megval\u00f3s\u00edt\u00e1s\u00e1hoz A gyermekeket s\u00fajt\u00f3 n\u00e9lk\u00fcl\u00f6z\u00e9s \u00fajratermel\u0151d\u00e9s\u00e9nek megakad\u00e1lyoz\u00e1s\u00e1ra \u00e9s a gyermekek es\u00e9lyeinek n\u00f6vel\u00e9s\u00e9re ir\u00e1nyul\u00f3 helyi projektek megval\u00f3s\u00edt\u00e1s\u00e1ra a Sz\u00e9chenyi 2020 keret\u00e9ben megjelent \u201eIntegr\u00e1lt t\u00e9rs\u00e9gi gyermekprogramok\u201d c\u00edm\u0171, EFOP-1.4.2-16 k\u00f3dsz\u00e1m\u00fa felh\u00edv\u00e1sra Salg\u00f3tarj\u00e1n \u00e9s T\u00e9rs\u00e9ge \u00d6nkorm\u00e1nyzatainak T\u00e1rsul\u00e1sa Salg\u00f3tarj\u00e1n Megyei Jog\u00fa V\u00e1ros \u00d6nkorm\u00e1nyzat\u00e1val konzorciumi form\u00e1ban 2016. j\u00falius\u00e1ban beny\u00fajtott p\u00e1ly\u00e1zata 400.000.000,- &#8230; <a title=\"Szakemberek jelentkez\u00e9s\u00e9t v\u00e1rjuk\" class=\"read-more\" href=\"https:\/\/www.salgotarjan.hu\/?p=6817\" aria-label=\"Read more about Szakemberek jelentkez\u00e9s\u00e9t v\u00e1rjuk\">Olvass tov\u00e1bb<\/a><\/p>\n","protected":false},"author":7,"featured_media":0,"comment_status":"closed","ping_status":"closed","sticky":false,"template":"","format":"standard","meta":{"footnotes":""},"categories":[1,10],"tags":[],"class_list":["post-6817","post","type-post","status-publish","format-standard","hentry","category-egyebek","category-hirek-aktualitasok"],"_links":{"self":[{"href":"https:\/\/www.salgotarjan.hu\/index.php?rest_route=\/wp\/v2\/posts\/6817","targetHints":{"allow":["GET"]}}],"collection":[{"href":"https:\/\/www.salgotarjan.hu\/index.php?rest_route=\/wp\/v2\/posts"}],"about":[{"href":"https:\/\/www.salgotarjan.hu\/index.php?rest_route=\/wp\/v2\/types\/post"}],"author":[{"embeddable":true,"href":"https:\/\/www.salgotarjan.hu\/index.php?rest_route=\/wp\/v2\/users\/7"}],"replies":[{"embeddable":true,"href":"https:\/\/www.salgotarjan.hu\/index.php?rest_route=%2Fwp%2Fv2%2Fcomments&post=6817"}],"version-history":[{"count":2,"href":"https:\/\/www.salgotarjan.hu\/index.php?rest_route=\/wp\/v2\/posts\/6817\/revisions"}],"predecessor-version":[{"id":6824,"href":"https:\/\/www.salgotarjan.hu\/index.php?rest_route=\/wp\/v2\/posts\/6817\/revisions\/6824"}],"wp:attachment":[{"href":"https:\/\/www.salgotarjan.hu\/index.php?rest_route=%2Fwp%2Fv2%2Fmedia&parent=6817"}],"wp:term":[{"taxonomy":"category","embeddable":true,"href":"https:\/\/www.salgotarjan.hu\/index.php?rest_route=%2Fwp%2Fv2%2Fcategories&post=6817"},{"taxonomy":"post_tag","embeddable":true,"href":"https:\/\/www.salgotarjan.hu\/index.php?rest_route=%2Fwp%2Fv2%2Ftags&post=6817"}],"curies":[{"name":"wp","href":"https:\/\/api.w.org\/{rel}","templated":true}]}}