{"id":6807,"date":"2017-09-13T16:28:21","date_gmt":"2017-09-13T14:28:21","guid":{"rendered":"https:\/\/www.salgotarjan.hu\/?p=6807"},"modified":"2019-04-21T12:07:50","modified_gmt":"2019-04-21T10:07:50","slug":"altalanos-tuzgyujtasi-tilalom-feloldasa","status":"publish","type":"post","link":"https:\/\/www.salgotarjan.hu\/?p=6807","title":{"rendered":"\u00c1ltal\u00e1nos t\u0171zgy\u00fajt\u00e1si tilalom felold\u00e1sa"},"content":{"rendered":"<p>A f\u00f6ldm\u0171vel\u00e9s\u00fcgyi miniszter az orsz\u00e1g ter\u00fclet\u00e9n l\u00e9v\u0151 erd\u0151kben \u00e9s a f\u00e1s\u00edt\u00e1sokban, valamint az erd\u0151k \u00e9s f\u00e1s\u00edt\u00e1sok hat\u00e1r\u00e1t\u00f3l sz\u00e1m\u00edtott k\u00e9tsz\u00e1z m\u00e9teres k\u00f6rzetben l\u00e9v\u0151 k\u00fclter\u00fcleti ingatlanokra, a 2017. j\u00fanius 20-t\u00f3l, az EVgF\/513\/2017. sz\u00e1m\u00fa hat\u00e1rozattal elrendelt \u00e1ltal\u00e1nos t\u0171zgy\u00fajt\u00e1si tilalmat azonnali hat\u00e1llyal feloldja.<\/p>\n<p>A miniszter felh\u00edvja a lakoss\u00e1g \u00e9s a kir\u00e1ndul\u00f3k figyelm\u00e9t, hogy <em>az erd\u0151ben t\u00fczet gy\u00fajtani csak a kijel\u00f6lt \u00e9s ki\u00e9p\u00edtett t\u0171zrak\u00f3 helyen, sz\u00e9lcsendes id\u0151ben szabad<\/em>. A t\u00fczet nem szabad fel\u00fcgyelet n\u00e9lk\u00fcl hagyni, t\u00e1voz\u00e1s ut\u00e1n pedig minden esetben gondoskodni kell annak elolt\u00e1s\u00e1r\u00f3l. Az erd\u0151n k\u00edv\u00fcli ter\u00fcleteken \u00e9s a lakott ter\u00fcleteken t\u00f6rt\u00e9n\u0151 t\u0171zgy\u00fajt\u00e1s eset\u00e9n is minden esetben fokozott figyelemmel kell elj\u00e1rni, mert a t\u0171z fel\u00fcgyelet n\u00e9lk\u00fcl k\u00f6nnyen tov\u00e1bbterjedhet \u00e9s s\u00falyos k\u00e1rokkal j\u00e1r\u00f3 k\u00f6zvetlen t\u0171zeset forr\u00e1sa lehet.<\/p>\n<p>(Forr\u00e1s: <a href=\"http:\/\/www.kormany.hu\/hu\/foldmuvelesugyi-miniszterium\/allami-foldekert-feleleos-allamtitkarsag\/hirek\/altalanos-tuzgyujtasi-tilalom-feloldasa\" target=\"_blank\" rel=\"noopener noreferrer\">F\u00f6ldm\u0171vel\u00e9s\u00fcgyi Miniszt\u00e9rium<\/a>)<\/p>\n","protected":false},"excerpt":{"rendered":"<p>A f\u00f6ldm\u0171vel\u00e9s\u00fcgyi miniszter az orsz\u00e1g ter\u00fclet\u00e9n l\u00e9v\u0151 erd\u0151kben \u00e9s a f\u00e1s\u00edt\u00e1sokban, valamint az erd\u0151k \u00e9s f\u00e1s\u00edt\u00e1sok hat\u00e1r\u00e1t\u00f3l sz\u00e1m\u00edtott k\u00e9tsz\u00e1z m\u00e9teres k\u00f6rzetben l\u00e9v\u0151 k\u00fclter\u00fcleti ingatlanokra, a 2017. j\u00fanius 20-t\u00f3l, az EVgF\/513\/2017. sz\u00e1m\u00fa hat\u00e1rozattal elrendelt \u00e1ltal\u00e1nos t\u0171zgy\u00fajt\u00e1si tilalmat azonnali hat\u00e1llyal feloldja. A miniszter felh\u00edvja a lakoss\u00e1g \u00e9s a kir\u00e1ndul\u00f3k figyelm\u00e9t, hogy az erd\u0151ben t\u00fczet gy\u00fajtani csak a &#8230; <a title=\"\u00c1ltal\u00e1nos t\u0171zgy\u00fajt\u00e1si tilalom felold\u00e1sa\" class=\"read-more\" href=\"https:\/\/www.salgotarjan.hu\/?p=6807\" aria-label=\"Read more about \u00c1ltal\u00e1nos t\u0171zgy\u00fajt\u00e1si tilalom felold\u00e1sa\">Olvass tov\u00e1bb<\/a><\/p>\n","protected":false},"author":7,"featured_media":0,"comment_status":"closed","ping_status":"closed","sticky":false,"template":"","format":"standard","meta":{"footnotes":""},"categories":[1,10],"tags":[],"class_list":["post-6807","post","type-post","status-publish","format-standard","hentry","category-egyebek","category-hirek-aktualitasok"],"_links":{"self":[{"href":"https:\/\/www.salgotarjan.hu\/index.php?rest_route=\/wp\/v2\/posts\/6807","targetHints":{"allow":["GET"]}}],"collection":[{"href":"https:\/\/www.salgotarjan.hu\/index.php?rest_route=\/wp\/v2\/posts"}],"about":[{"href":"https:\/\/www.salgotarjan.hu\/index.php?rest_route=\/wp\/v2\/types\/post"}],"author":[{"embeddable":true,"href":"https:\/\/www.salgotarjan.hu\/index.php?rest_route=\/wp\/v2\/users\/7"}],"replies":[{"embeddable":true,"href":"https:\/\/www.salgotarjan.hu\/index.php?rest_route=%2Fwp%2Fv2%2Fcomments&post=6807"}],"version-history":[{"count":1,"href":"https:\/\/www.salgotarjan.hu\/index.php?rest_route=\/wp\/v2\/posts\/6807\/revisions"}],"predecessor-version":[{"id":9446,"href":"https:\/\/www.salgotarjan.hu\/index.php?rest_route=\/wp\/v2\/posts\/6807\/revisions\/9446"}],"wp:attachment":[{"href":"https:\/\/www.salgotarjan.hu\/index.php?rest_route=%2Fwp%2Fv2%2Fmedia&parent=6807"}],"wp:term":[{"taxonomy":"category","embeddable":true,"href":"https:\/\/www.salgotarjan.hu\/index.php?rest_route=%2Fwp%2Fv2%2Fcategories&post=6807"},{"taxonomy":"post_tag","embeddable":true,"href":"https:\/\/www.salgotarjan.hu\/index.php?rest_route=%2Fwp%2Fv2%2Ftags&post=6807"}],"curies":[{"name":"wp","href":"https:\/\/api.w.org\/{rel}","templated":true}]}}