{"id":6792,"date":"2017-09-12T10:14:46","date_gmt":"2017-09-12T08:14:46","guid":{"rendered":"https:\/\/www.salgotarjan.hu\/?p=6792"},"modified":"2019-04-21T12:07:50","modified_gmt":"2019-04-21T10:07:50","slug":"jotekonysagi-akciokra-es-kozossegi-programokra-keszul-a-belvarosi-noklub","status":"publish","type":"post","link":"https:\/\/www.salgotarjan.hu\/?p=6792","title":{"rendered":"J\u00f3t\u00e9konys\u00e1gi akci\u00f3kra \u00e9s k\u00f6z\u00f6ss\u00e9gi programokra k\u00e9sz\u00fcl a Belv\u00e1rosi N\u0151klub"},"content":{"rendered":"<p>Megtartotta \u00e9vadnyit\u00f3 \u00e9rtekezlet\u00e9t a Belv\u00e1rosi N\u0151klub. A m\u00falt heti \u00fcl\u00e9sen az egyes\u00fclet \u00e1ttekintette az elk\u00f6vetkezend\u0151 id\u0151szak fontosabb feladatait \u00e9s a ny\u00e1ri sz\u00fcnet ut\u00e1ni els\u0151 tal\u00e1lkoz\u00f3 lehet\u0151s\u00e9get adott az \u00faj tagok bemutatkoz\u00e1s\u00e1ra is.<\/p>\n<p>Stark L\u00e1szl\u00f3n\u00e9, a Belv\u00e1rosi N\u0151klub vezet\u0151je elmondta, hogy az egyes\u00fclet ism\u00e9t szervez karitat\u00edv k\u00f6z\u00f6ss\u00e9gi akci\u00f3kat. Szeptember 14-\u00e9n d\u00e9lut\u00e1n 13:00 \u00f3rakor az SZMT \u00e9p\u00fclet\u00e9ben j\u00f3t\u00e9konys\u00e1gi ruhaoszt\u00e1st tartanak, amelyre nagy mennyis\u00e9g\u0171 adom\u00e1nyt siker\u00fclt \u00f6sszegy\u0171jteni. Az egyes\u00fclet vezet\u0151je sz\u00e1mos szeptemberi \u00e9s okt\u00f3beri programot aj\u00e1nlott a megjelentek figyelm\u00e9be. T\u00f6bbek k\u00f6z\u00f6tt a szeptember 22-re, a Beszterce t\u00e9rre szervezett zen\u00e9s, t\u00e1ncos rendezv\u00e9nyt, amelyre a n\u0151klub szeretettel v\u00e1r mindenkit \u00e9letkorra \u00e9s nemre tekintet n\u00e9lk\u00fcl. Novemberben ism\u00e9t lesz \u0150szik\u00e9k ki\u00e1ll\u00edt\u00e1s a k\u00f6nyvt\u00e1rban. A bemutat\u00e1sra sz\u00e1nt k\u00f6t\u00f6tt \u00e9s horgolt k\u00e9zimunka alkot\u00e1sokat n\u00e9h\u00e1nyan m\u00e1r most elkezdt\u00e9k elk\u00e9sz\u00edteni.<\/p>\n<p>A Beszterce lak\u00f3telepi iskol\u00e1ban megtartott \u00fcl\u00e9sen megh\u00edvott vend\u00e9gk\u00e9nt vett r\u00e9szt Husz\u00e1r M\u00e1t\u00e9 alpolg\u00e1rmester, aki k\u00f6tetlen form\u00e1ban besz\u00e9lgetett a v\u00e1ros k\u00f6z\u00f6ss\u00e9gi \u00e9let\u00e9t \u00e9s a v\u00e1rosfejleszt\u00e9si t\u00e9m\u00e1kat \u00e9rint\u0151 k\u00e9rd\u00e9sekr\u0151l a Belv\u00e1rosi N\u0151klub tagjaival.<\/p>\n","protected":false},"excerpt":{"rendered":"<p>Megtartotta \u00e9vadnyit\u00f3 \u00e9rtekezlet\u00e9t a Belv\u00e1rosi N\u0151klub. A m\u00falt heti \u00fcl\u00e9sen az egyes\u00fclet \u00e1ttekintette az elk\u00f6vetkezend\u0151 id\u0151szak fontosabb feladatait \u00e9s a ny\u00e1ri sz\u00fcnet ut\u00e1ni els\u0151 tal\u00e1lkoz\u00f3 lehet\u0151s\u00e9get adott az \u00faj tagok bemutatkoz\u00e1s\u00e1ra is. Stark L\u00e1szl\u00f3n\u00e9, a Belv\u00e1rosi N\u0151klub vezet\u0151je elmondta, hogy az egyes\u00fclet ism\u00e9t szervez karitat\u00edv k\u00f6z\u00f6ss\u00e9gi akci\u00f3kat. Szeptember 14-\u00e9n d\u00e9lut\u00e1n 13:00 \u00f3rakor az SZMT \u00e9p\u00fclet\u00e9ben &#8230; <a title=\"J\u00f3t\u00e9konys\u00e1gi akci\u00f3kra \u00e9s k\u00f6z\u00f6ss\u00e9gi programokra k\u00e9sz\u00fcl a Belv\u00e1rosi N\u0151klub\" class=\"read-more\" href=\"https:\/\/www.salgotarjan.hu\/?p=6792\" aria-label=\"Read more about J\u00f3t\u00e9konys\u00e1gi akci\u00f3kra \u00e9s k\u00f6z\u00f6ss\u00e9gi programokra k\u00e9sz\u00fcl a Belv\u00e1rosi N\u0151klub\">Olvass tov\u00e1bb<\/a><\/p>\n","protected":false},"author":7,"featured_media":0,"comment_status":"closed","ping_status":"closed","sticky":false,"template":"","format":"standard","meta":{"footnotes":""},"categories":[1,10],"tags":[],"class_list":["post-6792","post","type-post","status-publish","format-standard","hentry","category-egyebek","category-hirek-aktualitasok"],"_links":{"self":[{"href":"https:\/\/www.salgotarjan.hu\/index.php?rest_route=\/wp\/v2\/posts\/6792","targetHints":{"allow":["GET"]}}],"collection":[{"href":"https:\/\/www.salgotarjan.hu\/index.php?rest_route=\/wp\/v2\/posts"}],"about":[{"href":"https:\/\/www.salgotarjan.hu\/index.php?rest_route=\/wp\/v2\/types\/post"}],"author":[{"embeddable":true,"href":"https:\/\/www.salgotarjan.hu\/index.php?rest_route=\/wp\/v2\/users\/7"}],"replies":[{"embeddable":true,"href":"https:\/\/www.salgotarjan.hu\/index.php?rest_route=%2Fwp%2Fv2%2Fcomments&post=6792"}],"version-history":[{"count":1,"href":"https:\/\/www.salgotarjan.hu\/index.php?rest_route=\/wp\/v2\/posts\/6792\/revisions"}],"predecessor-version":[{"id":6793,"href":"https:\/\/www.salgotarjan.hu\/index.php?rest_route=\/wp\/v2\/posts\/6792\/revisions\/6793"}],"wp:attachment":[{"href":"https:\/\/www.salgotarjan.hu\/index.php?rest_route=%2Fwp%2Fv2%2Fmedia&parent=6792"}],"wp:term":[{"taxonomy":"category","embeddable":true,"href":"https:\/\/www.salgotarjan.hu\/index.php?rest_route=%2Fwp%2Fv2%2Fcategories&post=6792"},{"taxonomy":"post_tag","embeddable":true,"href":"https:\/\/www.salgotarjan.hu\/index.php?rest_route=%2Fwp%2Fv2%2Ftags&post=6792"}],"curies":[{"name":"wp","href":"https:\/\/api.w.org\/{rel}","templated":true}]}}