{"id":5626,"date":"2017-01-28T14:00:09","date_gmt":"2017-01-28T13:00:09","guid":{"rendered":"https:\/\/www.salgotarjan.hu\/?p=5626"},"modified":"2019-04-21T12:10:17","modified_gmt":"2019-04-21T10:10:17","slug":"tajekoztatas-gimszarvas-es-vaddiszno-terelo-hajto-vadaszatrol","status":"publish","type":"post","link":"https:\/\/www.salgotarjan.hu\/?p=5626","title":{"rendered":"T\u00e1j\u00e9koztat\u00e1s terel\u0151-hajt\u00f3 vad\u00e1szatr\u00f3l"},"content":{"rendered":"<p>A Sz\u00e1nas Vad\u00e1szt\u00e1rsas\u00e1g felh\u00edvja a lakoss\u00e1g figyelm\u00e9t, hogy a vad \u00e1ltal okozott, illetve vadk\u00e1rok megel\u0151z\u00e9se \u00e9rdek\u00e9ben<br \/>\n<strong>2017. janu\u00e1r 29-\u00e9n 8 \u00e9s 16 \u00f3ra k\u00f6z\u00f6tt<\/strong><br \/>\na vad\u00e1szt\u00e1rsas\u00e1g a Salg\u00f3tarj\u00e1n, Z\u00f6ldfa \u00fat v\u00e9g\u00e9t\u0151l indul\u00f3 \u00fan. Sz\u00e1nas nev\u0171 ter\u00fcletr\u00e9szen tervezetten fel\u00fcli, t\u00e1rsas terel\u0151-hajt\u00f3 <strong>vad\u00e1szatot tervez v\u00e9grehajtani<\/strong>.<\/p>\n<p>A vad\u00e1szt\u00e1rsas\u00e1g \u00e1ltal az \u00f6nkorm\u00e1nyzathoz eljuttatott bejelent\u00e9s, t\u00e1j\u00e9koztat\u00e1s let\u00f6lthet\u0151 <a href=\"https:\/\/www.salgotarjan.hu\/wp-content\/uploads\/20170127_vadaszat.pdf\">ide kattintva<\/a> (pdf).<\/p>\n","protected":false},"excerpt":{"rendered":"<p>A Sz\u00e1nas Vad\u00e1szt\u00e1rsas\u00e1g felh\u00edvja a lakoss\u00e1g figyelm\u00e9t, hogy a vad \u00e1ltal okozott, illetve vadk\u00e1rok megel\u0151z\u00e9se \u00e9rdek\u00e9ben 2017. janu\u00e1r 29-\u00e9n 8 \u00e9s 16 \u00f3ra k\u00f6z\u00f6tt a vad\u00e1szt\u00e1rsas\u00e1g a Salg\u00f3tarj\u00e1n, Z\u00f6ldfa \u00fat v\u00e9g\u00e9t\u0151l indul\u00f3 \u00fan. Sz\u00e1nas nev\u0171 ter\u00fcletr\u00e9szen tervezetten fel\u00fcli, t\u00e1rsas terel\u0151-hajt\u00f3 vad\u00e1szatot tervez v\u00e9grehajtani. A vad\u00e1szt\u00e1rsas\u00e1g \u00e1ltal az \u00f6nkorm\u00e1nyzathoz eljuttatott bejelent\u00e9s, t\u00e1j\u00e9koztat\u00e1s let\u00f6lthet\u0151 ide kattintva (pdf).<\/p>\n","protected":false},"author":7,"featured_media":0,"comment_status":"closed","ping_status":"closed","sticky":false,"template":"","format":"standard","meta":{"footnotes":""},"categories":[1,10],"tags":[],"class_list":["post-5626","post","type-post","status-publish","format-standard","hentry","category-egyebek","category-hirek-aktualitasok"],"_links":{"self":[{"href":"https:\/\/www.salgotarjan.hu\/index.php?rest_route=\/wp\/v2\/posts\/5626","targetHints":{"allow":["GET"]}}],"collection":[{"href":"https:\/\/www.salgotarjan.hu\/index.php?rest_route=\/wp\/v2\/posts"}],"about":[{"href":"https:\/\/www.salgotarjan.hu\/index.php?rest_route=\/wp\/v2\/types\/post"}],"author":[{"embeddable":true,"href":"https:\/\/www.salgotarjan.hu\/index.php?rest_route=\/wp\/v2\/users\/7"}],"replies":[{"embeddable":true,"href":"https:\/\/www.salgotarjan.hu\/index.php?rest_route=%2Fwp%2Fv2%2Fcomments&post=5626"}],"version-history":[{"count":1,"href":"https:\/\/www.salgotarjan.hu\/index.php?rest_route=\/wp\/v2\/posts\/5626\/revisions"}],"predecessor-version":[{"id":5649,"href":"https:\/\/www.salgotarjan.hu\/index.php?rest_route=\/wp\/v2\/posts\/5626\/revisions\/5649"}],"wp:attachment":[{"href":"https:\/\/www.salgotarjan.hu\/index.php?rest_route=%2Fwp%2Fv2%2Fmedia&parent=5626"}],"wp:term":[{"taxonomy":"category","embeddable":true,"href":"https:\/\/www.salgotarjan.hu\/index.php?rest_route=%2Fwp%2Fv2%2Fcategories&post=5626"},{"taxonomy":"post_tag","embeddable":true,"href":"https:\/\/www.salgotarjan.hu\/index.php?rest_route=%2Fwp%2Fv2%2Ftags&post=5626"}],"curies":[{"name":"wp","href":"https:\/\/api.w.org\/{rel}","templated":true}]}}