{"id":5507,"date":"2017-01-13T19:45:12","date_gmt":"2017-01-13T18:45:12","guid":{"rendered":"https:\/\/www.salgotarjan.hu\/?p=5507"},"modified":"2019-04-21T12:10:29","modified_gmt":"2019-04-21T10:10:29","slug":"az-1944-es-lavinaszerencsetlenseg-aldozataira-emlekezik-salgotarjan","status":"publish","type":"post","link":"https:\/\/www.salgotarjan.hu\/?p=5507","title":{"rendered":"Az 1944-es lavinaszerencs\u00e9tlens\u00e9g \u00e1ldozataira eml\u00e9kezik Salg\u00f3tarj\u00e1n"},"content":{"rendered":"<p><img loading=\"lazy\" decoding=\"async\" src=\"https:\/\/www.salgotarjan.hu\/wp-content\/uploads\/20170113_lavina_1.jpg\" alt=\"\" width=\"480\" height=\"721\" class=\"alignnone size-full wp-image-5508\" srcset=\"https:\/\/www.salgotarjan.hu\/wp-content\/uploads\/20170113_lavina_1.jpg 480w, https:\/\/www.salgotarjan.hu\/wp-content\/uploads\/20170113_lavina_1-200x300.jpg 200w\" sizes=\"auto, (max-width: 480px) 100vw, 480px\" \/><\/p>\n<p>Az 1944. janu\u00e1r 13-\u00e1n lavinaoml\u00e1sban elhunyt salg\u00f3tarj\u00e1ni s\u00edj\u00e1r\u0151rcsapatra eml\u00e9keztek ma d\u00e9lut\u00e1n a salg\u00f3tarj\u00e1ni k\u00f6zponti temet\u0151ben.<\/p>\n<p>A v\u00e1rosi \u00f6nkorm\u00e1nyzat koszor\u00faz\u00e1si \u00fcnneps\u00e9g\u00e9n D\u00e1niel Zolt\u00e1n alpolg\u00e1rmester mondott eml\u00e9kez\u0151 besz\u00e9det, melyben a levent\u00e9kr\u0151l mint vid\u00e1m, b\u00fcszke \u00e9s j\u00f3 sportol\u00f3 fiatalokr\u00f3l sz\u00f3lt, akikben ott volt a virtus, a fiatals\u00e1g mindent legy\u0151z\u0151 \u00e9letereje. Mindemellett a tapasztalat is, hiszen felk\u00e9sz\u00fclt s\u00edz\u0151k, j\u00f3 fizikum\u00fa sportemberek voltak, akiknek m\u00e1r k\u00e9tszer siker\u00fclt legy\u0151zni\u00fck a term\u00e9szet er\u0151it. Olyan teljes\u00edtm\u00e9nyre k\u00e9sz\u00fcltek 1944-ben, ami orsz\u00e1gosan is figyelmet \u00e9rdemel. V\u00e1llalkoz\u00e1suk azonban trag\u00e9di\u00e1ba torkollott. A csapatb\u00f3l egyik\u00fcknek siker\u00fclt csak megmenek\u00fclnie, tizen\u00f6ten a lavina \u00e1ldozat\u00e1ul estek.<\/p>\n<p><img loading=\"lazy\" decoding=\"async\" src=\"https:\/\/www.salgotarjan.hu\/wp-content\/uploads\/20170113_lavina_2.jpg\" alt=\"\" width=\"480\" height=\"319\" class=\"alignnone size-full wp-image-5510\" srcset=\"https:\/\/www.salgotarjan.hu\/wp-content\/uploads\/20170113_lavina_2.jpg 480w, https:\/\/www.salgotarjan.hu\/wp-content\/uploads\/20170113_lavina_2-300x199.jpg 300w\" sizes=\"auto, (max-width: 480px) 100vw, 480px\" \/><\/p>\n<p>A Salg\u00f3tarj\u00e1ni Ac\u00e9lgy\u00e1ri Levente Egylet s\u00edel\u0151it a Radnai-havasok 2305 m\u00e9ter magas Nagy-Pietrosz cs\u00facs\u00e1nak megh\u00f3d\u00edt\u00e1sa k\u00f6zben \u00e9rte a lavinaszerencs\u00e9tlens\u00e9g. A katonai gy\u00e1szpomp\u00e1val felravatalozott halottak b\u00facs\u00faztat\u00e1s\u00e1n hatalmas t\u00f6meg vett r\u00e9szt az ac\u00e9lgy\u00e1ri stadionban. A temet\u00e9sekre, a holttestek megtal\u00e1l\u00e1s\u00e1nak \u00e9s hazahozatal\u00e1nak sorrendj\u00e9ben h\u00e1romszor ker\u00fclt sor: 1944. janu\u00e1r 22-\u00e9n \u00f6t, 30-\u00e1n kilenc, j\u00falius 30-\u00e1n egy \u00e1ldozatt\u00f3l vettek v\u00e9gs\u0151 b\u00facs\u00fat a salg\u00f3tarj\u00e1niak.<br \/>\nA m\u00e1sodik vil\u00e1gh\u00e1bor\u00fa ut\u00e1n hivatalosan tilos volt eml\u00e9kezni a levente \u00e1ldozatokra, az els\u0151 hivatalos eml\u00e9k\u00fcnneps\u00e9get csak 50 \u00e9v eltelt\u00e9vel tarthatt\u00e1k meg. 2003-ban a v\u00e1ros polg\u00e1rai nev\u00e9ben egy 19 tag\u00fa csapat eml\u00e9koszlopot \u00e1ll\u00edtott a lavinaoml\u00e1s helysz\u00edn\u00e9n, egy \u00e9vvel k\u00e9s\u0151bb eml\u00e9kt\u00e1bl\u00e1t avattak az \u00e1ldozatok s\u00edrja mellett.<\/p>\n","protected":false},"excerpt":{"rendered":"<p>Az 1944. janu\u00e1r 13-\u00e1n lavinaoml\u00e1sban elhunyt salg\u00f3tarj\u00e1ni s\u00edj\u00e1r\u0151rcsapatra eml\u00e9keztek ma d\u00e9lut\u00e1n a salg\u00f3tarj\u00e1ni k\u00f6zponti temet\u0151ben. A v\u00e1rosi \u00f6nkorm\u00e1nyzat koszor\u00faz\u00e1si \u00fcnneps\u00e9g\u00e9n D\u00e1niel Zolt\u00e1n alpolg\u00e1rmester mondott eml\u00e9kez\u0151 besz\u00e9det, melyben a levent\u00e9kr\u0151l mint vid\u00e1m, b\u00fcszke \u00e9s j\u00f3 sportol\u00f3 fiatalokr\u00f3l sz\u00f3lt, akikben ott volt a virtus, a fiatals\u00e1g mindent legy\u0151z\u0151 \u00e9letereje. Mindemellett a tapasztalat is, hiszen felk\u00e9sz\u00fclt s\u00edz\u0151k, j\u00f3 &#8230; <a title=\"Az 1944-es lavinaszerencs\u00e9tlens\u00e9g \u00e1ldozataira eml\u00e9kezik Salg\u00f3tarj\u00e1n\" class=\"read-more\" href=\"https:\/\/www.salgotarjan.hu\/?p=5507\" aria-label=\"Read more about Az 1944-es lavinaszerencs\u00e9tlens\u00e9g \u00e1ldozataira eml\u00e9kezik Salg\u00f3tarj\u00e1n\">Olvass tov\u00e1bb<\/a><\/p>\n","protected":false},"author":7,"featured_media":0,"comment_status":"closed","ping_status":"closed","sticky":false,"template":"","format":"standard","meta":{"footnotes":""},"categories":[1,10],"tags":[],"class_list":["post-5507","post","type-post","status-publish","format-standard","hentry","category-egyebek","category-hirek-aktualitasok"],"_links":{"self":[{"href":"https:\/\/www.salgotarjan.hu\/index.php?rest_route=\/wp\/v2\/posts\/5507","targetHints":{"allow":["GET"]}}],"collection":[{"href":"https:\/\/www.salgotarjan.hu\/index.php?rest_route=\/wp\/v2\/posts"}],"about":[{"href":"https:\/\/www.salgotarjan.hu\/index.php?rest_route=\/wp\/v2\/types\/post"}],"author":[{"embeddable":true,"href":"https:\/\/www.salgotarjan.hu\/index.php?rest_route=\/wp\/v2\/users\/7"}],"replies":[{"embeddable":true,"href":"https:\/\/www.salgotarjan.hu\/index.php?rest_route=%2Fwp%2Fv2%2Fcomments&post=5507"}],"version-history":[{"count":1,"href":"https:\/\/www.salgotarjan.hu\/index.php?rest_route=\/wp\/v2\/posts\/5507\/revisions"}],"predecessor-version":[{"id":5511,"href":"https:\/\/www.salgotarjan.hu\/index.php?rest_route=\/wp\/v2\/posts\/5507\/revisions\/5511"}],"wp:attachment":[{"href":"https:\/\/www.salgotarjan.hu\/index.php?rest_route=%2Fwp%2Fv2%2Fmedia&parent=5507"}],"wp:term":[{"taxonomy":"category","embeddable":true,"href":"https:\/\/www.salgotarjan.hu\/index.php?rest_route=%2Fwp%2Fv2%2Fcategories&post=5507"},{"taxonomy":"post_tag","embeddable":true,"href":"https:\/\/www.salgotarjan.hu\/index.php?rest_route=%2Fwp%2Fv2%2Ftags&post=5507"}],"curies":[{"name":"wp","href":"https:\/\/api.w.org\/{rel}","templated":true}]}}