{"id":5498,"date":"2017-01-12T09:00:32","date_gmt":"2017-01-12T08:00:32","guid":{"rendered":"https:\/\/www.salgotarjan.hu\/?p=5498"},"modified":"2019-04-21T12:10:29","modified_gmt":"2019-04-21T10:10:29","slug":"vizvezetekek-es-ivovizmerok-vedelme","status":"publish","type":"post","link":"https:\/\/www.salgotarjan.hu\/?p=5498","title":{"rendered":"V\u00edzvezet\u00e9kek \u00e9s iv\u00f3v\u00edzm\u00e9r\u0151k v\u00e9delme"},"content":{"rendered":"<p><strong>A sz\u00e9ls\u0151s\u00e9ges id\u0151j\u00e1r\u00e1si k\u00f6r\u00fclm\u00e9nyekre tekintettel az \u00c9RV Zrt. felh\u00edvja a lakoss\u00e1g figyelm\u00e9t a v\u00edzvezet\u00e9kek \u00e9s iv\u00f3v\u00edzm\u00e9r\u0151k fagy elleni v\u00e9delm\u00e9nek fontoss\u00e1g\u00e1ra.<\/strong><\/p>\n<p>Az \u00e9jszakai fagyok bek\u00f6sz\u00f6nt\u00e9vel \u00e9rdemes idej\u00e9ben megtenn\u00fcnk a sz\u00fcks\u00e9ges \u00f3vint\u00e9zked\u00e9seket, hogy elker\u00fclj\u00fck a hideg hat\u00e1s\u00e1ra bek\u00f6vetkez\u0151 iv\u00f3v\u00edzm\u00e9r\u0151-meghib\u00e1sod\u00e1s helyre\u00e1ll\u00edt\u00e1s\u00e1nak, illetve a v\u00edzelfoly\u00e1s miatt jelentkez\u0151 magasabb v\u00edzd\u00edjsz\u00e1ml\u00e1nak a k\u00f6lts\u00e9geit. Az \u00c9szakmagyarorsz\u00e1gi Region\u00e1lis V\u00edzm\u0171vek ZRt. felh\u00edvja a figyelmet a v\u00edzvezet\u00e9kek \u00e9s az iv\u00f3v\u00edzm\u00e9r\u0151k fagy elleni v\u00e9delm\u00e9nek fontoss\u00e1g\u00e1ra, amely a bels\u0151 h\u00e1l\u00f3zaton a felhaszn\u00e1l\u00f3k feladata. A megrong\u00e1l\u00f3dott iv\u00f3v\u00edzm\u00e9r\u0151 jav\u00edt\u00e1s\u00e1nak, p\u00f3tl\u00e1s\u00e1nak, szerel\u00e9s\u00e9nek, hiteles\u00edt\u00e9s\u00e9nek k\u00f6lts\u00e9geit a felhaszn\u00e1l\u00f3 k\u00f6teles a szolg\u00e1ltat\u00f3nak megt\u00e9r\u00edteni. Fokozott el\u0151vigy\u00e1zatoss\u00e1ggal a k\u00e1rok \u00e9s a bossz\u00fas\u00e1gok elker\u00fclhet\u0151k.<\/p>\n<p>Rendszeresen vizsg\u00e1ljuk meg, hogy nincs-e v\u00edz az akn\u00e1ban, ellen\u0151rizz\u00fck az aknafedlap illeszked\u00e9s\u00e9t, megfelel\u0151 z\u00e1r\u00e1s\u00e1t. \u00dcgyelj\u00fcnk r\u00e1, hogy ha az iv\u00f3v\u00edzm\u00e9r\u0151-akna fedele zsan\u00e9ros, mindig lehajtott \u00e1llapotban legyen. A helytelen\u00fcl visszarakott aknafedlap balesetvesz\u00e9lyes, valamint a be\u00e1raml\u00f3 hideg leveg\u0151 az iv\u00f3v\u00edzm\u00e9r\u0151 elfagy\u00e1s\u00e1t okozhatja. A fedlap bels\u0151 fel\u00fclet\u00e9t az akna ny\u00edl\u00e1s\u00e1n\u00e1l megfelel\u0151 szigetel\u00e9ssel (pl.: hungarocellel) l\u00e1ssuk el, a szigetel\u00e9s az akna mennyezet\u00e9re is javasolt. Az iv\u00f3v\u00edzm\u00e9r\u0151 m\u0171anyag fedel\u00e9t tartsuk lehajtott \u00e1llapotban az elfagy\u00e1s elker\u00fcl\u00e9se \u00e9rdek\u00e9ben.<\/p>\n<p>Ha az iv\u00f3v\u00edzm\u00e9r\u0151, illetve a cs\u00f6vek a talajszintt\u0151l egy m\u00e9tern\u00e9l kisebb t\u00e1vols\u00e1gra vannak, aj\u00e1nlatos k\u00fcl\u00f6n h\u0151szigetel\u00e9sr\u0151l gondoskodnunk. H\u0151szigetel\u0151 anyaggal vagy m\u0171anyag f\u00f3li\u00e1val fedj\u00fck be az iv\u00f3v\u00edzm\u00e9r\u0151t \u00fagy, hogy az k\u00f6nnyed\u00e9n elt\u00e1vol\u00edthat\u00f3 legyen a leolvas\u00e1skor. A h\u00f3 szint\u00e9n v\u00e9delmet ny\u00fajt, ez\u00e9rt csak az iv\u00f3v\u00edzm\u00e9r\u0151-leolvas\u00e1s el\u0151tt c\u00e9lszer\u0171 az akn\u00e1r\u00f3l ellap\u00e1tolni a havat. Nemcsak az akn\u00e1kban, hanem a pinc\u00e9kben is ki vannak t\u00e9ve a fagyvesz\u00e9lynek az iv\u00f3v\u00edzm\u00e9r\u0151k. Ebben az esetben mindenk\u00e9pp \u00fcgyelj\u00fcnk arra, hogy a t\u00e9li h\u00f3napokra bez\u00e1rjuk az ablakokat, illetve ahol kell, kicser\u00e9lj\u00fck a t\u00f6r\u00f6tt \u00fcveget.<\/p>\n<p>A lak\u00f3telepi h\u00e1zakban az \u00e9p\u00fclet \u00f6sszes v\u00edzfogyaszt\u00e1s\u00e1t m\u00e9r\u0151 szerkezetet legt\u00f6bbsz\u00f6r a k\u00f6zm\u0171alag\u00fat \u00e9s a folyos\u00f3 mellett kialak\u00edtott t\u00e1rol\u00f3 helyis\u00e9gben szerelik fel. Az iv\u00f3v\u00edzm\u00e9r\u0151 fagy elleni v\u00e9delme a lak\u00f3k\u00f6z\u00f6ss\u00e9g feladata. Az \u00e9p\u00fcleten bel\u00fcli vezet\u00e9kek, illetve szerelv\u00e9nyek eset\u00e9ben gy\u0151z\u0151dj\u00fcnk meg a helyis\u00e9g ny\u00edl\u00e1sz\u00e1r\u00f3inak \u00e9ps\u00e9g\u00e9r\u0151l. Ha a falban lev\u0151 vezet\u00e9kben keletkezett a hideg hat\u00e1s\u00e1ra j\u00e9gdug\u00f3, nem folyik a v\u00edz a csapb\u00f3l, mivel az elz\u00e1rja a v\u00edz \u00fatj\u00e1t. Ha a cs\u00f6vet nem repesztette sz\u00e9t a j\u00e9g, h\u00e1zilag is orvosolni lehet a probl\u00e9m\u00e1t. Ilyenkor a helyis\u00e9g felf\u0171t\u00e9se jelenti a megold\u00e1st. A lakatlan ingatlanokn\u00e1l vagy a falakon k\u00edv\u00fcl l\u00e9v\u0151, illetve a nem kell\u0151en szigetelt v\u00edzvezet\u00e9kek, kerti csapok eset\u00e9n az iv\u00f3v\u00edzm\u00e9r\u0151 \u00e9s a felhaszn\u00e1l\u00f3i v\u00edzh\u00e1l\u00f3zat v\u00edztelen\u00edt\u00e9s\u00e9t felt\u00e9tlen\u00fcl el kell v\u00e9gezn\u00fcnk. A v\u00edztelen\u00edt\u00e9skor \u00fcgyelj\u00fcnk a v\u00edztelen\u00edtend\u0151 cs\u0151szakasz el\u0151tti elz\u00e1r\u00f3 szerelv\u00e9ny cseppmentes elz\u00e1r\u00e1s\u00e1ra, \u00e9s err\u0151l minden esetben gy\u0151z\u0151dj\u00fcnk meg, ellenkez\u0151 esetben eg\u00e9sz t\u00e9len sziv\u00e1roghat a v\u00edz.<\/p>\n<p>Tavasszal, a tart\u00f3s fagyok elm\u00falt\u00e1val mindenk\u00e9pp c\u00e9lszer\u0171 megvizsg\u00e1lnunk az iv\u00f3v\u00edzm\u00e9r\u0151-akna \u00e1llapot\u00e1t, k\u00fcl\u00f6n\u00f6sen a h\u00e9tv\u00e9gi h\u00e1zakban. A kerti csapokat csak akkor aj\u00e1nlatos \u00fczembe helyezni, amikor m\u00e1r nem v\u00e1rhat\u00f3ak fagyos \u00e9jszak\u00e1k, hiszen a hideg jelent\u0151sen k\u00e1ros\u00edthatja a szerkezeteket. Az \u00c9RV ZRt. szakemberei gyors \u00e9s egyszer\u0171 technik\u00e1t javasolnak az \u00e1llapotellen\u0151rz\u00e9sre \u00e9s a h\u00e1l\u00f3zat tesztel\u00e9s\u00e9re: z\u00e1rjuk el gondosan valamennyi v\u00edzv\u00e9teli hely kifoly\u00f3szerelv\u00e9ny\u00e9t \u00e9s n\u00e9zz\u00fck meg a v\u00edzm\u00e9r\u0151t. Ha a legkisebb csillagker\u00e9k m\u00e9gis p\u00f6r\u00f6g, valahol sziv\u00e1rg\u00e1s lehet a h\u00e1l\u00f3zaton, ez\u00e9rt \u00e9rdemes szakemberrel \u00e1tn\u00e9zetni a rendszert. Keress\u00fck meg a baj forr\u00e1s\u00e1t \u00e9s jav\u00edttassuk meg a hib\u00e1s szerelv\u00e9nyt vagy vezet\u00e9ket, emellett aj\u00e1nlatos legal\u00e1bb havonta egy alkalommal ellen\u0151rizn\u00fcnk az iv\u00f3v\u00edzm\u00e9r\u0151-akn\u00e1t.<\/p>\n<p>Probl\u00e9ma eset\u00e9n h\u00edvja az \u00c9RV ZRt. szakembereit a +36 48 514-550 telefonsz\u00e1mon!<\/p>\n<p>A t\u00e1j\u00e9koztat\u00f3 nyomtathat\u00f3 form\u00e1tumban let\u00f6lt\u00e9s\u00e9hez <a href=\"https:\/\/www.salgotarjan.hu\/wp-content\/uploads\/20170112_erv_tajekoztatas.pdf\">kattintson ide<\/a> (pdf)!<\/p>\n","protected":false},"excerpt":{"rendered":"<p>A sz\u00e9ls\u0151s\u00e9ges id\u0151j\u00e1r\u00e1si k\u00f6r\u00fclm\u00e9nyekre tekintettel az \u00c9RV Zrt. felh\u00edvja a lakoss\u00e1g figyelm\u00e9t a v\u00edzvezet\u00e9kek \u00e9s iv\u00f3v\u00edzm\u00e9r\u0151k fagy elleni v\u00e9delm\u00e9nek fontoss\u00e1g\u00e1ra. Az \u00e9jszakai fagyok bek\u00f6sz\u00f6nt\u00e9vel \u00e9rdemes idej\u00e9ben megtenn\u00fcnk a sz\u00fcks\u00e9ges \u00f3vint\u00e9zked\u00e9seket, hogy elker\u00fclj\u00fck a hideg hat\u00e1s\u00e1ra bek\u00f6vetkez\u0151 iv\u00f3v\u00edzm\u00e9r\u0151-meghib\u00e1sod\u00e1s helyre\u00e1ll\u00edt\u00e1s\u00e1nak, illetve a v\u00edzelfoly\u00e1s miatt jelentkez\u0151 magasabb v\u00edzd\u00edjsz\u00e1ml\u00e1nak a k\u00f6lts\u00e9geit. Az \u00c9szakmagyarorsz\u00e1gi Region\u00e1lis V\u00edzm\u0171vek ZRt. felh\u00edvja a figyelmet &#8230; <a title=\"V\u00edzvezet\u00e9kek \u00e9s iv\u00f3v\u00edzm\u00e9r\u0151k v\u00e9delme\" class=\"read-more\" href=\"https:\/\/www.salgotarjan.hu\/?p=5498\" aria-label=\"Read more about V\u00edzvezet\u00e9kek \u00e9s iv\u00f3v\u00edzm\u00e9r\u0151k v\u00e9delme\">Olvass tov\u00e1bb<\/a><\/p>\n","protected":false},"author":7,"featured_media":0,"comment_status":"closed","ping_status":"closed","sticky":false,"template":"","format":"standard","meta":{"footnotes":""},"categories":[1,10],"tags":[],"class_list":["post-5498","post","type-post","status-publish","format-standard","hentry","category-egyebek","category-hirek-aktualitasok"],"_links":{"self":[{"href":"https:\/\/www.salgotarjan.hu\/index.php?rest_route=\/wp\/v2\/posts\/5498","targetHints":{"allow":["GET"]}}],"collection":[{"href":"https:\/\/www.salgotarjan.hu\/index.php?rest_route=\/wp\/v2\/posts"}],"about":[{"href":"https:\/\/www.salgotarjan.hu\/index.php?rest_route=\/wp\/v2\/types\/post"}],"author":[{"embeddable":true,"href":"https:\/\/www.salgotarjan.hu\/index.php?rest_route=\/wp\/v2\/users\/7"}],"replies":[{"embeddable":true,"href":"https:\/\/www.salgotarjan.hu\/index.php?rest_route=%2Fwp%2Fv2%2Fcomments&post=5498"}],"version-history":[{"count":1,"href":"https:\/\/www.salgotarjan.hu\/index.php?rest_route=\/wp\/v2\/posts\/5498\/revisions"}],"predecessor-version":[{"id":5501,"href":"https:\/\/www.salgotarjan.hu\/index.php?rest_route=\/wp\/v2\/posts\/5498\/revisions\/5501"}],"wp:attachment":[{"href":"https:\/\/www.salgotarjan.hu\/index.php?rest_route=%2Fwp%2Fv2%2Fmedia&parent=5498"}],"wp:term":[{"taxonomy":"category","embeddable":true,"href":"https:\/\/www.salgotarjan.hu\/index.php?rest_route=%2Fwp%2Fv2%2Fcategories&post=5498"},{"taxonomy":"post_tag","embeddable":true,"href":"https:\/\/www.salgotarjan.hu\/index.php?rest_route=%2Fwp%2Fv2%2Ftags&post=5498"}],"curies":[{"name":"wp","href":"https:\/\/api.w.org\/{rel}","templated":true}]}}