{"id":5487,"date":"2017-01-12T08:12:32","date_gmt":"2017-01-12T07:12:32","guid":{"rendered":"https:\/\/www.salgotarjan.hu\/?p=5487"},"modified":"2019-04-21T12:10:29","modified_gmt":"2019-04-21T10:10:29","slug":"figyelemfelhivas","status":"publish","type":"post","link":"https:\/\/www.salgotarjan.hu\/?p=5487","title":{"rendered":"Figyelemfelh\u00edv\u00e1s"},"content":{"rendered":"<p>Salg\u00f3tarj\u00e1n Megyei Jog\u00fa V\u00e1ros polg\u00e1rmestere figyelemfelh\u00edv\u00e1st tett k\u00f6zz\u00e9 a sz\u00e1ll\u00f3 por (PM10) riaszt\u00e1si k\u00fcsz\u00f6b\u00e9rt\u00e9k \u00e1tl\u00e9p\u00e9s\u00e9nek t\u00e1rgy\u00e1ban. A l\u00e9gszennyez\u0151 anyag \u00e1tlagkoncentr\u00e1ci\u00f3ja k\u00e9t egym\u00e1st k\u00f6vet\u0151 napon meghaladta a riaszt\u00e1si k\u00fcsz\u00f6b\u00e9rt\u00e9ket, ez\u00e9rt <strong>a szmogriad\u00f3 riaszt\u00e1si fokozat\u00e1nak elrendel\u00e9si felt\u00e9tele \u00e1ll fenn<\/strong>.<\/p>\n<p>A teljes figyelemfelh\u00edv\u00e1s let\u00f6lt\u00e9s\u00e9hez <a href=\"https:\/\/www.salgotarjan.hu\/wp-content\/uploads\/20170112_figyelemfelhivas.pdf\">kattintson ide<\/a> (pdf).<\/p>\n","protected":false},"excerpt":{"rendered":"<p>Salg\u00f3tarj\u00e1n Megyei Jog\u00fa V\u00e1ros polg\u00e1rmestere figyelemfelh\u00edv\u00e1st tett k\u00f6zz\u00e9 a sz\u00e1ll\u00f3 por (PM10) riaszt\u00e1si k\u00fcsz\u00f6b\u00e9rt\u00e9k \u00e1tl\u00e9p\u00e9s\u00e9nek t\u00e1rgy\u00e1ban. A l\u00e9gszennyez\u0151 anyag \u00e1tlagkoncentr\u00e1ci\u00f3ja k\u00e9t egym\u00e1st k\u00f6vet\u0151 napon meghaladta a riaszt\u00e1si k\u00fcsz\u00f6b\u00e9rt\u00e9ket, ez\u00e9rt a szmogriad\u00f3 riaszt\u00e1si fokozat\u00e1nak elrendel\u00e9si felt\u00e9tele \u00e1ll fenn. A teljes figyelemfelh\u00edv\u00e1s let\u00f6lt\u00e9s\u00e9hez kattintson ide (pdf).<\/p>\n","protected":false},"author":7,"featured_media":0,"comment_status":"closed","ping_status":"closed","sticky":false,"template":"","format":"standard","meta":{"footnotes":""},"categories":[1,10],"tags":[],"class_list":["post-5487","post","type-post","status-publish","format-standard","hentry","category-egyebek","category-hirek-aktualitasok"],"_links":{"self":[{"href":"https:\/\/www.salgotarjan.hu\/index.php?rest_route=\/wp\/v2\/posts\/5487","targetHints":{"allow":["GET"]}}],"collection":[{"href":"https:\/\/www.salgotarjan.hu\/index.php?rest_route=\/wp\/v2\/posts"}],"about":[{"href":"https:\/\/www.salgotarjan.hu\/index.php?rest_route=\/wp\/v2\/types\/post"}],"author":[{"embeddable":true,"href":"https:\/\/www.salgotarjan.hu\/index.php?rest_route=\/wp\/v2\/users\/7"}],"replies":[{"embeddable":true,"href":"https:\/\/www.salgotarjan.hu\/index.php?rest_route=%2Fwp%2Fv2%2Fcomments&post=5487"}],"version-history":[{"count":1,"href":"https:\/\/www.salgotarjan.hu\/index.php?rest_route=\/wp\/v2\/posts\/5487\/revisions"}],"predecessor-version":[{"id":5489,"href":"https:\/\/www.salgotarjan.hu\/index.php?rest_route=\/wp\/v2\/posts\/5487\/revisions\/5489"}],"wp:attachment":[{"href":"https:\/\/www.salgotarjan.hu\/index.php?rest_route=%2Fwp%2Fv2%2Fmedia&parent=5487"}],"wp:term":[{"taxonomy":"category","embeddable":true,"href":"https:\/\/www.salgotarjan.hu\/index.php?rest_route=%2Fwp%2Fv2%2Fcategories&post=5487"},{"taxonomy":"post_tag","embeddable":true,"href":"https:\/\/www.salgotarjan.hu\/index.php?rest_route=%2Fwp%2Fv2%2Ftags&post=5487"}],"curies":[{"name":"wp","href":"https:\/\/api.w.org\/{rel}","templated":true}]}}