{"id":5466,"date":"2017-01-08T00:40:01","date_gmt":"2017-01-07T23:40:01","guid":{"rendered":"https:\/\/www.salgotarjan.hu\/?p=5466"},"modified":"2019-04-21T12:10:29","modified_gmt":"2019-04-21T10:10:29","slug":"5466","status":"publish","type":"post","link":"https:\/\/www.salgotarjan.hu\/?p=5466","title":{"rendered":"Lakoss\u00e1gi t\u00e1j\u00e9koztat\u00f3"},"content":{"rendered":"<p><strong>LAKOSS\u00c1GI T\u00c1J\u00c9KOZTAT\u00d3<\/strong><\/p>\n<p>\u00c9rtes\u00edtj\u00fck a Tisztelt Lak\u00f3kat, hogy <strong>t\u00e1vh\u0151vezet\u00e9k megrong\u00e1l\u00f3d\u00e1sa miatt<\/strong><br \/>\n<strong>2017. janu\u00e1r 8-\u00e1n (vas\u00e1rnap) 8.00 \u00f3r\u00e1t\u00f3l legk\u00e9s\u0151bb 18.00 \u00f3r\u00e1ig a f\u0171t\u00e9si \u00e9s haszn\u00e1lati melegv\u00edz szolg\u00e1ltat\u00e1s<br \/>\naz al\u00e1bbi \u00e9p\u00fcletekben \u00e9s ter\u00fcleteken\u00a0sz\u00fcnetel: <\/strong><\/p>\n<p><strong>&#8211; M\u00e1rcius 15. \u00fat 14-24.<br \/>\n&#8211; M\u00e1rcius 15. \u00fat 2-12.<br \/>\n&#8211; P\u00e9csk\u0151 \u00fat 2.<br \/>\n&#8211; Garzon I-II-es h\u00e1z<\/strong><br \/>\n&#8211; \u00c9VI\u00a0 I-II. \u00dczleth\u00e1zak<br \/>\n&#8211; Karancs Sz\u00e1lloda (K\u00ednai \u00fczlet, IBUSZ, MKB Bank, P\u00e9ks\u00e9g)<br \/>\n&#8211; J\u00f3zsef Attila M\u0171vel\u0151d\u00e9si K\u00f6zpont<br \/>\n&#8211; Bolyai J\u00e1nos Gimn\u00e1zium<br \/>\n&#8211; Lor\u00e1ntffy Koll\u00e9gium<br \/>\n&#8211; Sz\u00e1mviteli I. -es \u00e9s\u00a0 II. -es F\u0151iskola<br \/>\n&#8211; P\u00e9csk\u0151 \u00dczleth\u00e1z<br \/>\n&#8211; Erzs\u00e9bet t\u00e9r \u00e9s k\u00f6rny\u00e9ke ( \u00d3voda t\u00e9r )<br \/>\n&#8211; V\u00e1rosh\u00e1za \u00e9s M\u00fazeum<br \/>\n&#8211; Star \u00c1ruh\u00e1z \u00e9s Lakberendez\u00e9si \u00e1ruh\u00e1z<br \/>\n&#8211; M\u00c1V Vas\u00fat\u00e1llom\u00e1s<\/p>\n<p>A v\u00e1ros al\u00e1bbi ter\u00fcletein ugyanebben az id\u0151ben<br \/>\n<strong>cs\u00f6kkentett szolg\u00e1ltat\u00e1s lesz el\u00e9rhet\u0151:<\/strong><br \/>\n<strong>&#8211; P\u00e9csk\u0151 utca<br \/>\n&#8211; Meredek \u00fat 1-3.<br \/>\n&#8211; R\u00e1k\u00f3czi \u00fat 23., 26-34.<br \/>\n&#8211; Bem \u00fat<br \/>\n&#8211; Alag\u00fat \u00fat 4-10.<br \/>\n&#8211; \u00datt\u00f6r\u0151k \u00fatja 31-35.<br \/>\n&#8211; L\u0151wy S\u00e1ndor \u00fat 8-14.<br \/>\n&#8211; J\u00f3zsef Attila \u00fati t\u00e1vf\u0171t\u00e9ses h\u00e1zak <\/strong><\/p>\n<p>A v\u00e1rhat\u00f3an rendk\u00edv\u00fcli hideg miatt az \u00e9rintett ter\u00fcleteken \u00e9l\u0151k r\u00e9sz\u00e9re a V\u00e1rosi Sportcsarnokban (Salg\u00f3tarj\u00e1n, Kassai sor 54.) napk\u00f6zbeni meleged\u0151hely ker\u00fclt kijel\u00f6l\u00e9sre.<br \/>\nAmennyiben az \u00e9rintett lak\u00e1sokban jelent\u0151sen lecs\u00f6kken a h\u0151m\u00e9rs\u00e9klet \u00e9s ig\u00e9nybe k\u00edv\u00e1nj\u00e1k venni a meleged\u0151helyet, valamint eg\u00e9szs\u00e9g\u00fcgyi vagy m\u00e1s ok miatt \u00f6n\u00e1ll\u00f3an nem tudnak a kijel\u00f6lt helyre eljutni, azt a lak\u00f3h\u00e1z k\u00f6z\u00f6s k\u00e9pvisel\u0151j\u00e9n\u00e9l jelezz\u00e9k.<br \/>\nA meleged\u0151helyre felt\u00e9tlen vigyenek magukkal egy napi hideg \u00e9lelmet, irataikat, gy\u00f3gyszereiket, illetve azokat a szem\u00e9lyes holmikat, amelyek sz\u00fcks\u00e9gesek.<\/p>\n<p>A Salg\u00f3 Vagyon Kft. munkat\u00e1rsai igyekeznek mihamarabb, p\u00e1r \u00f3r\u00e1n bel\u00fcl megoldani a probl\u00e9m\u00e1t, hogy a lak\u00e1sokban \u00fajra be lehessen f\u0171teni.<br \/>\nK\u00e9rj\u00fck sz\u00edves t\u00fcrelm\u00fcket \u00e9s meg\u00e9rt\u00e9s\u00fcket!<\/p>\n<p>Salg\u00f3tarj\u00e1n, 2017. janu\u00e1r 8.<br \/>\nSalg\u00f3tarj\u00e1n Megyei Jog\u00fa V\u00e1ros \u00d6nkorm\u00e1nyzata<\/p>\n","protected":false},"excerpt":{"rendered":"<p>LAKOSS\u00c1GI T\u00c1J\u00c9KOZTAT\u00d3 \u00c9rtes\u00edtj\u00fck a Tisztelt Lak\u00f3kat, hogy t\u00e1vh\u0151vezet\u00e9k megrong\u00e1l\u00f3d\u00e1sa miatt 2017. janu\u00e1r 8-\u00e1n (vas\u00e1rnap) 8.00 \u00f3r\u00e1t\u00f3l legk\u00e9s\u0151bb 18.00 \u00f3r\u00e1ig a f\u0171t\u00e9si \u00e9s haszn\u00e1lati melegv\u00edz szolg\u00e1ltat\u00e1s az al\u00e1bbi \u00e9p\u00fcletekben \u00e9s ter\u00fcleteken\u00a0sz\u00fcnetel: &#8211; M\u00e1rcius 15. \u00fat 14-24. &#8211; M\u00e1rcius 15. \u00fat 2-12. &#8211; P\u00e9csk\u0151 \u00fat 2. &#8211; Garzon I-II-es h\u00e1z &#8211; \u00c9VI\u00a0 I-II. \u00dczleth\u00e1zak &#8211; Karancs Sz\u00e1lloda &#8230; <a title=\"Lakoss\u00e1gi t\u00e1j\u00e9koztat\u00f3\" class=\"read-more\" href=\"https:\/\/www.salgotarjan.hu\/?p=5466\" aria-label=\"Read more about Lakoss\u00e1gi t\u00e1j\u00e9koztat\u00f3\">Olvass tov\u00e1bb<\/a><\/p>\n","protected":false},"author":7,"featured_media":0,"comment_status":"closed","ping_status":"closed","sticky":false,"template":"","format":"standard","meta":{"footnotes":""},"categories":[1,10],"tags":[],"class_list":["post-5466","post","type-post","status-publish","format-standard","hentry","category-egyebek","category-hirek-aktualitasok"],"_links":{"self":[{"href":"https:\/\/www.salgotarjan.hu\/index.php?rest_route=\/wp\/v2\/posts\/5466","targetHints":{"allow":["GET"]}}],"collection":[{"href":"https:\/\/www.salgotarjan.hu\/index.php?rest_route=\/wp\/v2\/posts"}],"about":[{"href":"https:\/\/www.salgotarjan.hu\/index.php?rest_route=\/wp\/v2\/types\/post"}],"author":[{"embeddable":true,"href":"https:\/\/www.salgotarjan.hu\/index.php?rest_route=\/wp\/v2\/users\/7"}],"replies":[{"embeddable":true,"href":"https:\/\/www.salgotarjan.hu\/index.php?rest_route=%2Fwp%2Fv2%2Fcomments&post=5466"}],"version-history":[{"count":1,"href":"https:\/\/www.salgotarjan.hu\/index.php?rest_route=\/wp\/v2\/posts\/5466\/revisions"}],"predecessor-version":[{"id":5469,"href":"https:\/\/www.salgotarjan.hu\/index.php?rest_route=\/wp\/v2\/posts\/5466\/revisions\/5469"}],"wp:attachment":[{"href":"https:\/\/www.salgotarjan.hu\/index.php?rest_route=%2Fwp%2Fv2%2Fmedia&parent=5466"}],"wp:term":[{"taxonomy":"category","embeddable":true,"href":"https:\/\/www.salgotarjan.hu\/index.php?rest_route=%2Fwp%2Fv2%2Fcategories&post=5466"},{"taxonomy":"post_tag","embeddable":true,"href":"https:\/\/www.salgotarjan.hu\/index.php?rest_route=%2Fwp%2Fv2%2Ftags&post=5466"}],"curies":[{"name":"wp","href":"https:\/\/api.w.org\/{rel}","templated":true}]}}