{"id":4886,"date":"2016-10-02T09:12:40","date_gmt":"2016-10-02T07:12:40","guid":{"rendered":"http:\/\/www.salgotarjan.hu\/?p=4886"},"modified":"2019-04-21T12:11:29","modified_gmt":"2019-04-21T10:11:29","slug":"idosek-vilagnapja-es-civil-dijatado-unnepseg","status":"publish","type":"post","link":"https:\/\/www.salgotarjan.hu\/?p=4886","title":{"rendered":"Id\u0151sek vil\u00e1gnapja \u00e9s civil d\u00edj\u00e1tad\u00f3 \u00fcnneps\u00e9g"},"content":{"rendered":"<p><img loading=\"lazy\" decoding=\"async\" src=\"http:\/\/www.salgotarjan.hu\/wp-content\/uploads\/20161002_idosek_1.jpg\" alt=\"20161002_idosek_1\" width=\"480\" height=\"320\" class=\"alignnone size-full wp-image-4887\" srcset=\"https:\/\/www.salgotarjan.hu\/wp-content\/uploads\/20161002_idosek_1.jpg 480w, https:\/\/www.salgotarjan.hu\/wp-content\/uploads\/20161002_idosek_1-300x200.jpg 300w\" sizes=\"auto, (max-width: 480px) 100vw, 480px\" \/><\/p>\n<p>Az Id\u0151sek vil\u00e1gnapja alkalm\u00e1b\u00f3l rendeztek szombat d\u00e9lut\u00e1n \u00fcnnepi g\u00e1l\u00e1t a J\u00f3zsef Attila M\u0171vel\u0151d\u00e9si K\u00f6zpont sz\u00ednh\u00e1zterm\u00e9ben, amelyen a v\u00e1ros civil d\u00edjainak \u00e1tad\u00e1s\u00e1ra is sor ker\u00fclt. A rendezv\u00e9ny vend\u00e9geit Fekete L\u00e1szl\u00f3n\u00e9, a Nyugd\u00edjasok N\u00f3gr\u00e1d Megyei K\u00e9pviselet\u00e9nek eln\u00f6ke \u00fcdv\u00f6z\u00f6lte, majd Husz\u00e1r M\u00e1t\u00e9 alpolg\u00e1rmester mondott \u00fcnnepi k\u00f6sz\u00f6nt\u0151t.<\/p>\n<p>Az alpolg\u00e1rmester sz\u00f3lt arr\u00f3l, hogy a vil\u00e1gnap becs\u00fclend\u0151 kezdem\u00e9nyez\u00e9se mellett a helyi k\u00f6z\u00f6ss\u00e9geknek \u00e9s a v\u00e1rosnak is folyamatosan, elk\u00f6telezetten kell t\u00f6rekednie arra, hogy az id\u0151sek \u00e9lete min\u00e9l szebb \u00e9s k\u00f6nnyebb legyen, valamint hangs\u00falyt kell helyezni az id\u0151sek akt\u00edv k\u00f6z\u00f6ss\u00e9gi r\u00e9szv\u00e9tel\u00e9t el\u0151seg\u00edt\u0151 programokra is.<br \/>\nMegfogalmaz\u00e1sa szerint a nemzed\u00e9kek k\u00f6z\u00f6tti egy\u00fcttm\u0171k\u00f6d\u00e9sre, mint alappill\u00e9re \u00e9p\u00edtj\u00fck mindazt, amit az id\u0151s emberek\u00e9rt tesz\u00fcnk \u00e9s amit tenni tervez\u00fcnk. Az alpolg\u00e1rmester \u00fcnnepi besz\u00e9d\u00e9ben azt is bejelentette, hogy Salg\u00f3tarj\u00e1n v\u00e1rosa \u00fajra l\u00e9trehozza az Id\u0151s\u00fcgyi Tan\u00e1cs int\u00e9zm\u00e9ny\u00e9t, mert az id\u0151sebb gener\u00e1ci\u00f3k v\u00e9lem\u00e9nye, javaslatai fontosak ahhoz, hogy Salg\u00f3tarj\u00e1n \u00e9lhet\u0151bb v\u00e1ros legyen.<\/p>\n<p><img loading=\"lazy\" decoding=\"async\" src=\"http:\/\/www.salgotarjan.hu\/wp-content\/uploads\/20161002_idosek_2.jpg\" alt=\"20161002_idosek_2\" width=\"480\" height=\"320\" class=\"alignnone size-full wp-image-4888\" srcset=\"https:\/\/www.salgotarjan.hu\/wp-content\/uploads\/20161002_idosek_2.jpg 480w, https:\/\/www.salgotarjan.hu\/wp-content\/uploads\/20161002_idosek_2-300x200.jpg 300w\" sizes=\"auto, (max-width: 480px) 100vw, 480px\" \/><\/p>\n<p>A zen\u00e9s m\u0171sorral sz\u00ednes\u00edtett g\u00e1l\u00e1n a hagyom\u00e1nyoknak megfelel\u0151en id\u00e9n is \u00e1tadt\u00e1k a Salg\u00f3tarj\u00e1n Civil T\u00e1rsadalm\u00e1\u00e9rt \u00e9s a Salg\u00f3tarj\u00e1n Eml\u00e9k\u00e9rem d\u00edjakat.<\/p>\n<p>Id\u00e9n Salg\u00f3tarj\u00e1n k\u00f6zgy\u0171l\u00e9se a v\u00e1ros civil \u00e9let\u00e9ben v\u00e9gzett \u00f6nzetlen, \u00e1ldozatos \u00e9s felel\u0151ss\u00e9gteljes munk\u00e1ja elismer\u00e9sek\u00e9nt Szab\u00f3 Istv\u00e1nn\u00e9t r\u00e9szes\u00edtette \u201eSalg\u00f3tarj\u00e1n Civil T\u00e1rsadalm\u00e1\u00e9rt\u201d d\u00edjban. Szab\u00f3 Istv\u00e1nn\u00e9 (T\u00f3th Piroska) nyugd\u00edjba vonul\u00e1s\u00e1ig pedag\u00f3gusk\u00e9nt \u00e9s int\u00e9zm\u00e9nyvezet\u0151k\u00e9nt v\u00e9gezte munk\u00e1j\u00e1t a Pet\u0151fi S\u00e1ndor \u00c1ltal\u00e1nos Iskol\u00e1ban, a N\u00f3gr\u00e1d Megyei Pedag\u00f3giai Int\u00e9zetben, a b\u00e1tonyterenyei 3. sz. iskol\u00e1ban \u00e9s a Baglyasaljai H\u00e9tk\u00f6zi Di\u00e1kotthonban. Munk\u00e1j\u00e1nak k\u00f6z\u00e9ppontj\u00e1ban a neh\u00e9z, h\u00e1tr\u00e1nyos helyzetben \u00e9l\u0151 gyermekek \u00e9s a probl\u00e9m\u00e1ikra megold\u00e1st keres\u0151 pedag\u00f3giai m\u00f3dszerek \u00e1lltak.<\/p>\n<p>Posztumusz Salg\u00f3tarj\u00e1n Eml\u00e9k\u00e9rem d\u00edjban r\u00e9szes\u00edtette a k\u00f6zgy\u0171l\u00e9s Dr. Horv\u00e1th Emiln\u00e9t, a Belszervi Betegek Salg\u00f3tarj\u00e1ni Egyes\u00fclet\u00e9ben v\u00e9gzett kiemelked\u0151 vezet\u0151i \u00e9s k\u00f6z\u00f6ss\u00e9g\u00e9p\u00edt\u0151 tev\u00e9kenys\u00e9ge elismer\u00e9sek\u00e9nt.<\/p>\n<p>Salg\u00f3tarj\u00e1n Eml\u00e9k\u00e9remben r\u00e9szes\u00fclt Tari Ott\u00f3, a T\u00e1rsadalmi Egyes\u00fcl\u00e9sek Orsz\u00e1gos Sz\u00f6vets\u00e9ge N\u00f3gr\u00e1d Megyei Szervezet\u00e9ben v\u00e9gzett kiemelked\u0151 vezet\u0151i tev\u00e9kenys\u00e9g\u00e9\u00e9rt, valamint a v\u00e1ros civil \u00e9let\u00e9ben kifejtett magas sz\u00ednvonal\u00fa munk\u00e1ja elismer\u00e9sek\u00e9nt szint\u00e9n Salg\u00f3tarj\u00e1n Eml\u00e9k\u00e9rem d\u00edjat vehetett \u00e1t Csab\u00e1n\u00e9 Marosv\u00e1ri M\u00e1rta.<\/p>\n","protected":false},"excerpt":{"rendered":"<p>Az Id\u0151sek vil\u00e1gnapja alkalm\u00e1b\u00f3l rendeztek szombat d\u00e9lut\u00e1n \u00fcnnepi g\u00e1l\u00e1t a J\u00f3zsef Attila M\u0171vel\u0151d\u00e9si K\u00f6zpont sz\u00ednh\u00e1zterm\u00e9ben, amelyen a v\u00e1ros civil d\u00edjainak \u00e1tad\u00e1s\u00e1ra is sor ker\u00fclt. A rendezv\u00e9ny vend\u00e9geit Fekete L\u00e1szl\u00f3n\u00e9, a Nyugd\u00edjasok N\u00f3gr\u00e1d Megyei K\u00e9pviselet\u00e9nek eln\u00f6ke \u00fcdv\u00f6z\u00f6lte, majd Husz\u00e1r M\u00e1t\u00e9 alpolg\u00e1rmester mondott \u00fcnnepi k\u00f6sz\u00f6nt\u0151t. Az alpolg\u00e1rmester sz\u00f3lt arr\u00f3l, hogy a vil\u00e1gnap becs\u00fclend\u0151 kezdem\u00e9nyez\u00e9se mellett a helyi &#8230; <a title=\"Id\u0151sek vil\u00e1gnapja \u00e9s civil d\u00edj\u00e1tad\u00f3 \u00fcnneps\u00e9g\" class=\"read-more\" href=\"https:\/\/www.salgotarjan.hu\/?p=4886\" aria-label=\"Read more about Id\u0151sek vil\u00e1gnapja \u00e9s civil d\u00edj\u00e1tad\u00f3 \u00fcnneps\u00e9g\">Olvass tov\u00e1bb<\/a><\/p>\n","protected":false},"author":7,"featured_media":0,"comment_status":"closed","ping_status":"closed","sticky":false,"template":"","format":"standard","meta":{"footnotes":""},"categories":[1,10],"tags":[],"class_list":["post-4886","post","type-post","status-publish","format-standard","hentry","category-egyebek","category-hirek-aktualitasok"],"_links":{"self":[{"href":"https:\/\/www.salgotarjan.hu\/index.php?rest_route=\/wp\/v2\/posts\/4886","targetHints":{"allow":["GET"]}}],"collection":[{"href":"https:\/\/www.salgotarjan.hu\/index.php?rest_route=\/wp\/v2\/posts"}],"about":[{"href":"https:\/\/www.salgotarjan.hu\/index.php?rest_route=\/wp\/v2\/types\/post"}],"author":[{"embeddable":true,"href":"https:\/\/www.salgotarjan.hu\/index.php?rest_route=\/wp\/v2\/users\/7"}],"replies":[{"embeddable":true,"href":"https:\/\/www.salgotarjan.hu\/index.php?rest_route=%2Fwp%2Fv2%2Fcomments&post=4886"}],"version-history":[{"count":6,"href":"https:\/\/www.salgotarjan.hu\/index.php?rest_route=\/wp\/v2\/posts\/4886\/revisions"}],"predecessor-version":[{"id":4894,"href":"https:\/\/www.salgotarjan.hu\/index.php?rest_route=\/wp\/v2\/posts\/4886\/revisions\/4894"}],"wp:attachment":[{"href":"https:\/\/www.salgotarjan.hu\/index.php?rest_route=%2Fwp%2Fv2%2Fmedia&parent=4886"}],"wp:term":[{"taxonomy":"category","embeddable":true,"href":"https:\/\/www.salgotarjan.hu\/index.php?rest_route=%2Fwp%2Fv2%2Fcategories&post=4886"},{"taxonomy":"post_tag","embeddable":true,"href":"https:\/\/www.salgotarjan.hu\/index.php?rest_route=%2Fwp%2Fv2%2Ftags&post=4886"}],"curies":[{"name":"wp","href":"https:\/\/api.w.org\/{rel}","templated":true}]}}