{"id":4879,"date":"2016-09-30T17:48:10","date_gmt":"2016-09-30T15:48:10","guid":{"rendered":"http:\/\/www.salgotarjan.hu\/?p=4879"},"modified":"2019-04-21T12:11:29","modified_gmt":"2019-04-21T10:11:29","slug":"mikrocenzus-2016","status":"publish","type":"post","link":"https:\/\/www.salgotarjan.hu\/?p=4879","title":{"rendered":"Mikrocenzus 2016."},"content":{"rendered":"<p>Mikrocenzust, azaz n\u00e9pess\u00e9g-\u00f6ssze\u00edr\u00e1st tart a KSH a lakoss\u00e1g 10%-\u00e1nak bevon\u00e1s\u00e1val, az elm\u00falt 5 \u00e9v t\u00e1rsadalmi v\u00e1ltoz\u00e1sait m\u00e9rik fel.<\/p>\n<p><iframe loading=\"lazy\" width=\"560\" height=\"315\" src=\"https:\/\/www.youtube.com\/embed\/RkDvG0S2OHw?rel=0&amp;showinfo=0\" frameborder=\"0\" allowfullscreen><\/iframe><\/p>\n<p>Salg\u00f3tarj\u00e1n, 2016. szeptember 29. \u2013 Mikrocenzust tart 2016. okt\u00f3ber 1-je \u00e9s november 8-a k\u00f6z\u00f6tt a K\u00f6zponti Statisztikai Hivatal. A n\u00e9pess\u00e9g-\u00f6ssze\u00edr\u00e1s sor\u00e1n t\u00f6bb ponton is \u00faj\u00edt a KSH: a vizsg\u00e1lt minta a kor\u00e1bbin\u00e1l j\u00f3val nagyobb, 10 %-os lesz, \u00e9s ez az els\u0151 alkalom, hogy a k\u00e9rd\u0151\u00edvek kit\u00f6lt\u00e9se kiz\u00e1r\u00f3lag elektronikusan t\u00f6rt\u00e9nik. Tov\u00e1bbi \u00fajdons\u00e1g, hogy a hagyom\u00e1nyos szem\u00e9lyi \u00e9s lak\u00e1sk\u00e9rd\u0151\u00edveken t\u00fal kieg\u00e9sz\u00edt\u0151 k\u00e9rd\u00e9ssorok megv\u00e1laszol\u00e1s\u00e1ra is k\u00e9rik az adatszolg\u00e1ltat\u00f3kat. Az \u00f6ssze\u00edr\u00e1s az orsz\u00e1g 2148 telep\u00fcl\u00e9s\u00e9n mintegy 440 ezer c\u00edmet \u00e9rint. A mikrocenzust t\u00f6rv\u00e9ny rendeli el, a kiv\u00e1lasztott lak\u00e1sokban lak\u00f3k r\u00e9szv\u00e9tele k\u00f6telez\u0151.<\/p>\n<p>2016. okt\u00f3ber 1-je \u00e9s november 8-a k\u00f6z\u00f6tt a K\u00f6zponti Statisztikai Hivatal mikrocenzust, vagyis n\u00e9pess\u00e9g-\u00f6ssze\u00edr\u00e1st tart. A mikrocenzusnak k\u00f6sz\u00f6nhet\u0151en a K\u00f6zponti Statisztikai Hivatal adatokat nyer a n\u00e9pess\u00e9g nagys\u00e1g\u00e1r\u00f3l \u00e9s \u00f6sszet\u00e9tel\u00e9r\u0151l \u00e9letkor, nem, csal\u00e1di \u00e1llapot, iskolai v\u00e9gzetts\u00e9g, foglalkoztatotts\u00e1g, nemzetis\u00e9g \u00e9s sok m\u00e1s fontos demogr\u00e1fiai mutat\u00f3 alapj\u00e1n, de r\u00e9szletes k\u00e9pet kaphatunk a h\u00e1ztart\u00e1sok \u00e9s a csal\u00e1dok f\u0151bb jellemz\u0151ir\u0151l \u00e9s a lak\u00e1s\u00e1llom\u00e1ny f\u0151bb adatair\u00f3l is.  <\/p>\n<p>Az els\u0151 mikrocenzusra 1963-ban ker\u00fclt sor; az\u00f3ta ez a mintav\u00e9teles adatgy\u0171jt\u00e9s seg\u00edt abban, hogy a t\u00e1rsadalomr\u00f3l k\u00e9t n\u00e9psz\u00e1ml\u00e1l\u00e1s k\u00f6z\u00f6tt eltelt id\u0151ben is \u00e1tfog\u00f3 \u00e9s re\u00e1lis k\u00e9pet kapjunk. Az ut\u00f3bbi \u00e9vekben n\u00f6vekedtek a ter\u00fcleti adatok ir\u00e1nti ig\u00e9nyek, \u00edgy a n\u00e9pess\u00e9g-\u00f6ssze\u00edr\u00e1st a kor\u00e1bbin\u00e1l j\u00f3val sz\u00e9lesebb k\u00f6rben, a lakoss\u00e1gnak mintegy 10%-\u00e1n hajtj\u00e1k majd v\u00e9gre \u2013 minden tizedik h\u00e1ztart\u00e1s \u00e9rintett lesz teh\u00e1t. A minta kiv\u00e1laszt\u00e1s\u00e1nak legfontosabb szempontja az volt, hogy a mikrocenzus eredm\u00e9nyei ter\u00fcleti szinten is megb\u00edzhat\u00f3 adatokkal szolg\u00e1ljanak, \u00edgy a felm\u00e9r\u00e9sben 2148 telep\u00fcl\u00e9s, 440\u00a0ezer mag\u00e1nh\u00e1ztart\u00e1s \u00e9s 500 int\u00e9zet vesz r\u00e9szt. <\/p>\n<p>A mikrocenzusnak az\u00e9rt is van kiemelt jelent\u0151s\u00e9ge a t\u00e1rsadalmi folyamatok nyomon k\u00f6vet\u00e9s\u00e9ben, mert r\u00e9szletesebb inform\u00e1ci\u00f3k gy\u0171jthet\u0151k olyan k\u00e9rd\u00e9sekben is, amelyekre a t\u00edz\u00e9venk\u00e9nti n\u00e9psz\u00e1ml\u00e1l\u00e1s nem ad lehet\u0151s\u00e9get. Ilyen k\u00e9rd\u00e9sek az idei mikrocenzus alkalm\u00e1val a t\u00e1rsadalom r\u00e9tegz\u0151d\u00e9se, az egyes foglalkoz\u00e1sok preszt\u00edzse, v\u00e9lem\u00e9ny\u00fcnk saj\u00e1t j\u00f3ll\u00e9t\u00fcnkr\u0151l, az eg\u00e9szs\u00e9gi probl\u00e9m\u00e1b\u00f3l fakad\u00f3 akad\u00e1lyozotts\u00e1g \u00e9s a nemzetk\u00f6zi v\u00e1ndorl\u00e1s.  A szem\u00e9lyi \u00e9s lak\u00e1s k\u00e9rd\u0151\u00edv biztos\u00edtja az \u00f6sszehasonl\u00edt\u00e1st a legut\u00f3bbi n\u00e9psz\u00e1ml\u00e1l\u00e1shoz k\u00e9pest. <\/p>\n<p>A n\u00e9pess\u00e9g-\u00f6ssze\u00edr\u00e1sok t\u00f6rt\u00e9net\u00e9ben ez az els\u0151 alkalom, amikor az adatfelv\u00e9tel kiz\u00e1r\u00f3lag elektronikus \u00faton t\u00f6rt\u00e9nik majd. Okt\u00f3ber 1-je \u00e9s 9-e k\u00f6z\u00f6tt lehet\u0151s\u00e9g lesz internetes v\u00e1laszad\u00e1sra (az ehhez sz\u00fcks\u00e9ges k\u00f3dot az \u00e9rintettek sz\u00e1m\u00e1ra megk\u00fcld\u00f6tt felk\u00e9r\u0151lev\u00e9l tartalmazza), okt\u00f3ber 10-t\u0151l pedig sz\u00e1ml\u00e1l\u00f3biztosok keresik fel azokat, akik az online k\u00e9rd\u0151\u00edvet nem t\u00f6lt\u00f6tt\u00e9k ki. A v\u00e1laszokat a sz\u00e1ml\u00e1l\u00f3biztosok laptopon \u00e9s tableten r\u00f6gz\u00edtik, a KSH-rendszer\u00e9be pedig z\u00e1rt csatorn\u00e1n kereszt\u00fcl ker\u00fclnek be a v\u00e1laszok.<br \/>\nA mikrocenzus lak\u00e1s- \u00e9s szem\u00e9lyi k\u00e9rd\u0151\u00edv\u00e9nek megv\u00e1laszol\u00e1s\u00e1t t\u00f6rv\u00e9ny \u00edrja el\u0151 azoknak, akik a mint\u00e1ba beker\u00fcltek. Ezeken t\u00fal minden k\u00e9rd\u0151\u00edvcsomag kieg\u00e9sz\u00edt\u0151 k\u00e9rd\u0151\u00edvet is tartalmaz. A kieg\u00e9sz\u00edt\u0151 k\u00e9rd\u00e9sekre a v\u00e1laszad\u00e1s \u00f6nk\u00e9ntes. Az \u00f6t kieg\u00e9sz\u00edt\u0151 k\u00e9rd\u0151\u00edvb\u0151l minden h\u00e1ztart\u00e1shoz csak egyf\u00e9le k\u00e9rd\u00e9ssor tartozik.<br \/>\nA mikrocenzusban r\u00e9szt vev\u0151 sz\u00e1ml\u00e1l\u00f3biztosok szakmai \u00e9s kommunik\u00e1ci\u00f3s szempontb\u00f3l egyar\u00e1nt felk\u00e9sz\u00fcltek, kiv\u00e1laszt\u00e1suk t\u00f6bb fordul\u00f3ban zajlott, t\u00f6bbl\u00e9pcs\u0151s k\u00e9pz\u00e9sben vettek r\u00e9szt \u00e9s vizsg\u00e1t tettek. A KSH \u00e1ltal megb\u00edzott \u00f6ssze\u00edr\u00f3k sorsz\u00e1mozott azonos\u00edt\u00f3 k\u00e1rty\u00e1t kapnak, amely f\u00e9nyk\u00e9pes igazolv\u00e1nnyal egy\u00fctt \u00e9rv\u00e9nyes. A sz\u00e1ml\u00e1l\u00f3biztosok szem\u00e9lyazonoss\u00e1g\u00e1t egy ingyenesen h\u00edvhat\u00f3 z\u00f6ld sz\u00e1mon lehet majd ellen\u0151rizni.<br \/>\nA mikrocenzus sor\u00e1n a KSH kiemelt figyelmet ford\u00edt az adatok v\u00e9delm\u00e9re. A k\u00e9rd\u0151\u00edveken nem szerepel a v\u00e1laszad\u00f3 neve, a K\u00f6zponti Statisztikai Hivatal pedig biztos\u00edtja, hogy az adatfeldolgoz\u00e1st k\u00f6vet\u0151en az adatok ne legyenek kapcsolatba hozhat\u00f3k az azokat szolg\u00e1ltat\u00f3 szem\u00e9lyekkel. Az \u00f6sszegy\u0171jt\u00f6tt adatok kiz\u00e1r\u00f3lag statisztikai c\u00e9lra haszn\u00e1lhat\u00f3k.<br \/>\nAz els\u0151 eredm\u00e9nyek v\u00e1rhat\u00f3an 2017 m\u00e1jus\u00e1ban lesznek el\u00e9rhet\u0151ek \u2013 a kor\u00e1bbi n\u00e9psz\u00e1ml\u00e1l\u00e1sokhoz k\u00e9pest teh\u00e1t j\u00f3val hamarabb juthatunk hozz\u00e1 a t\u00e1rsadalom aktu\u00e1lis \u00e1llapot\u00e1t t\u00fckr\u00f6z\u0151 inform\u00e1ci\u00f3khoz. Az eredm\u00e9nyek els\u0151 k\u00f6zl\u00e9s\u00e9t t\u00f6bb tematikus kiadv\u00e1ny is k\u00f6veti majd, a publik\u00e1lt eredm\u00e9nyekhez pedig els\u0151sorban a KSH weboldal\u00e1n lehet majd hozz\u00e1f\u00e9rni.<br \/>\nN\u00f3gr\u00e1d megy\u00e9ben a mikrocenzus 88 telep\u00fcl\u00e9sen, k\u00f6zel 10,5 ezer mag\u00e1nh\u00e1ztart\u00e1sban \u00e9s 6 int\u00e9zetben ker\u00fcl v\u00e9grehajt\u00e1sra. Akik nem \u00e9lnek az internetes \u00f6nkit\u00f6lt\u00e9s lehet\u0151s\u00e9g\u00e9vel, azokat a 83 megfelel\u0151en felk\u00e9sz\u00fclt sz\u00e1ml\u00e1l\u00f3biztos egyike keresi fel \u00f6ssze\u00edr\u00e1s c\u00e9lj\u00e1b\u00f3l. A sz\u00e1ml\u00e1l\u00f3biztosok sorsz\u00e1mozott igazolv\u00e1nnyal rendelkeznek. A mintanagys\u00e1g lehet\u0151v\u00e9 teszi, hogy megb\u00edzhat\u00f3 t\u00e9rs\u00e9gi adatok is rendelkez\u00e9sre \u00e1lljanak. <\/p>\n<p>Tov\u00e1bbi inform\u00e1ci\u00f3: http:\/\/www.ksh.hu\/mikrocenzus2016<\/p>\n<p><img loading=\"lazy\" decoding=\"async\" src=\"http:\/\/www.salgotarjan.hu\/wp-content\/uploads\/20160930_mikrocenzus_plakat.jpg\" alt=\"20160930_mikrocenzus_plakat\" width=\"480\" height=\"845\" class=\"alignnone size-full wp-image-4880\" srcset=\"https:\/\/www.salgotarjan.hu\/wp-content\/uploads\/20160930_mikrocenzus_plakat.jpg 480w, https:\/\/www.salgotarjan.hu\/wp-content\/uploads\/20160930_mikrocenzus_plakat-170x300.jpg 170w\" sizes=\"auto, (max-width: 480px) 100vw, 480px\" \/><\/p>\n","protected":false},"excerpt":{"rendered":"<p>Mikrocenzust, azaz n\u00e9pess\u00e9g-\u00f6ssze\u00edr\u00e1st tart a KSH a lakoss\u00e1g 10%-\u00e1nak bevon\u00e1s\u00e1val, az elm\u00falt 5 \u00e9v t\u00e1rsadalmi v\u00e1ltoz\u00e1sait m\u00e9rik fel. Salg\u00f3tarj\u00e1n, 2016. szeptember 29. \u2013 Mikrocenzust tart 2016. okt\u00f3ber 1-je \u00e9s november 8-a k\u00f6z\u00f6tt a K\u00f6zponti Statisztikai Hivatal. A n\u00e9pess\u00e9g-\u00f6ssze\u00edr\u00e1s sor\u00e1n t\u00f6bb ponton is \u00faj\u00edt a KSH: a vizsg\u00e1lt minta a kor\u00e1bbin\u00e1l j\u00f3val nagyobb, 10 %-os lesz, &#8230; <a title=\"Mikrocenzus 2016.\" class=\"read-more\" href=\"https:\/\/www.salgotarjan.hu\/?p=4879\" aria-label=\"Read more about Mikrocenzus 2016.\">Olvass tov\u00e1bb<\/a><\/p>\n","protected":false},"author":7,"featured_media":0,"comment_status":"closed","ping_status":"closed","sticky":false,"template":"","format":"standard","meta":{"footnotes":""},"categories":[1,10],"tags":[],"class_list":["post-4879","post","type-post","status-publish","format-standard","hentry","category-egyebek","category-hirek-aktualitasok"],"_links":{"self":[{"href":"https:\/\/www.salgotarjan.hu\/index.php?rest_route=\/wp\/v2\/posts\/4879","targetHints":{"allow":["GET"]}}],"collection":[{"href":"https:\/\/www.salgotarjan.hu\/index.php?rest_route=\/wp\/v2\/posts"}],"about":[{"href":"https:\/\/www.salgotarjan.hu\/index.php?rest_route=\/wp\/v2\/types\/post"}],"author":[{"embeddable":true,"href":"https:\/\/www.salgotarjan.hu\/index.php?rest_route=\/wp\/v2\/users\/7"}],"replies":[{"embeddable":true,"href":"https:\/\/www.salgotarjan.hu\/index.php?rest_route=%2Fwp%2Fv2%2Fcomments&post=4879"}],"version-history":[{"count":2,"href":"https:\/\/www.salgotarjan.hu\/index.php?rest_route=\/wp\/v2\/posts\/4879\/revisions"}],"predecessor-version":[{"id":4883,"href":"https:\/\/www.salgotarjan.hu\/index.php?rest_route=\/wp\/v2\/posts\/4879\/revisions\/4883"}],"wp:attachment":[{"href":"https:\/\/www.salgotarjan.hu\/index.php?rest_route=%2Fwp%2Fv2%2Fmedia&parent=4879"}],"wp:term":[{"taxonomy":"category","embeddable":true,"href":"https:\/\/www.salgotarjan.hu\/index.php?rest_route=%2Fwp%2Fv2%2Fcategories&post=4879"},{"taxonomy":"post_tag","embeddable":true,"href":"https:\/\/www.salgotarjan.hu\/index.php?rest_route=%2Fwp%2Fv2%2Ftags&post=4879"}],"curies":[{"name":"wp","href":"https:\/\/api.w.org\/{rel}","templated":true}]}}