{"id":4874,"date":"2016-10-01T10:00:13","date_gmt":"2016-10-01T08:00:13","guid":{"rendered":"http:\/\/www.salgotarjan.hu\/?p=4874"},"modified":"2019-04-21T12:11:29","modified_gmt":"2019-04-21T10:11:29","slug":"hirdetmeny-6","status":"publish","type":"post","link":"https:\/\/www.salgotarjan.hu\/?p=4874","title":{"rendered":"Hirdetm\u00e9ny"},"content":{"rendered":"<p>\u00c9rtes\u00edtem Salg\u00f3tarj\u00e1n v\u00e1ros \u00e9s k\u00f6rny\u00e9k\u00e9nek lakoss\u00e1g\u00e1t, hogy a Polg\u00e1rmesteri Hivatalban a 2016. okt\u00f3ber 2-i orsz\u00e1gos n\u00e9pszavaz\u00e1sra tekintettel<br \/>\n<strong>az \u00fcgyf\u00e9lfogad\u00e1s 2016. okt\u00f3ber 3-\u00e1n (h\u00e9tf\u0151n) sz\u00fcnetel<\/strong>.<\/p>\n<p>Ezen a napon a Hivatal valamennyi szervezeti egys\u00e9ge telefonon \u00fcgyeletet tart.<\/p>\n<p>A megv\u00e1ltozott \u00fcgyf\u00e9lfogad\u00e1si rend miatt k\u00e9rem sz\u00edves meg\u00e9rt\u00e9s\u00fcket.<\/p>\n<p><strong>T\u00f3thn\u00e9 dr. Kerekes Andrea<\/strong> sk.<br \/>\njegyz\u0151<\/p>\n","protected":false},"excerpt":{"rendered":"<p>\u00c9rtes\u00edtem Salg\u00f3tarj\u00e1n v\u00e1ros \u00e9s k\u00f6rny\u00e9k\u00e9nek lakoss\u00e1g\u00e1t, hogy a Polg\u00e1rmesteri Hivatalban a 2016. okt\u00f3ber 2-i orsz\u00e1gos n\u00e9pszavaz\u00e1sra tekintettel az \u00fcgyf\u00e9lfogad\u00e1s 2016. okt\u00f3ber 3-\u00e1n (h\u00e9tf\u0151n) sz\u00fcnetel. Ezen a napon a Hivatal valamennyi szervezeti egys\u00e9ge telefonon \u00fcgyeletet tart. A megv\u00e1ltozott \u00fcgyf\u00e9lfogad\u00e1si rend miatt k\u00e9rem sz\u00edves meg\u00e9rt\u00e9s\u00fcket. T\u00f3thn\u00e9 dr. Kerekes Andrea sk. jegyz\u0151<\/p>\n","protected":false},"author":7,"featured_media":0,"comment_status":"closed","ping_status":"closed","sticky":false,"template":"","format":"standard","meta":{"footnotes":""},"categories":[1,10],"tags":[],"class_list":["post-4874","post","type-post","status-publish","format-standard","hentry","category-egyebek","category-hirek-aktualitasok"],"_links":{"self":[{"href":"https:\/\/www.salgotarjan.hu\/index.php?rest_route=\/wp\/v2\/posts\/4874","targetHints":{"allow":["GET"]}}],"collection":[{"href":"https:\/\/www.salgotarjan.hu\/index.php?rest_route=\/wp\/v2\/posts"}],"about":[{"href":"https:\/\/www.salgotarjan.hu\/index.php?rest_route=\/wp\/v2\/types\/post"}],"author":[{"embeddable":true,"href":"https:\/\/www.salgotarjan.hu\/index.php?rest_route=\/wp\/v2\/users\/7"}],"replies":[{"embeddable":true,"href":"https:\/\/www.salgotarjan.hu\/index.php?rest_route=%2Fwp%2Fv2%2Fcomments&post=4874"}],"version-history":[{"count":1,"href":"https:\/\/www.salgotarjan.hu\/index.php?rest_route=\/wp\/v2\/posts\/4874\/revisions"}],"predecessor-version":[{"id":4875,"href":"https:\/\/www.salgotarjan.hu\/index.php?rest_route=\/wp\/v2\/posts\/4874\/revisions\/4875"}],"wp:attachment":[{"href":"https:\/\/www.salgotarjan.hu\/index.php?rest_route=%2Fwp%2Fv2%2Fmedia&parent=4874"}],"wp:term":[{"taxonomy":"category","embeddable":true,"href":"https:\/\/www.salgotarjan.hu\/index.php?rest_route=%2Fwp%2Fv2%2Fcategories&post=4874"},{"taxonomy":"post_tag","embeddable":true,"href":"https:\/\/www.salgotarjan.hu\/index.php?rest_route=%2Fwp%2Fv2%2Ftags&post=4874"}],"curies":[{"name":"wp","href":"https:\/\/api.w.org\/{rel}","templated":true}]}}