{"id":4869,"date":"2016-09-29T09:51:33","date_gmt":"2016-09-29T07:51:33","guid":{"rendered":"http:\/\/www.salgotarjan.hu\/?p=4869"},"modified":"2019-04-21T12:11:29","modified_gmt":"2019-04-21T10:11:29","slug":"geotop-nap-a-novohrad-nograd-geoparkban","status":"publish","type":"post","link":"https:\/\/www.salgotarjan.hu\/?p=4869","title":{"rendered":"Geot\u00f3p-nap a Novohrad-N\u00f3gr\u00e1d Geoparkban"},"content":{"rendered":"<p><img loading=\"lazy\" decoding=\"async\" src=\"http:\/\/www.salgotarjan.hu\/wp-content\/uploads\/20160929_tura.jpg\" alt=\"20160929_tura\" width=\"480\" height=\"320\" class=\"alignnone size-full wp-image-4870\" srcset=\"https:\/\/www.salgotarjan.hu\/wp-content\/uploads\/20160929_tura.jpg 480w, https:\/\/www.salgotarjan.hu\/wp-content\/uploads\/20160929_tura-300x200.jpg 300w\" sizes=\"auto, (max-width: 480px) 100vw, 480px\" \/><\/p>\n<p>A geot\u00f3p olyan helysz\u00edn, ahol az \u00e9lettelen term\u00e9szet leg\u00e9rdekesebb, legl\u00e1tv\u00e1nyosabb, legjellegzetesebb k\u00e9pz\u0151dm\u00e9nyei tal\u00e1lhat\u00f3k. Ezen k\u00e9pz\u0151dm\u00e9nyek lehetnek k\u00fcl\u00f6nf\u00e9le felsz\u00ednform\u00e1k, sziklafalak, barlangok, k\u0151zetek term\u00e9szetes vagy mesters\u00e9ges kibukkan\u00e1sai, forr\u00e1sok, \u00e1sv\u00e1ny- vagy k\u00f6v\u00fclet el\u0151fordul\u00e1sok. Megismer\u00e9s\u00fck \u00e9s megfigyel\u00e9s\u00fck r\u00e9v\u00e9n a m\u00faltba is egyfajta id\u0151utaz\u00e1st tehet\u00fcnk, bepillant\u00e1st nyerve az \u00e9vmilli\u00f3kkal ezel\u0151tti f\u00f6ldt\u00f6rt\u00e9neti esem\u00e9nyekbe.<\/p>\n<p>Magyarorsz\u00e1g leg\u00e9rdekesebb f\u00f6ldtani l\u00e1tv\u00e1nyoss\u00e1gait bej\u00e1r\u00f3 geot\u00far\u00e1kat minden \u0151sszel a Magyarhoni F\u00f6ldtani T\u00e1rsulat \u00e9s partnerei szervezik. A Magyarhoni F\u00f6ldtani T\u00e1rsulat kezdem\u00e9nyez\u00e9s\u00e9hez N\u00f3gr\u00e1dban is csatlakoztak. Okt\u00f3ber 1-\u00e9n, szombaton Prakfalvi P\u00e9ter geol\u00f3gus vezet\u00e9s\u00e9vel t\u00fara indul a Salg\u00f3tarj\u00e1n f\u00f6l\u00e9 magasod\u00f3 P\u00e9csk\u0151 hegyre.<\/p>\n<p>A kb. 8,5 km hossz\u00fa, kb. 3,5 \u00f3r\u00e1s, megk\u00f6zel\u00edt\u0151leg 320 m szintk\u00fcl\u00f6nbs\u00e9g\u0171 k\u00f6r\u00fat r\u00e9szben jelzett, r\u00e9szben jelzetlen \u00faton halad \u00e9s felf\u0171zi a P\u00e9csk\u0151 k\u00f6rny\u00e9ki \u00e9rdekesebb helysz\u00edneket, amelyek seg\u00edts\u00e9g\u00e9vel betekint\u00e9st nyerhet\u00fcnk a ter\u00fclet egykoron igen mozgalmas f\u00f6ldtani \u00e9s ipari m\u00faltj\u00e1ba. A Novohrad-N\u00f3gr\u00e1d Geopark \u00e1ltal kihelyezett ismertet\u0151 t\u00e1bl\u00e1k megk\u00f6nny\u00edtik az ismeretszerz\u00e9st \u00e9s az akt\u00edv kikapcsol\u00f3d\u00e1st.<\/p>\n<p>Tal\u00e1lkoz\u00e1s a F\u0151 t\u00e9ren (Salg\u00f3tarj\u00e1n) 10.00 \u00f3rakor.<\/p>\n<p>A Geot\u00f3p Nap programjai mellett ez a t\u00fara r\u00e9sze a Vil\u00e1g Gyalogl\u00f3 Nap esem\u00e9nyeinek is. Ez ut\u00f3bbit Salg\u00f3tarj\u00e1n k\u00f6rny\u00e9k\u00e9n a Tarj\u00e1ni Szabadid\u0151sport Egyes\u00fclet szervezi.<\/p>\n<p>B\u0151vebb inform\u00e1ci\u00f3:<\/p>\n<p>Geot\u00f3p nap:<br \/>\n<a href=\"http:\/\/www.geotopnap.hu\/\" target=\"_blank\" rel=\"noopener noreferrer\">www.geotopnap.hu<\/a><\/p>\n<p>Vil\u00e1g Gyalogl\u00f3 Nap:<br \/>\n<a href=\"https:\/\/www.facebook.com\/events\/1399485306732585\/\" target=\"_blank\" rel=\"noopener noreferrer\">https:\/\/www.facebook.com\/events\/1399485306732585\/<\/a><\/p>\n","protected":false},"excerpt":{"rendered":"<p>A geot\u00f3p olyan helysz\u00edn, ahol az \u00e9lettelen term\u00e9szet leg\u00e9rdekesebb, legl\u00e1tv\u00e1nyosabb, legjellegzetesebb k\u00e9pz\u0151dm\u00e9nyei tal\u00e1lhat\u00f3k. Ezen k\u00e9pz\u0151dm\u00e9nyek lehetnek k\u00fcl\u00f6nf\u00e9le felsz\u00ednform\u00e1k, sziklafalak, barlangok, k\u0151zetek term\u00e9szetes vagy mesters\u00e9ges kibukkan\u00e1sai, forr\u00e1sok, \u00e1sv\u00e1ny- vagy k\u00f6v\u00fclet el\u0151fordul\u00e1sok. Megismer\u00e9s\u00fck \u00e9s megfigyel\u00e9s\u00fck r\u00e9v\u00e9n a m\u00faltba is egyfajta id\u0151utaz\u00e1st tehet\u00fcnk, bepillant\u00e1st nyerve az \u00e9vmilli\u00f3kkal ezel\u0151tti f\u00f6ldt\u00f6rt\u00e9neti esem\u00e9nyekbe. Magyarorsz\u00e1g leg\u00e9rdekesebb f\u00f6ldtani l\u00e1tv\u00e1nyoss\u00e1gait bej\u00e1r\u00f3 geot\u00far\u00e1kat minden \u0151sszel &#8230; <a title=\"Geot\u00f3p-nap a Novohrad-N\u00f3gr\u00e1d Geoparkban\" class=\"read-more\" href=\"https:\/\/www.salgotarjan.hu\/?p=4869\" aria-label=\"Read more about Geot\u00f3p-nap a Novohrad-N\u00f3gr\u00e1d Geoparkban\">Olvass tov\u00e1bb<\/a><\/p>\n","protected":false},"author":7,"featured_media":0,"comment_status":"closed","ping_status":"closed","sticky":false,"template":"","format":"standard","meta":{"footnotes":""},"categories":[1,10],"tags":[],"class_list":["post-4869","post","type-post","status-publish","format-standard","hentry","category-egyebek","category-hirek-aktualitasok"],"_links":{"self":[{"href":"https:\/\/www.salgotarjan.hu\/index.php?rest_route=\/wp\/v2\/posts\/4869","targetHints":{"allow":["GET"]}}],"collection":[{"href":"https:\/\/www.salgotarjan.hu\/index.php?rest_route=\/wp\/v2\/posts"}],"about":[{"href":"https:\/\/www.salgotarjan.hu\/index.php?rest_route=\/wp\/v2\/types\/post"}],"author":[{"embeddable":true,"href":"https:\/\/www.salgotarjan.hu\/index.php?rest_route=\/wp\/v2\/users\/7"}],"replies":[{"embeddable":true,"href":"https:\/\/www.salgotarjan.hu\/index.php?rest_route=%2Fwp%2Fv2%2Fcomments&post=4869"}],"version-history":[{"count":1,"href":"https:\/\/www.salgotarjan.hu\/index.php?rest_route=\/wp\/v2\/posts\/4869\/revisions"}],"predecessor-version":[{"id":9490,"href":"https:\/\/www.salgotarjan.hu\/index.php?rest_route=\/wp\/v2\/posts\/4869\/revisions\/9490"}],"wp:attachment":[{"href":"https:\/\/www.salgotarjan.hu\/index.php?rest_route=%2Fwp%2Fv2%2Fmedia&parent=4869"}],"wp:term":[{"taxonomy":"category","embeddable":true,"href":"https:\/\/www.salgotarjan.hu\/index.php?rest_route=%2Fwp%2Fv2%2Fcategories&post=4869"},{"taxonomy":"post_tag","embeddable":true,"href":"https:\/\/www.salgotarjan.hu\/index.php?rest_route=%2Fwp%2Fv2%2Ftags&post=4869"}],"curies":[{"name":"wp","href":"https:\/\/api.w.org\/{rel}","templated":true}]}}