{"id":4863,"date":"2016-09-27T08:45:02","date_gmt":"2016-09-27T06:45:02","guid":{"rendered":"http:\/\/www.salgotarjan.hu\/?p=4863"},"modified":"2019-04-21T12:11:30","modified_gmt":"2019-04-21T10:11:30","slug":"orszagos-szakmai-konferencia","status":"publish","type":"post","link":"https:\/\/www.salgotarjan.hu\/?p=4863","title":{"rendered":"Orsz\u00e1gos szakmai konferencia"},"content":{"rendered":"<p><strong>A vid\u00e9ki k\u00f6zm\u0171vel\u0151d\u00e9s szerepe a helyi kult\u00fara alak\u00edt\u00e1s\u00e1ban<br \/>\n&#8211; Orsz\u00e1gos szakmai konferencia<\/strong><\/p>\n<p>A konferencia id\u0151pontja: 2016. okt\u00f3ber 12. (szerda), 9.30 \u2013 17.00<\/p>\n<p>Helysz\u00edne: Salg\u00f3tarj\u00e1ni K\u00f6zm\u0171vel\u0151d\u00e9si Nonprofit Kft. sz\u00e9khelye,<br \/>\na J\u00f3zsef Attila M\u0171vel\u0151d\u00e9si K\u00f6zpont &#8211; Salg\u00f3tarj\u00e1n, F\u0151 t\u00e9r 5.<\/p>\n<p><strong>Program<\/strong><\/p>\n<p>09.30-10.30 Regisztr\u00e1ci\u00f3<\/p>\n<p>10.30-11.00 &#8211; <strong>Az orsz\u00e1gos konferencia megnyit\u00e1sa<\/strong><br \/>\nK\u00f6sz\u00f6nt\u0151t mond: <strong>Fekete Zsolt<\/strong> Salg\u00f3tarj\u00e1n Megyei Jog\u00fa V\u00e1ros polg\u00e1rmestere<br \/>\nK\u00f6zrem\u0171k\u00f6dik: <strong>N\u00f3gr\u00e1d T\u00e1ncegy\u00fcttes<\/strong><\/p>\n<p>11.00-11.25 &#8211; <strong>Kultur\u00e1lis alapell\u00e1t\u00e1s, kultur\u00e1lis k\u00f6z\u00f6ss\u00e9gfejleszt\u00e9s a j\u00f6v\u0151ben<\/strong><br \/>\nEl\u0151ad\u00f3: <strong>Szedlacsek Em\u00edlia<\/strong> EMMI Kult\u00far\u00e1\u00e9rt Felel\u0151s \u00c1llamtitk\u00e1rs\u00e1g K\u00f6z\u00f6ss\u00e9gi M\u0171vel\u0151d\u00e9si \u00e9s M\u0171v\u00e9szeti F\u0151oszt\u00e1ly f\u0151oszt\u00e1lyvezet\u0151je<\/p>\n<p>11.25-11.50 &#8211; <strong>Min\u0151s\u00e9g \u00e9s \u00e9rt\u00e9k a k\u00f6zm\u0171vel\u0151d\u00e9sben. A Nemzeti M\u0171vel\u0151d\u00e9si Int\u00e9zet szerepe, k\u00fcldet\u00e9se a helyi kultur\u00e1lis fejleszt\u00e9si folyamatokban<\/strong><br \/>\nEl\u0151ad\u00f3: <strong>Ditzendy K\u00e1roly Arisztid<\/strong> Nemzeti M\u0171vel\u0151d\u00e9si Int\u00e9zet Szakmai m\u00f3dszertani f\u0151oszt\u00e1ly f\u0151oszt\u00e1lyvezet\u0151je<\/p>\n<p>11.50-12.10 <strong>K\u00e1v\u00e9sz\u00fcnet<\/strong><\/p>\n<p>12.10-12.35 &#8211; <strong>\u00daj szeml\u00e9let a Nemzeti Kultur\u00e1lis Alapn\u00e1l \u2013 Es\u00e9lyegyenl\u0151s\u00e9g a kult\u00fara finansz\u00edroz\u00e1s\u00e1ban<\/strong><br \/>\nEl\u0151ad\u00f3: <strong>Sz\u00e1ntai Ir\u00e9n<\/strong> NKA Igazgat\u00f3s\u00e1ga megb\u00edzott f\u0151igazgat\u00f3ja<\/p>\n<p>12.35-13.00 &#8211; <strong>Tehets\u00e9ggondoz\u00e1s a k\u00f6zm\u0171vel\u0151d\u00e9sben<\/strong><br \/>\nEl\u0151ad\u00f3: <strong>Dr. Balogh L\u00e1szl\u00f3<\/strong> Magyar Tehets\u00e9gseg\u00edt\u0151 Szervezetek Sz\u00f6vets\u00e9ge eln\u00f6ke<\/p>\n<p>13.00-14.00 &#8211; <strong>Sv\u00e9dasztalos eb\u00e9d<\/strong> az \u00fcvegcsarnokban<\/p>\n<p>Eb\u00e9d k\u00f6zben a <strong>Zenthe Ferenc Sz\u00ednh\u00e1z<\/strong> m\u0171v\u00e9szei vid\u00e1m, zen\u00e9s m\u0171sort szolg\u00e1ltatnak a konferencia r\u00e9sztvev\u0151inek<\/p>\n<p>14.00-14.25 &#8211; <strong>A telep\u00fcl\u00e9s- \u00e9s k\u00f6z\u00f6ss\u00e9gfejleszt\u0151 munka aktu\u00e1lis k\u00e9rd\u00e9sei \u2013 helyi k\u00f6z\u00f6ss\u00e9gek meger\u0151s\u00edt\u00e9se<\/strong><br \/>\nEl\u0151ad\u00f3: <strong>Vercseg Ilona<\/strong> K\u00f6z\u00f6ss\u00e9gfejleszt\u0151k Egyes\u00fclet\u00e9nek tiszteletbeli eln\u00f6ke, c\u00edmzetes egyetemi tan\u00e1r<\/p>\n<p>14.25-14.50 &#8211; <strong>A M\u0171vel\u0151d\u00e9s H\u00e1za k\u00f6z\u00f6ss\u00e9gei \u00e9s ennek hat\u00e1sa a helyi t\u00e1rsadalomra<\/strong><br \/>\nEl\u0151ad\u00f3: <strong>Csatl\u00f3sn\u00e9 Kom\u00e1romi Katalin<\/strong> M\u0171vel\u0151d\u00e9s H\u00e1za \u00e9s K\u00f6nyvt\u00e1ra (S\u00e1rospatak) igazgat\u00f3ja<\/p>\n<p>14.50-15.10 \u2013 <strong>K\u00e1v\u00e9sz\u00fcnet<\/strong><\/p>\n<p>15.10.15.35 &#8211; <strong>Az IKSZT szerepe, tev\u00e9kenys\u00e9ge \u00e9s tapasztalatai egy k\u00f6zel 150 f\u0151s kistelep\u00fcl\u00e9sen<\/strong><br \/>\nEl\u0151ad\u00f3: <strong>Figur\u00e1n\u00e9 Cs\u00e1ki Zsuzsanna<\/strong> Koz\u00e1rd alpolg\u00e1rmestere, az IKSZT vezet\u0151je<\/p>\n<p>15.35-16.00 &#8211; <strong>\u00daj ir\u00e1nyok a kultur\u00e1lis int\u00e9zm\u00e9nyek m\u0171k\u00f6dtet\u00e9s\u00e9ben &#8211; \u00c9rdek \u00e9s \u00e9rt\u00e9k a k\u00f6zm\u0171vel\u0151d\u00e9sben<\/strong><br \/>\nEl\u0151ad\u00f3: <strong>Simon Lajos<\/strong> Salg\u00f3tarj\u00e1ni K\u00f6zm\u0171vel\u0151d\u00e9si Nonprofit Kft. \u00fcgyvezet\u0151 igazgat\u00f3ja<\/p>\n<p>16.00-17.00 <strong>Hozz\u00e1sz\u00f3l\u00e1sok, vita, a konferencia z\u00e1r\u00e1sa<\/strong><\/p>\n<p><em>Tov\u00e1bbi inform\u00e1ci\u00f3k:<\/em><br \/>\nGyetvain\u00e9 Szorcsik Ang\u00e9la<br \/>\nEmail: gyetvaine@gmail.com<br \/>\nTelefon: +36 20 461-1112<\/p>\n<p><strong>Jelentkez\u00e9si hat\u00e1rid\u0151: 2016. okt\u00f3ber 5.<\/strong><br \/>\n<em>A konferenci\u00e1n a r\u00e9szv\u00e9tel ingyenes!<\/em><\/p>\n<p><a href=\"http:\/\/stkult.info\/meghivo\/2-meghivo\/regisztracio\" target=\"_blank\" rel=\"noopener noreferrer\">REGISZTR\u00c1CI\u00d3S \u0170RLAP<\/a><\/p>\n","protected":false},"excerpt":{"rendered":"<p>A vid\u00e9ki k\u00f6zm\u0171vel\u0151d\u00e9s szerepe a helyi kult\u00fara alak\u00edt\u00e1s\u00e1ban &#8211; Orsz\u00e1gos szakmai konferencia A konferencia id\u0151pontja: 2016. okt\u00f3ber 12. (szerda), 9.30 \u2013 17.00 Helysz\u00edne: Salg\u00f3tarj\u00e1ni K\u00f6zm\u0171vel\u0151d\u00e9si Nonprofit Kft. sz\u00e9khelye, a J\u00f3zsef Attila M\u0171vel\u0151d\u00e9si K\u00f6zpont &#8211; Salg\u00f3tarj\u00e1n, F\u0151 t\u00e9r 5. Program 09.30-10.30 Regisztr\u00e1ci\u00f3 10.30-11.00 &#8211; Az orsz\u00e1gos konferencia megnyit\u00e1sa K\u00f6sz\u00f6nt\u0151t mond: Fekete Zsolt Salg\u00f3tarj\u00e1n Megyei Jog\u00fa V\u00e1ros &#8230; <a title=\"Orsz\u00e1gos szakmai konferencia\" class=\"read-more\" href=\"https:\/\/www.salgotarjan.hu\/?p=4863\" aria-label=\"Read more about Orsz\u00e1gos szakmai konferencia\">Olvass tov\u00e1bb<\/a><\/p>\n","protected":false},"author":7,"featured_media":0,"comment_status":"closed","ping_status":"closed","sticky":false,"template":"","format":"standard","meta":{"footnotes":""},"categories":[1,10],"tags":[],"class_list":["post-4863","post","type-post","status-publish","format-standard","hentry","category-egyebek","category-hirek-aktualitasok"],"_links":{"self":[{"href":"https:\/\/www.salgotarjan.hu\/index.php?rest_route=\/wp\/v2\/posts\/4863","targetHints":{"allow":["GET"]}}],"collection":[{"href":"https:\/\/www.salgotarjan.hu\/index.php?rest_route=\/wp\/v2\/posts"}],"about":[{"href":"https:\/\/www.salgotarjan.hu\/index.php?rest_route=\/wp\/v2\/types\/post"}],"author":[{"embeddable":true,"href":"https:\/\/www.salgotarjan.hu\/index.php?rest_route=\/wp\/v2\/users\/7"}],"replies":[{"embeddable":true,"href":"https:\/\/www.salgotarjan.hu\/index.php?rest_route=%2Fwp%2Fv2%2Fcomments&post=4863"}],"version-history":[{"count":1,"href":"https:\/\/www.salgotarjan.hu\/index.php?rest_route=\/wp\/v2\/posts\/4863\/revisions"}],"predecessor-version":[{"id":9491,"href":"https:\/\/www.salgotarjan.hu\/index.php?rest_route=\/wp\/v2\/posts\/4863\/revisions\/9491"}],"wp:attachment":[{"href":"https:\/\/www.salgotarjan.hu\/index.php?rest_route=%2Fwp%2Fv2%2Fmedia&parent=4863"}],"wp:term":[{"taxonomy":"category","embeddable":true,"href":"https:\/\/www.salgotarjan.hu\/index.php?rest_route=%2Fwp%2Fv2%2Fcategories&post=4863"},{"taxonomy":"post_tag","embeddable":true,"href":"https:\/\/www.salgotarjan.hu\/index.php?rest_route=%2Fwp%2Fv2%2Ftags&post=4863"}],"curies":[{"name":"wp","href":"https:\/\/api.w.org\/{rel}","templated":true}]}}