{"id":4858,"date":"2016-09-26T12:32:33","date_gmt":"2016-09-26T10:32:33","guid":{"rendered":"http:\/\/www.salgotarjan.hu\/?p=4858"},"modified":"2019-04-21T12:11:42","modified_gmt":"2019-04-21T10:11:42","slug":"oktatasi-palyazatok","status":"publish","type":"post","link":"https:\/\/www.salgotarjan.hu\/?p=4858","title":{"rendered":"Oktat\u00e1si p\u00e1ly\u00e1zatok"},"content":{"rendered":"<p><strong>A \u201eSalg\u00f3tarj\u00e1n J\u00f6v\u0151j\u00e9\u00e9rt\u201d K\u00f6zalap\u00edtv\u00e1ny Kurat\u00f3rium\u00e1nak p\u00e1ly\u00e1zata a fels\u0151oktat\u00e1si int\u00e9zm\u00e9nyek nappali tagozatos hallgat\u00f3i sz\u00e1m\u00e1ra<\/strong><\/p>\n<p>A \u201eSalg\u00f3tarj\u00e1n J\u00f6v\u0151j\u00e9\u00e9rt\u201d K\u00f6zalap\u00edtv\u00e1ny Kurat\u00f3riuma a fels\u0151oktat\u00e1si int\u00e9zm\u00e9nyek nappali tagozatos hallgat\u00f3i sz\u00e1m\u00e1ra p\u00e1ly\u00e1zatot hirdet a 2016\/2017. tan\u00e9vre.<\/p>\n<p><em>1. A p\u00e1ly\u00e1z\u00f3k k\u00f6re<\/em><br \/>\nA Salg\u00f3tarj\u00e1nban \u00e1lland\u00f3 lak\u00f3hellyel rendelkez\u0151 \u00e9s salg\u00f3tarj\u00e1ni k\u00f6z\u00e9piskol\u00e1ban \u00e9retts\u00e9gizett, fels\u0151oktat\u00e1si int\u00e9zm\u00e9ny m\u00e1sodik, vagy e f\u00f6l\u00f6tti \u00e9vfolyama nappali tagozat\u00e1n egyetemi, f\u0151iskolai tanulm\u00e1nyokat folytat\u00f3, szoci\u00e1lisan h\u00e1tr\u00e1nyos helyzet\u0171 di\u00e1kok.<\/p>\n<p><em>2. A t\u00e1mogat\u00e1s felt\u00e9telei<\/em><br \/>\nA p\u00e1ly\u00e1z\u00f3 el\u0151z\u0151 tan\u00e9vben el\u00e9rt \u00e9v v\u00e9gi tanulm\u00e1nyi eredm\u00e9nye legal\u00e1bb 4,0. A t\u00e1mogat\u00e1s id\u0151tartama 10 h\u00f3nap (a 2016\/2017. tan\u00e9v).<\/p>\n<p><em>3. A p\u00e1ly\u00e1zat beny\u00fajt\u00e1sa<\/em><br \/>\nA hi\u00e1nytalanul kit\u00f6lt\u00f6tt, a p\u00e1ly\u00e1z\u00f3 \u00e1ltal al\u00e1\u00edrt adatlapot a sz\u00fcks\u00e9ges mell\u00e9kletekkel egy\u00fctt, egy p\u00e9ld\u00e1nyban, z\u00e1rt bor\u00edt\u00e9kban, \u201eSalg\u00f3tarj\u00e1n J\u00f6v\u0151j\u00e9\u00e9rt\u201d K\u00f6zalap\u00edtv\u00e1ny megjel\u00f6l\u00e9ssel, szem\u00e9lyesen vagy postai \u00faton a k\u00f6vetkez\u0151 c\u00edmre lehet beny\u00fajtani: Salg\u00f3tarj\u00e1n Megyei Jog\u00fa V\u00e1ros Polg\u00e1rmesteri Hivatal 3100 Salg\u00f3tarj\u00e1n, M\u00fazeum t\u00e9r 1. N\u00e9pj\u00f3l\u00e9ti Iroda (III. emelet 322. sz.)<br \/>\nA p\u00e1ly\u00e1zat beny\u00fajt\u00e1s\u00e1nak hat\u00e1rideje: 2016. november 8.<\/p>\n<p><em>4. A p\u00e1ly\u00e1zat elb\u00edr\u00e1l\u00e1sa<\/em><br \/>\nA hat\u00e1rid\u0151n bel\u00fcl be\u00e9rkezett p\u00e1ly\u00e1zatokat a \u201eSalg\u00f3tarj\u00e1n J\u00f6v\u0151j\u00e9\u00e9rt\u201d K\u00f6zalap\u00edtv\u00e1ny Kurat\u00f3riuma 2016. december 8. napj\u00e1ig b\u00edr\u00e1lja el, d\u00f6nt\u00e9s\u00e9r\u0151l \u00e9s annak indok\u00e1r\u00f3l \u00edr\u00e1sban \u00e9rtes\u00edti a p\u00e1ly\u00e1z\u00f3kat. A hi\u00e1nyosan vagy hat\u00e1rid\u0151n t\u00fal \u00e9rkezett p\u00e1ly\u00e1zatokat a Kurat\u00f3rium nem fogadja el. A p\u00e1ly\u00e1z\u00f3 a Kurat\u00f3rium d\u00f6nt\u00e9se ellen fellebbez\u00e9ssel nem \u00e9lhet.<\/p>\n<p><em>5. A p\u00e1ly\u00e1z\u00f3 k\u00f6telezetts\u00e9gei<\/em><br \/>\nA t\u00e1mogat\u00e1sban r\u00e9szes\u00fcl\u0151 hallgat\u00f3 k\u00f6teles a t\u00e1mogat\u00e1s foly\u00f3s\u00edt\u00e1s\u00e1nak id\u0151szaka alatt minden, a t\u00e1mogat\u00e1st \u00e9rint\u0151 v\u00e1ltoz\u00e1sr\u00f3l &#8211; tanulm\u00e1nyok halaszt\u00e1sa; tanulm\u00e1nyi st\u00e1tusz (munkarend, k\u00e9pz\u00e9si forma, finansz\u00edroz\u00e1si forma) v\u00e1ltoz\u00e1sa, szem\u00e9lyes adatainak (n\u00e9v, lak\u00f3helye) v\u00e1ltoz\u00e1sa \u2013 halad\u00e9ktalanul, de legk\u00e9s\u0151bb 15 napon bel\u00fcl, \u00edr\u00e1sban \u00e9rtes\u00edteni a Kurat\u00f3riumot a 3. pontban megadott c\u00edmen.<\/p>\n<p>A p\u00e1ly\u00e1zati ki\u00edr\u00e1s \u00e9s a kit\u00f6ltend\u0151 adatlap megtal\u00e1lhat\u00f3 az \u00d6nkorm\u00e1nyzat-><a href=\"http:\/\/www.salgotarjan.hu\/?page_id=829\">P\u00e1ly\u00e1zatok<\/a> oldalon.<\/p>\n<p><strong>Bursa Hungarica Fels\u0151oktat\u00e1si \u00d6nkorm\u00e1nyzati \u00d6szt\u00f6nd\u00edjp\u00e1ly\u00e1zat 2017. \u00e9vi fordul\u00f3 <\/strong><\/p>\n<p>Az Emberi Er\u0151forr\u00e1sok Miniszt\u00e9riuma megb\u00edz\u00e1s\u00e1b\u00f3l az Emberi Er\u0151forr\u00e1s T\u00e1mogat\u00e1skezel\u0151 ny\u00edlt p\u00e1ly\u00e1zat keret\u00e9ben meghirdette a Bursa Hungarica Fels\u0151oktat\u00e1si \u00d6nkorm\u00e1nyzati \u00d6szt\u00f6nd\u00edjp\u00e1ly\u00e1zatot a fels\u0151oktat\u00e1si tanulm\u00e1nyokat folytat\u00f3 (Bursa-2017 A), valamint kezdeni k\u00edv\u00e1n\u00f3 (Bursa-2017 B) fiatalok sz\u00e1m\u00e1ra.  Salg\u00f3tarj\u00e1n Megyei Jog\u00fa V\u00e1ros \u00d6nkorm\u00e1nyzata fontosnak tartja a fels\u0151oktat\u00e1sban r\u00e9sztvev\u0151k t\u00e1mogat\u00e1s\u00e1t, ez\u00e9rt az idei \u00e9vben is csatlakozott a Bursa Hungarica Fels\u0151oktat\u00e1si \u00d6nkorm\u00e1nyzati \u00d6szt\u00f6nd\u00edjrendszer felh\u00edv\u00e1s\u00e1hoz, melynek c\u00e9lja az es\u00e9lyteremt\u00e9s \u00e9rdek\u00e9ben a h\u00e1tr\u00e1nyos helyzet\u0171, szoci\u00e1lisan r\u00e1szorul\u00f3 fiatalok fels\u0151oktat\u00e1sban val\u00f3 r\u00e9szv\u00e9tel\u00e9nek t\u00e1mogat\u00e1sa.   A hi\u00e1nytalanul kit\u00f6lt\u00f6tt, a p\u00e1ly\u00e1z\u00f3 \u00e1ltal al\u00e1\u00edrt adatlapot a sz\u00fcks\u00e9ges mell\u00e9kletekkel egy\u00fctt, egy p\u00e9ld\u00e1nyban z\u00e1rt bor\u00edt\u00e9kban, \u201eSalg\u00f3tarj\u00e1n J\u00f6v\u0151j\u00e9\u00e9rt\u201d K\u00f6zalap\u00edtv\u00e1ny megjel\u00f6l\u00e9ssel, szem\u00e9lyesen vagy postai \u00faton a k\u00f6vetkez\u0151 c\u00edmre lehet beny\u00fajtani: Salg\u00f3tarj\u00e1n Megyei Jog\u00fa V\u00e1ros  Polg\u00e1rmesteri Hivatal 3100 Salg\u00f3tarj\u00e1n, M\u00fazeum t\u00e9r 1.  N\u00e9pj\u00f3l\u00e9ti Iroda (III. emelet 322.sz.)<br \/>\nA p\u00e1ly\u00e1zat beny\u00fajt\u00e1s\u00e1nak hat\u00e1rideje: 2016. november 8.   <\/p>\n<p>A p\u00e1ly\u00e1zati ki\u00edr\u00e1s \u00e9s a kit\u00f6ltend\u0151 adatlap megtal\u00e1lhat\u00f3 az \u00d6nkorm\u00e1nyzat-><a href=\"http:\/\/www.salgotarjan.hu\/?page_id=829\">P\u00e1ly\u00e1zatok<\/a> oldalon.<\/p>\n","protected":false},"excerpt":{"rendered":"<p>A \u201eSalg\u00f3tarj\u00e1n J\u00f6v\u0151j\u00e9\u00e9rt\u201d K\u00f6zalap\u00edtv\u00e1ny Kurat\u00f3rium\u00e1nak p\u00e1ly\u00e1zata a fels\u0151oktat\u00e1si int\u00e9zm\u00e9nyek nappali tagozatos hallgat\u00f3i sz\u00e1m\u00e1ra A \u201eSalg\u00f3tarj\u00e1n J\u00f6v\u0151j\u00e9\u00e9rt\u201d K\u00f6zalap\u00edtv\u00e1ny Kurat\u00f3riuma a fels\u0151oktat\u00e1si int\u00e9zm\u00e9nyek nappali tagozatos hallgat\u00f3i sz\u00e1m\u00e1ra p\u00e1ly\u00e1zatot hirdet a 2016\/2017. tan\u00e9vre. 1. A p\u00e1ly\u00e1z\u00f3k k\u00f6re A Salg\u00f3tarj\u00e1nban \u00e1lland\u00f3 lak\u00f3hellyel rendelkez\u0151 \u00e9s salg\u00f3tarj\u00e1ni k\u00f6z\u00e9piskol\u00e1ban \u00e9retts\u00e9gizett, fels\u0151oktat\u00e1si int\u00e9zm\u00e9ny m\u00e1sodik, vagy e f\u00f6l\u00f6tti \u00e9vfolyama nappali tagozat\u00e1n egyetemi, f\u0151iskolai tanulm\u00e1nyokat &#8230; <a title=\"Oktat\u00e1si p\u00e1ly\u00e1zatok\" class=\"read-more\" href=\"https:\/\/www.salgotarjan.hu\/?p=4858\" aria-label=\"Read more about Oktat\u00e1si p\u00e1ly\u00e1zatok\">Olvass tov\u00e1bb<\/a><\/p>\n","protected":false},"author":7,"featured_media":0,"comment_status":"closed","ping_status":"closed","sticky":false,"template":"","format":"standard","meta":{"footnotes":""},"categories":[1,10],"tags":[],"class_list":["post-4858","post","type-post","status-publish","format-standard","hentry","category-egyebek","category-hirek-aktualitasok"],"_links":{"self":[{"href":"https:\/\/www.salgotarjan.hu\/index.php?rest_route=\/wp\/v2\/posts\/4858","targetHints":{"allow":["GET"]}}],"collection":[{"href":"https:\/\/www.salgotarjan.hu\/index.php?rest_route=\/wp\/v2\/posts"}],"about":[{"href":"https:\/\/www.salgotarjan.hu\/index.php?rest_route=\/wp\/v2\/types\/post"}],"author":[{"embeddable":true,"href":"https:\/\/www.salgotarjan.hu\/index.php?rest_route=\/wp\/v2\/users\/7"}],"replies":[{"embeddable":true,"href":"https:\/\/www.salgotarjan.hu\/index.php?rest_route=%2Fwp%2Fv2%2Fcomments&post=4858"}],"version-history":[{"count":1,"href":"https:\/\/www.salgotarjan.hu\/index.php?rest_route=\/wp\/v2\/posts\/4858\/revisions"}],"predecessor-version":[{"id":4860,"href":"https:\/\/www.salgotarjan.hu\/index.php?rest_route=\/wp\/v2\/posts\/4858\/revisions\/4860"}],"wp:attachment":[{"href":"https:\/\/www.salgotarjan.hu\/index.php?rest_route=%2Fwp%2Fv2%2Fmedia&parent=4858"}],"wp:term":[{"taxonomy":"category","embeddable":true,"href":"https:\/\/www.salgotarjan.hu\/index.php?rest_route=%2Fwp%2Fv2%2Fcategories&post=4858"},{"taxonomy":"post_tag","embeddable":true,"href":"https:\/\/www.salgotarjan.hu\/index.php?rest_route=%2Fwp%2Fv2%2Ftags&post=4858"}],"curies":[{"name":"wp","href":"https:\/\/api.w.org\/{rel}","templated":true}]}}