{"id":4842,"date":"2016-09-22T16:55:14","date_gmt":"2016-09-22T14:55:14","guid":{"rendered":"http:\/\/www.salgotarjan.hu\/?p=4842"},"modified":"2019-04-21T12:11:42","modified_gmt":"2019-04-21T10:11:42","slug":"automentes-nap","status":"publish","type":"post","link":"https:\/\/www.salgotarjan.hu\/?p=4842","title":{"rendered":"Aut\u00f3mentes nap"},"content":{"rendered":"<p><img loading=\"lazy\" decoding=\"async\" src=\"http:\/\/www.salgotarjan.hu\/wp-content\/uploads\/20160922_automentes_nap.jpg\" alt=\"20160922_automentes_nap\" width=\"480\" height=\"319\" class=\"alignnone size-full wp-image-4852\" srcset=\"https:\/\/www.salgotarjan.hu\/wp-content\/uploads\/20160922_automentes_nap.jpg 480w, https:\/\/www.salgotarjan.hu\/wp-content\/uploads\/20160922_automentes_nap-300x199.jpg 300w\" sizes=\"auto, (max-width: 480px) 100vw, 480px\" \/><\/p>\n<p>Id\u00e9n is csatlakozott Salg\u00f3tarj\u00e1n az Eur\u00f3pai Mobilit\u00e1si H\u00e9t programsorozathoz, amelyet 2002 \u00f3ta minden \u00e9vben szeptember 16. \u00e9s 22. k\u00f6z\u00f6tt rendeznek meg.<\/p>\n<p>A telep\u00fcl\u00e9sek az Eur\u00f3pai karta al\u00e1\u00edr\u00e1s\u00e1val \u00e9s az abban foglaltak v\u00e1llal\u00e1s\u00e1val csatlakoznak a kezdem\u00e9nyez\u00e9shez. A Eur\u00f3pai Mobilit\u00e1si H\u00e9t egyik napj\u00e1n a v\u00e1rosok aut\u00f3mentes napot tartanak, amelynek megfogalmazott c\u00e9lja, hogy felh\u00edvja a v\u00e1roslak\u00f3k figyelm\u00e9t a fenntarthat\u00f3, k\u00f6rnyezetbar\u00e1t v\u00e1rosi k\u00f6zleked\u00e9s el\u0151nyeire, a k\u00f6z\u00f6ss\u00e9gi, a ker\u00e9kp\u00e1ros \u00e9s a gyalogos k\u00f6zleked\u00e9s fejleszt\u00e9s\u00e9nek sz\u00fcks\u00e9gess\u00e9g\u00e9re.<\/p>\n<p>Ma d\u00e9lel\u0151tt Salg\u00f3tarj\u00e1n belv\u00e1ros\u00e1ban \u00f3vod\u00e1sok \u00e9s iskol\u00e1sok sz\u00e1m\u00e1ra rendeztek j\u00e1t\u00e9kos k\u00f6zleked\u00e9si vet\u00e9lked\u0151ket. A program lebonyol\u00edt\u00e1s\u00e1ban a Salg\u00f3tarj\u00e1ni Ifj\u00fas\u00e1gi Inform\u00e1ci\u00f3s \u00e9s Tan\u00e1csad\u00f3 Iroda munkat\u00e1rsait a v\u00e1ros rend\u0151rei seg\u00edtett\u00e9k. A rendezv\u00e9nyen r\u00e9szt vett D\u00e1niel Zolt\u00e1n alpolg\u00e1rmester. Az Eur\u00f3pai Mobilit\u00e1si H\u00e9t kapcs\u00e1n Fekete Zsolt polg\u00e1rmester elmondta, hogy Salg\u00f3tarj\u00e1n \u00f6nkorm\u00e1nyzata elk\u00f6telezett a k\u00f6rnyezetbar\u00e1t k\u00f6zleked\u00e9si alternat\u00edv\u00e1k mellett, a v\u00e1ros k\u00f6lts\u00e9gvet\u00e9si lehet\u0151s\u00e9geihez m\u00e9rten folyamatosan igyekszik gondot ford\u00edtani a j\u00e1rd\u00e1k \u00e9s ker\u00e9kutak fenntart\u00e1s\u00e1ra, fejleszt\u00e9s\u00e9re, valamint a v\u00e1ros t\u00f6rekszik a fenntarthat\u00f3 k\u00f6zleked\u00e9sfejleszt\u00e9ssel kapcsolatos p\u00e1ly\u00e1zati forr\u00e1sok megszerz\u00e9s\u00e9re is.<\/p>\n","protected":false},"excerpt":{"rendered":"<p>Id\u00e9n is csatlakozott Salg\u00f3tarj\u00e1n az Eur\u00f3pai Mobilit\u00e1si H\u00e9t programsorozathoz, amelyet 2002 \u00f3ta minden \u00e9vben szeptember 16. \u00e9s 22. k\u00f6z\u00f6tt rendeznek meg. A telep\u00fcl\u00e9sek az Eur\u00f3pai karta al\u00e1\u00edr\u00e1s\u00e1val \u00e9s az abban foglaltak v\u00e1llal\u00e1s\u00e1val csatlakoznak a kezdem\u00e9nyez\u00e9shez. A Eur\u00f3pai Mobilit\u00e1si H\u00e9t egyik napj\u00e1n a v\u00e1rosok aut\u00f3mentes napot tartanak, amelynek megfogalmazott c\u00e9lja, hogy felh\u00edvja a v\u00e1roslak\u00f3k figyelm\u00e9t a &#8230; <a title=\"Aut\u00f3mentes nap\" class=\"read-more\" href=\"https:\/\/www.salgotarjan.hu\/?p=4842\" aria-label=\"Read more about Aut\u00f3mentes nap\">Olvass tov\u00e1bb<\/a><\/p>\n","protected":false},"author":7,"featured_media":0,"comment_status":"closed","ping_status":"closed","sticky":false,"template":"","format":"standard","meta":{"footnotes":""},"categories":[1,10],"tags":[],"class_list":["post-4842","post","type-post","status-publish","format-standard","hentry","category-egyebek","category-hirek-aktualitasok"],"_links":{"self":[{"href":"https:\/\/www.salgotarjan.hu\/index.php?rest_route=\/wp\/v2\/posts\/4842","targetHints":{"allow":["GET"]}}],"collection":[{"href":"https:\/\/www.salgotarjan.hu\/index.php?rest_route=\/wp\/v2\/posts"}],"about":[{"href":"https:\/\/www.salgotarjan.hu\/index.php?rest_route=\/wp\/v2\/types\/post"}],"author":[{"embeddable":true,"href":"https:\/\/www.salgotarjan.hu\/index.php?rest_route=\/wp\/v2\/users\/7"}],"replies":[{"embeddable":true,"href":"https:\/\/www.salgotarjan.hu\/index.php?rest_route=%2Fwp%2Fv2%2Fcomments&post=4842"}],"version-history":[{"count":9,"href":"https:\/\/www.salgotarjan.hu\/index.php?rest_route=\/wp\/v2\/posts\/4842\/revisions"}],"predecessor-version":[{"id":4853,"href":"https:\/\/www.salgotarjan.hu\/index.php?rest_route=\/wp\/v2\/posts\/4842\/revisions\/4853"}],"wp:attachment":[{"href":"https:\/\/www.salgotarjan.hu\/index.php?rest_route=%2Fwp%2Fv2%2Fmedia&parent=4842"}],"wp:term":[{"taxonomy":"category","embeddable":true,"href":"https:\/\/www.salgotarjan.hu\/index.php?rest_route=%2Fwp%2Fv2%2Fcategories&post=4842"},{"taxonomy":"post_tag","embeddable":true,"href":"https:\/\/www.salgotarjan.hu\/index.php?rest_route=%2Fwp%2Fv2%2Ftags&post=4842"}],"curies":[{"name":"wp","href":"https:\/\/api.w.org\/{rel}","templated":true}]}}