{"id":4839,"date":"2016-09-20T18:23:07","date_gmt":"2016-09-20T16:23:07","guid":{"rendered":"http:\/\/www.salgotarjan.hu\/?p=4839"},"modified":"2019-04-21T12:11:42","modified_gmt":"2019-04-21T10:11:42","slug":"felujitottak-a-somlyobanyai-sportpalyat","status":"publish","type":"post","link":"https:\/\/www.salgotarjan.hu\/?p=4839","title":{"rendered":"Fel\u00faj\u00edtott\u00e1k a somly\u00f3b\u00e1nyai sportp\u00e1ly\u00e1t"},"content":{"rendered":"<p><img loading=\"lazy\" decoding=\"async\" src=\"http:\/\/www.salgotarjan.hu\/wp-content\/uploads\/20160920_futballpalya.jpg\" alt=\"20160920_futballpalya\" width=\"480\" height=\"250\" class=\"alignnone size-full wp-image-4840\" srcset=\"https:\/\/www.salgotarjan.hu\/wp-content\/uploads\/20160920_futballpalya.jpg 480w, https:\/\/www.salgotarjan.hu\/wp-content\/uploads\/20160920_futballpalya-300x156.jpg 300w\" sizes=\"auto, (max-width: 480px) 100vw, 480px\" \/><\/p>\n<p>Szeptember 10-\u00e9n ker\u00fclt \u00e1tad\u00e1sra az \u00f6nkorm\u00e1nyzat \u00e9s a Salg\u00f3tarj\u00e1ni Foglalkoztat\u00e1si Nonprofit Kft. \u00e1ltal k\u00f6z\u00f6sen fel\u00faj\u00edtott somly\u00f3i futballp\u00e1lya. D\u00e1niel Zolt\u00e1n alpolg\u00e1rmester a p\u00e1lyaavat\u00f3 m\u00e9rk\u0151z\u00e9s el\u0151tt k\u00f6sz\u00f6netet mondott mindenkinek, aki r\u00e9szt vett a munk\u00e1ban \u00e9s n\u00e9h\u00e1ny mondatban megeml\u00e9kezett a telep\u00fcl\u00e9sr\u00e9sz egykori k\u00e9pvisel\u0151j\u00e9r\u0151l Bakos S\u00e1ndorr\u00f3l. A k\u00f6zelm\u00faltban elhunyt k\u00e9pvisel\u0151 elk\u00e9pzel\u00e9se volt a jobb\u00e1ra neh\u00e9z szoci\u00e1lis k\u00f6r\u00fclm\u00e9nyek k\u00f6z\u00f6tt \u00e9l\u0151 csal\u00e1dok lakta Forg\u00e1ch-telepen \u00e9s Somly\u00f3b\u00e1ny\u00e1n l\u00e9v\u0151 k\u00e9t focip\u00e1lya fel\u00faj\u00edt\u00e1sa. A k\u00f6rny\u00e9kbeli fiatalok sz\u00e1m\u00e1ra k\u00fcl\u00f6n\u00f6sen \u00f6r\u00f6mteli a somly\u00f3b\u00e1nyai grund, hiszen a k\u00f6rny\u00e9ken ez az egyetlen rendezett, sportol\u00e1si lehet\u0151s\u00e9get biztos\u00edt\u00f3 p\u00e1lya.<\/p>\n","protected":false},"excerpt":{"rendered":"<p>Szeptember 10-\u00e9n ker\u00fclt \u00e1tad\u00e1sra az \u00f6nkorm\u00e1nyzat \u00e9s a Salg\u00f3tarj\u00e1ni Foglalkoztat\u00e1si Nonprofit Kft. \u00e1ltal k\u00f6z\u00f6sen fel\u00faj\u00edtott somly\u00f3i futballp\u00e1lya. D\u00e1niel Zolt\u00e1n alpolg\u00e1rmester a p\u00e1lyaavat\u00f3 m\u00e9rk\u0151z\u00e9s el\u0151tt k\u00f6sz\u00f6netet mondott mindenkinek, aki r\u00e9szt vett a munk\u00e1ban \u00e9s n\u00e9h\u00e1ny mondatban megeml\u00e9kezett a telep\u00fcl\u00e9sr\u00e9sz egykori k\u00e9pvisel\u0151j\u00e9r\u0151l Bakos S\u00e1ndorr\u00f3l. A k\u00f6zelm\u00faltban elhunyt k\u00e9pvisel\u0151 elk\u00e9pzel\u00e9se volt a jobb\u00e1ra neh\u00e9z szoci\u00e1lis k\u00f6r\u00fclm\u00e9nyek k\u00f6z\u00f6tt \u00e9l\u0151 &#8230; <a title=\"Fel\u00faj\u00edtott\u00e1k a somly\u00f3b\u00e1nyai sportp\u00e1ly\u00e1t\" class=\"read-more\" href=\"https:\/\/www.salgotarjan.hu\/?p=4839\" aria-label=\"Read more about Fel\u00faj\u00edtott\u00e1k a somly\u00f3b\u00e1nyai sportp\u00e1ly\u00e1t\">Olvass tov\u00e1bb<\/a><\/p>\n","protected":false},"author":7,"featured_media":0,"comment_status":"closed","ping_status":"closed","sticky":false,"template":"","format":"standard","meta":{"footnotes":""},"categories":[1,10],"tags":[],"class_list":["post-4839","post","type-post","status-publish","format-standard","hentry","category-egyebek","category-hirek-aktualitasok"],"_links":{"self":[{"href":"https:\/\/www.salgotarjan.hu\/index.php?rest_route=\/wp\/v2\/posts\/4839","targetHints":{"allow":["GET"]}}],"collection":[{"href":"https:\/\/www.salgotarjan.hu\/index.php?rest_route=\/wp\/v2\/posts"}],"about":[{"href":"https:\/\/www.salgotarjan.hu\/index.php?rest_route=\/wp\/v2\/types\/post"}],"author":[{"embeddable":true,"href":"https:\/\/www.salgotarjan.hu\/index.php?rest_route=\/wp\/v2\/users\/7"}],"replies":[{"embeddable":true,"href":"https:\/\/www.salgotarjan.hu\/index.php?rest_route=%2Fwp%2Fv2%2Fcomments&post=4839"}],"version-history":[{"count":1,"href":"https:\/\/www.salgotarjan.hu\/index.php?rest_route=\/wp\/v2\/posts\/4839\/revisions"}],"predecessor-version":[{"id":4841,"href":"https:\/\/www.salgotarjan.hu\/index.php?rest_route=\/wp\/v2\/posts\/4839\/revisions\/4841"}],"wp:attachment":[{"href":"https:\/\/www.salgotarjan.hu\/index.php?rest_route=%2Fwp%2Fv2%2Fmedia&parent=4839"}],"wp:term":[{"taxonomy":"category","embeddable":true,"href":"https:\/\/www.salgotarjan.hu\/index.php?rest_route=%2Fwp%2Fv2%2Fcategories&post=4839"},{"taxonomy":"post_tag","embeddable":true,"href":"https:\/\/www.salgotarjan.hu\/index.php?rest_route=%2Fwp%2Fv2%2Ftags&post=4839"}],"curies":[{"name":"wp","href":"https:\/\/api.w.org\/{rel}","templated":true}]}}