{"id":4835,"date":"2016-09-19T07:43:01","date_gmt":"2016-09-19T05:43:01","guid":{"rendered":"http:\/\/www.salgotarjan.hu\/?p=4835"},"modified":"2019-04-21T12:11:42","modified_gmt":"2019-04-21T10:11:42","slug":"50-ev-kepzomuveszete-salgotarjanban","status":"publish","type":"post","link":"https:\/\/www.salgotarjan.hu\/?p=4835","title":{"rendered":"50 \u00e9v k\u00e9pz\u0151m\u0171v\u00e9szete Salg\u00f3tarj\u00e1nban"},"content":{"rendered":"<p><img loading=\"lazy\" decoding=\"async\" src=\"http:\/\/www.salgotarjan.hu\/wp-content\/uploads\/20160919_kiallitas.jpg\" alt=\"20160919_kiallitas\" width=\"480\" height=\"319\" class=\"alignnone size-full wp-image-4836\" srcset=\"https:\/\/www.salgotarjan.hu\/wp-content\/uploads\/20160919_kiallitas.jpg 480w, https:\/\/www.salgotarjan.hu\/wp-content\/uploads\/20160919_kiallitas-300x199.jpg 300w\" sizes=\"auto, (max-width: 480px) 100vw, 480px\" \/><\/p>\n<p>M\u0171vek, alkot\u00f3k \u2013 A k\u00e9pz\u0151m\u0171v\u00e9szet 50 \u00e9ve Salg\u00f3tarj\u00e1nban c\u00edmmel 2016. szeptember 16-\u00e1n ny\u00edlott ki\u00e1ll\u00edt\u00e1s helyi m\u0171v\u00e9szek remekeib\u0151l a Dornyay B\u00e9la M\u00fazeumban. A t\u00e1rlat okt\u00f3ber 22-ig tekinthet\u0151 meg.<br \/>\nA ki\u00e1ll\u00edtott m\u0171veket a Dornyay B\u00e9la M\u00fazeum k\u00e9pz\u0151m\u0171v\u00e9szeti gy\u0171jtem\u00e9ny\u00e9b\u0151l v\u00e1logatt\u00e1k az int\u00e9zm\u00e9ny szakemberei. A v\u00e1ros k\u00e9pz\u0151m\u0171v\u00e9szeti \u00e9lete klasszikusainak \u2013 Iv\u00e1nyi \u00d6d\u00f6n, Czinke Ferenc, Must\u00f3 J\u00e1nos \u2013 munk\u00e1ss\u00e1g\u00e1t felvillant\u00f3 m\u0171vek mellett a l\u00e1togat\u00f3k megismerhetik a \u201ek\u00f6z\u00e9pgener\u00e1ci\u00f3\u201d \u2013 Szuj\u00f3 Zolt\u00e1n, Hib\u00f3 Tam\u00e1s, F\u00f6ldi P\u00e9ter \u2013 alkot\u00e1sait, illetve a legfiatalabb gener\u00e1ci\u00f3 \u2013 F\u00f6ldi Gergely, Birk\u00e1s Babett, Gelencs\u00e9r J\u00e1nos, Kun P\u00e9ter \u2013 festm\u00e9nyeit, grafik\u00e1it is.<\/p>\n<p>Az elm\u00falt f\u00e9l \u00e9vsz\u00e1zadban Salg\u00f3tarj\u00e1n dinamikus fejl\u0151d\u00e9s\u00e9hez \u00e9s \u00fajj\u00e1sz\u00fclet\u00e9s\u00e9hez a k\u00e9pz\u0151m\u0171v\u00e9szet renesz\u00e1nsza t\u00e1rsult.  A 60-as, 70-es \u00e9s a 80-as \u00e9vek nagy salg\u00f3tarj\u00e1ni k\u00e9pz\u0151m\u0171v\u00e9sz gener\u00e1ci\u00f3j\u00e1nak \u00e9letm\u0171v\u00e9re, m\u0171v\u00e9szeti hagyat\u00e9k\u00e1ra, orsz\u00e1gosan is elismert \u00e9rt\u00e9kteremt\u0151, megalapoz\u00f3 munk\u00e1j\u00e1ra \u2013 mint biztos fundamentumra \u2013 \u00e9p\u00fcl a helyi kort\u00e1rs m\u0171v\u00e9szet.<\/p>\n<p>A salg\u00f3tarj\u00e1ni k\u00e9pz\u0151m\u0171v\u00e9szeti \u00e9let a helyi klasszikusok \u00e9s a k\u00f6z\u00e9pgener\u00e1ci\u00f3 m\u0171v\u00e9szi \u00f6szt\u00f6nz\u00e9se \u00e1ltal emelkedett orsz\u00e1gos n\u00edv\u00f3ra. Val\u00f3j\u00e1ban \u0151k alapozt\u00e1k meg Salg\u00f3tarj\u00e1n k\u00e9pz\u0151m\u0171v\u00e9szet\u00e9nek folyamatos fejl\u0151d\u00e9s\u00e9t \u00e9s meg\u00fajul\u00e1s\u00e1nak a lehet\u0151s\u00e9g\u00e9t is. Az el\u0151d\u00f6k nyom\u00e1n elindulva \u00fajabb alkot\u00f3k, \u00fajabb tehets\u00e9gek j\u00e1rnak ma m\u00e1r a maguk \u00fatj\u00e1n \u00e9s a t\u00e1rlaton is l\u00e1that\u00f3 m\u0171veikkel egyre gyarap\u00edtj\u00e1k a v\u00e1ros k\u00e9pz\u0151m\u0171v\u00e9szeti kincsest\u00e1r\u00e1t.<\/p>\n","protected":false},"excerpt":{"rendered":"<p>M\u0171vek, alkot\u00f3k \u2013 A k\u00e9pz\u0151m\u0171v\u00e9szet 50 \u00e9ve Salg\u00f3tarj\u00e1nban c\u00edmmel 2016. szeptember 16-\u00e1n ny\u00edlott ki\u00e1ll\u00edt\u00e1s helyi m\u0171v\u00e9szek remekeib\u0151l a Dornyay B\u00e9la M\u00fazeumban. A t\u00e1rlat okt\u00f3ber 22-ig tekinthet\u0151 meg. A ki\u00e1ll\u00edtott m\u0171veket a Dornyay B\u00e9la M\u00fazeum k\u00e9pz\u0151m\u0171v\u00e9szeti gy\u0171jtem\u00e9ny\u00e9b\u0151l v\u00e1logatt\u00e1k az int\u00e9zm\u00e9ny szakemberei. A v\u00e1ros k\u00e9pz\u0151m\u0171v\u00e9szeti \u00e9lete klasszikusainak \u2013 Iv\u00e1nyi \u00d6d\u00f6n, Czinke Ferenc, Must\u00f3 J\u00e1nos \u2013 munk\u00e1ss\u00e1g\u00e1t felvillant\u00f3 &#8230; <a title=\"50 \u00e9v k\u00e9pz\u0151m\u0171v\u00e9szete Salg\u00f3tarj\u00e1nban\" class=\"read-more\" href=\"https:\/\/www.salgotarjan.hu\/?p=4835\" aria-label=\"Read more about 50 \u00e9v k\u00e9pz\u0151m\u0171v\u00e9szete Salg\u00f3tarj\u00e1nban\">Olvass tov\u00e1bb<\/a><\/p>\n","protected":false},"author":7,"featured_media":0,"comment_status":"closed","ping_status":"closed","sticky":false,"template":"","format":"standard","meta":{"footnotes":""},"categories":[1,10],"tags":[],"class_list":["post-4835","post","type-post","status-publish","format-standard","hentry","category-egyebek","category-hirek-aktualitasok"],"_links":{"self":[{"href":"https:\/\/www.salgotarjan.hu\/index.php?rest_route=\/wp\/v2\/posts\/4835","targetHints":{"allow":["GET"]}}],"collection":[{"href":"https:\/\/www.salgotarjan.hu\/index.php?rest_route=\/wp\/v2\/posts"}],"about":[{"href":"https:\/\/www.salgotarjan.hu\/index.php?rest_route=\/wp\/v2\/types\/post"}],"author":[{"embeddable":true,"href":"https:\/\/www.salgotarjan.hu\/index.php?rest_route=\/wp\/v2\/users\/7"}],"replies":[{"embeddable":true,"href":"https:\/\/www.salgotarjan.hu\/index.php?rest_route=%2Fwp%2Fv2%2Fcomments&post=4835"}],"version-history":[{"count":1,"href":"https:\/\/www.salgotarjan.hu\/index.php?rest_route=\/wp\/v2\/posts\/4835\/revisions"}],"predecessor-version":[{"id":4837,"href":"https:\/\/www.salgotarjan.hu\/index.php?rest_route=\/wp\/v2\/posts\/4835\/revisions\/4837"}],"wp:attachment":[{"href":"https:\/\/www.salgotarjan.hu\/index.php?rest_route=%2Fwp%2Fv2%2Fmedia&parent=4835"}],"wp:term":[{"taxonomy":"category","embeddable":true,"href":"https:\/\/www.salgotarjan.hu\/index.php?rest_route=%2Fwp%2Fv2%2Fcategories&post=4835"},{"taxonomy":"post_tag","embeddable":true,"href":"https:\/\/www.salgotarjan.hu\/index.php?rest_route=%2Fwp%2Fv2%2Ftags&post=4835"}],"curies":[{"name":"wp","href":"https:\/\/api.w.org\/{rel}","templated":true}]}}