{"id":4789,"date":"2016-09-12T12:00:52","date_gmt":"2016-09-12T10:00:52","guid":{"rendered":"http:\/\/www.salgotarjan.hu\/?p=4789"},"modified":"2019-04-21T12:11:42","modified_gmt":"2019-04-21T10:11:42","slug":"a-lelkisegely-szolgalatok-szovetsege-tartott-szakmai-talalkozot-salgotarjanban","status":"publish","type":"post","link":"https:\/\/www.salgotarjan.hu\/?p=4789","title":{"rendered":"A Lelkiseg\u00e9ly Szolg\u00e1latok Sz\u00f6vets\u00e9ge tartott szakmai tal\u00e1lkoz\u00f3t Salg\u00f3tarj\u00e1nban"},"content":{"rendered":"<p>Salg\u00f3tarj\u00e1n adott otthont a Lelkiseg\u00e9ly Szolg\u00e1latok Sz\u00f6vets\u00e9ge ez \u00e9vi r\u00e9gi\u00f3s szakmai tal\u00e1lkoz\u00f3j\u00e1nak. A rendezv\u00e9nyen r\u00e9sztvev\u0151ket Husz\u00e1r M\u00e1t\u00e9, alpolg\u00e1rmester k\u00f6sz\u00f6nt\u00f6tte, aki a t\u00e1rsadalom jobb\u00edt\u00e1s\u00e1\u00e9rt f\u00e1radoz\u00f3 \u00f6nk\u00e9ntesek \u00e1ldozatv\u00e1llal\u00e1s\u00e1t m\u00e9ltatta. A 27 \u00e9ve alap\u00edtott Salg\u00f3tarj\u00e1ni \u00fcgyelet szakemberei imm\u00e1r m\u00e1sodik alkalommal lehettek vend\u00e9gl\u00e1t\u00f3i a h\u00e1rom r\u00e9gi\u00f3ra osztott szervezet, \u00e9szak\u2013magyarorsz\u00e1gi st\u00e1bjainak. A ment\u00e1lhigi\u00e9n\u00e9s feladatokat v\u00e1llal\u00f3k &#8211; ezen alkalmakkor &#8211; nem csak tapasztalatokat cser\u00e9lnek egym\u00e1ssal, de szakmai tov\u00e1bbk\u00e9pz\u00e9sen is r\u00e9szt vesznek. A tal\u00e1lkoz\u00f3n r\u00e9sztvev\u0151ket a kem\u00e9ny munka mellett sz\u00ednes programokkal is v\u00e1rt\u00e1k a szervez\u0151k. N\u00e9h\u00e1nyan m\u00e1r p\u00e9nteken este meg\u00e9rkeztek vend\u00e9gl\u00e1t\u00f3ikhoz \u00e9s r\u00e9szt vettek a B\u00e1ny\u00e1sznap \u00e9s P\u00e1linkafesztiv\u00e1l esem\u00e9nyein. M\u00e1snap pedig a K\u00e1lv\u00e1ri dombra kir\u00e1ndultak, ahol elhangzottak a konferencia z\u00e1r\u00f3gondolatai.<\/p>\n<p>Salg\u00f3tarj\u00e1nban 1989 szeptember negyedik\u00e9n, este hat \u00f3rakor vett\u00e9k fel el\u0151sz\u00f6r a telefont az \u00fcgyel\u0151k. A szolg\u00e1lat megszervez\u0151inek c\u00e9lja az volt, hogy ne csak a k\u00f3ros ment\u00e1lis \u00e1llapotban l\u00e9v\u0151k kapjanak ell\u00e1t\u00e1st, hanem az eg\u00e9szs\u00e9ges, de kritikus \u00e9letneh\u00e9zs\u00e9gekkel k\u00fczd\u0151knek is legyen seg\u00edts\u00e9g. A salg\u00f3tarj\u00e1ni \u00f6nk\u00e9ntesek m\u00e1sf\u00e9l \u00e9ves intenz\u00edv k\u00e9pz\u00e9s ut\u00e1n \u00fclhettek telefonhoz. A st\u00e1b ma h\u00fasz \u00f6nk\u00e9ntessel dolgozik, de mivel folyamatos a lemorzsol\u00f3d\u00e1s \u00edgy folyamatos a jelentkez\u0151k k\u00e9pz\u00e9se is. H\u00e1rom \u00e9vvel ezel\u0151tt a 12 \u00f3r\u00e1s \u00fcgyeleti id\u0151 24 \u00f3r\u00e1sra b\u0151v\u00fclt \u00e9s helyi szervezet is kapott egy k\u00f6zponti sz\u00e1mot. A nemzetk\u00f6zi rendszerben a magyar nyelv\u0171 szolg\u00e1latot a 116-123 telefonsz\u00e1mon lehet el\u00e9rni. A h\u00edv\u00e1sok v\u00e9letlenszer\u0171en jutnak be az \u00e9ppen szabad vonalakra. A salg\u00f3tarj\u00e1ni st\u00e1bot azonban egy helyi szolg\u00e1ltat\u00f3 is seg\u00edti. \u00cdgy rendelkez\u00e9sre \u00e1ll a 80 310-600 telefonsz\u00e1m is azoknak, akik ragaszkodnak a helyi jelens\u00e9gekben j\u00e1rtas \u00fcgyel\u0151kh\u00f6z. A szolg\u00e1ltat\u00e1s egy\u00e9bk\u00e9nt n\u00e9vtelen \u00e9s mind vonalas, mind mobiltelefonr\u00f3l ingyenesen h\u00edvhat\u00f3.<\/p>\n","protected":false},"excerpt":{"rendered":"<p>Salg\u00f3tarj\u00e1n adott otthont a Lelkiseg\u00e9ly Szolg\u00e1latok Sz\u00f6vets\u00e9ge ez \u00e9vi r\u00e9gi\u00f3s szakmai tal\u00e1lkoz\u00f3j\u00e1nak. A rendezv\u00e9nyen r\u00e9sztvev\u0151ket Husz\u00e1r M\u00e1t\u00e9, alpolg\u00e1rmester k\u00f6sz\u00f6nt\u00f6tte, aki a t\u00e1rsadalom jobb\u00edt\u00e1s\u00e1\u00e9rt f\u00e1radoz\u00f3 \u00f6nk\u00e9ntesek \u00e1ldozatv\u00e1llal\u00e1s\u00e1t m\u00e9ltatta. A 27 \u00e9ve alap\u00edtott Salg\u00f3tarj\u00e1ni \u00fcgyelet szakemberei imm\u00e1r m\u00e1sodik alkalommal lehettek vend\u00e9gl\u00e1t\u00f3i a h\u00e1rom r\u00e9gi\u00f3ra osztott szervezet, \u00e9szak\u2013magyarorsz\u00e1gi st\u00e1bjainak. A ment\u00e1lhigi\u00e9n\u00e9s feladatokat v\u00e1llal\u00f3k &#8211; ezen alkalmakkor &#8211; nem &#8230; <a title=\"A Lelkiseg\u00e9ly Szolg\u00e1latok Sz\u00f6vets\u00e9ge tartott szakmai tal\u00e1lkoz\u00f3t Salg\u00f3tarj\u00e1nban\" class=\"read-more\" href=\"https:\/\/www.salgotarjan.hu\/?p=4789\" aria-label=\"Read more about A Lelkiseg\u00e9ly Szolg\u00e1latok Sz\u00f6vets\u00e9ge tartott szakmai tal\u00e1lkoz\u00f3t Salg\u00f3tarj\u00e1nban\">Olvass tov\u00e1bb<\/a><\/p>\n","protected":false},"author":7,"featured_media":0,"comment_status":"closed","ping_status":"closed","sticky":false,"template":"","format":"standard","meta":{"footnotes":""},"categories":[1,10],"tags":[],"class_list":["post-4789","post","type-post","status-publish","format-standard","hentry","category-egyebek","category-hirek-aktualitasok"],"_links":{"self":[{"href":"https:\/\/www.salgotarjan.hu\/index.php?rest_route=\/wp\/v2\/posts\/4789","targetHints":{"allow":["GET"]}}],"collection":[{"href":"https:\/\/www.salgotarjan.hu\/index.php?rest_route=\/wp\/v2\/posts"}],"about":[{"href":"https:\/\/www.salgotarjan.hu\/index.php?rest_route=\/wp\/v2\/types\/post"}],"author":[{"embeddable":true,"href":"https:\/\/www.salgotarjan.hu\/index.php?rest_route=\/wp\/v2\/users\/7"}],"replies":[{"embeddable":true,"href":"https:\/\/www.salgotarjan.hu\/index.php?rest_route=%2Fwp%2Fv2%2Fcomments&post=4789"}],"version-history":[{"count":5,"href":"https:\/\/www.salgotarjan.hu\/index.php?rest_route=\/wp\/v2\/posts\/4789\/revisions"}],"predecessor-version":[{"id":4795,"href":"https:\/\/www.salgotarjan.hu\/index.php?rest_route=\/wp\/v2\/posts\/4789\/revisions\/4795"}],"wp:attachment":[{"href":"https:\/\/www.salgotarjan.hu\/index.php?rest_route=%2Fwp%2Fv2%2Fmedia&parent=4789"}],"wp:term":[{"taxonomy":"category","embeddable":true,"href":"https:\/\/www.salgotarjan.hu\/index.php?rest_route=%2Fwp%2Fv2%2Fcategories&post=4789"},{"taxonomy":"post_tag","embeddable":true,"href":"https:\/\/www.salgotarjan.hu\/index.php?rest_route=%2Fwp%2Fv2%2Ftags&post=4789"}],"curies":[{"name":"wp","href":"https:\/\/api.w.org\/{rel}","templated":true}]}}