{"id":4782,"date":"2016-09-12T14:06:02","date_gmt":"2016-09-12T12:06:02","guid":{"rendered":"http:\/\/www.salgotarjan.hu\/?p=4782"},"modified":"2019-04-21T12:11:42","modified_gmt":"2019-04-21T10:11:42","slug":"hirdetmeny-3","status":"publish","type":"post","link":"https:\/\/www.salgotarjan.hu\/?p=4782","title":{"rendered":"Hirdetm\u00e9ny"},"content":{"rendered":"<p>\u00c9rtes\u00edtem Salg\u00f3tarj\u00e1n v\u00e1ros \u00e9s k\u00f6rny\u00e9k\u00e9nek lakoss\u00e1g\u00e1t,<br \/>\nhogy a Polg\u00e1rmesteri Hivatalban<br \/>\n<strong>az \u00fcgyf\u00e9lfogad\u00e1s 2016. szeptember 14-\u00e9n (szerd\u00e1n) sz\u00fcnetel<\/strong>.<\/p>\n<p>Ezen a napon a Hivatal valamennyi szervezeti egys\u00e9ge telefonon \u00fcgyeletet tart.<\/p>\n<p>A megv\u00e1ltozott \u00fcgyf\u00e9lfogad\u00e1si rend miatt k\u00e9rem sz\u00edves meg\u00e9rt\u00e9s\u00fcket.<\/p>\n<p><strong>T\u00f3thn\u00e9 dr. Kerekes Andrea<\/strong> sk.<br \/>\njegyz\u0151<\/p>\n","protected":false},"excerpt":{"rendered":"<p>\u00c9rtes\u00edtem Salg\u00f3tarj\u00e1n v\u00e1ros \u00e9s k\u00f6rny\u00e9k\u00e9nek lakoss\u00e1g\u00e1t, hogy a Polg\u00e1rmesteri Hivatalban az \u00fcgyf\u00e9lfogad\u00e1s 2016. szeptember 14-\u00e9n (szerd\u00e1n) sz\u00fcnetel. Ezen a napon a Hivatal valamennyi szervezeti egys\u00e9ge telefonon \u00fcgyeletet tart. A megv\u00e1ltozott \u00fcgyf\u00e9lfogad\u00e1si rend miatt k\u00e9rem sz\u00edves meg\u00e9rt\u00e9s\u00fcket. T\u00f3thn\u00e9 dr. Kerekes Andrea sk. jegyz\u0151<\/p>\n","protected":false},"author":7,"featured_media":0,"comment_status":"closed","ping_status":"closed","sticky":false,"template":"","format":"standard","meta":{"footnotes":""},"categories":[1,10],"tags":[],"class_list":["post-4782","post","type-post","status-publish","format-standard","hentry","category-egyebek","category-hirek-aktualitasok"],"_links":{"self":[{"href":"https:\/\/www.salgotarjan.hu\/index.php?rest_route=\/wp\/v2\/posts\/4782","targetHints":{"allow":["GET"]}}],"collection":[{"href":"https:\/\/www.salgotarjan.hu\/index.php?rest_route=\/wp\/v2\/posts"}],"about":[{"href":"https:\/\/www.salgotarjan.hu\/index.php?rest_route=\/wp\/v2\/types\/post"}],"author":[{"embeddable":true,"href":"https:\/\/www.salgotarjan.hu\/index.php?rest_route=\/wp\/v2\/users\/7"}],"replies":[{"embeddable":true,"href":"https:\/\/www.salgotarjan.hu\/index.php?rest_route=%2Fwp%2Fv2%2Fcomments&post=4782"}],"version-history":[{"count":2,"href":"https:\/\/www.salgotarjan.hu\/index.php?rest_route=\/wp\/v2\/posts\/4782\/revisions"}],"predecessor-version":[{"id":4784,"href":"https:\/\/www.salgotarjan.hu\/index.php?rest_route=\/wp\/v2\/posts\/4782\/revisions\/4784"}],"wp:attachment":[{"href":"https:\/\/www.salgotarjan.hu\/index.php?rest_route=%2Fwp%2Fv2%2Fmedia&parent=4782"}],"wp:term":[{"taxonomy":"category","embeddable":true,"href":"https:\/\/www.salgotarjan.hu\/index.php?rest_route=%2Fwp%2Fv2%2Fcategories&post=4782"},{"taxonomy":"post_tag","embeddable":true,"href":"https:\/\/www.salgotarjan.hu\/index.php?rest_route=%2Fwp%2Fv2%2Ftags&post=4782"}],"curies":[{"name":"wp","href":"https:\/\/api.w.org\/{rel}","templated":true}]}}