{"id":4771,"date":"2016-09-10T19:50:19","date_gmt":"2016-09-10T17:50:19","guid":{"rendered":"http:\/\/www.salgotarjan.hu\/?p=4771"},"modified":"2019-04-21T12:11:42","modified_gmt":"2019-04-21T10:11:42","slug":"paloc-palinka-es-banyaszhagyomanyok-unnepe-2","status":"publish","type":"post","link":"https:\/\/www.salgotarjan.hu\/?p=4771","title":{"rendered":"Pal\u00f3c P\u00e1linka \u00e9s B\u00e1ny\u00e1szhagyom\u00e1nyok \u00dcnnepe"},"content":{"rendered":"<p>K\u00e9zm\u0171ves kirak\u00f3d\u00f3v\u00e1s\u00e1r, gasztros\u00e9t\u00e1ny, koncertek, t\u00e1ncos produkci\u00f3k \u00e9s f\u0151z\u0151verseny is v\u00e1rta az \u00e9rdekl\u0151d\u0151ket a B\u00e1ny\u00e1szhagyom\u00e1nyok \u00dcnnep\u00e9n szeptember 9-\u00e9n \u00e9s 10-\u00e9n Salg\u00f3tarj\u00e1nban.<\/p>\n<p>Id\u00e9n a rendezv\u00e9nyhez csatlakozott a IV. Region\u00e1lis Pal\u00f3c p\u00e1linka- \u00e9s p\u00e1rlatverseny \u00e9s a III. Erdei \u00e9s vadon term\u0151 gy\u00fcm\u00f6lcs\u00f6kb\u0151l k\u00e9sz\u00fclt p\u00e1link\u00e1k orsz\u00e1gos verseny\u00e9nek eredm\u00e9nyhirdet\u00e9se is.<\/p>\n<p><img loading=\"lazy\" decoding=\"async\" src=\"http:\/\/www.salgotarjan.hu\/wp-content\/uploads\/20160910_palinka.jpg\" alt=\"20160910_palinka\" width=\"480\" height=\"319\" class=\"alignnone size-full wp-image-4772\" srcset=\"https:\/\/www.salgotarjan.hu\/wp-content\/uploads\/20160910_palinka.jpg 480w, https:\/\/www.salgotarjan.hu\/wp-content\/uploads\/20160910_palinka-300x199.jpg 300w\" sizes=\"auto, (max-width: 480px) 100vw, 480px\" \/><\/p>\n<p>Fekete Zsolt polg\u00e1rmester k\u00f6sz\u00f6netet mondott a szervez\u0151knek \u00e9s gratul\u00e1lt a verseny d\u00edjazottainak. A N\u00f3gr\u00e1d Megyei P\u00e1linkabar\u00e1tok K\u00f6re \u00e1ltal szervezett, a P\u00e1linka Nemzeti Tan\u00e1cs \u00e1ltal t\u00e1mogatott \u00e9s az orsz\u00e1gos \u00e9rdekl\u0151d\u00e9sre is sz\u00e1mot tart\u00f3 megm\u00e9rettet\u00e9s egyik v\u00e9dn\u00f6kek\u00e9nt a polg\u00e1rmester felh\u00edvta a figyelmet r\u00e9gi\u00f3nk kiv\u00e1l\u00f3 term\u00e9szeti adotts\u00e1gaira a j\u00f3 min\u0151s\u00e9g\u0171, kellemes zamat\u00fa gy\u00fcm\u00f6lcs\u00f6k termeszt\u00e9s\u00e9re, amelyekb\u0151l ak\u00e1r magas min\u0151s\u00e9g\u0171, n\u00edv\u00f3s p\u00e1link\u00e1k is k\u00e9sz\u00fclhetnek.<\/p>\n<p>A legjobb pal\u00f3c p\u00e1linka c\u00edmet egy etesi k\u00e9sz\u00edt\u00e9s\u0171 irsai oliver sz\u0151l\u0151p\u00e1linka, a legjobb erdei p\u00e1linka c\u00edm\u00e9t egy soltvadkerti mad\u00e1rberkenye p\u00e1linka nyerte el.<\/p>\n","protected":false},"excerpt":{"rendered":"<p>K\u00e9zm\u0171ves kirak\u00f3d\u00f3v\u00e1s\u00e1r, gasztros\u00e9t\u00e1ny, koncertek, t\u00e1ncos produkci\u00f3k \u00e9s f\u0151z\u0151verseny is v\u00e1rta az \u00e9rdekl\u0151d\u0151ket a B\u00e1ny\u00e1szhagyom\u00e1nyok \u00dcnnep\u00e9n szeptember 9-\u00e9n \u00e9s 10-\u00e9n Salg\u00f3tarj\u00e1nban. Id\u00e9n a rendezv\u00e9nyhez csatlakozott a IV. Region\u00e1lis Pal\u00f3c p\u00e1linka- \u00e9s p\u00e1rlatverseny \u00e9s a III. Erdei \u00e9s vadon term\u0151 gy\u00fcm\u00f6lcs\u00f6kb\u0151l k\u00e9sz\u00fclt p\u00e1link\u00e1k orsz\u00e1gos verseny\u00e9nek eredm\u00e9nyhirdet\u00e9se is. Fekete Zsolt polg\u00e1rmester k\u00f6sz\u00f6netet mondott a szervez\u0151knek \u00e9s gratul\u00e1lt a &#8230; <a title=\"Pal\u00f3c P\u00e1linka \u00e9s B\u00e1ny\u00e1szhagyom\u00e1nyok \u00dcnnepe\" class=\"read-more\" href=\"https:\/\/www.salgotarjan.hu\/?p=4771\" aria-label=\"Read more about Pal\u00f3c P\u00e1linka \u00e9s B\u00e1ny\u00e1szhagyom\u00e1nyok \u00dcnnepe\">Olvass tov\u00e1bb<\/a><\/p>\n","protected":false},"author":7,"featured_media":0,"comment_status":"closed","ping_status":"closed","sticky":false,"template":"","format":"standard","meta":{"footnotes":""},"categories":[1,10],"tags":[],"class_list":["post-4771","post","type-post","status-publish","format-standard","hentry","category-egyebek","category-hirek-aktualitasok"],"_links":{"self":[{"href":"https:\/\/www.salgotarjan.hu\/index.php?rest_route=\/wp\/v2\/posts\/4771","targetHints":{"allow":["GET"]}}],"collection":[{"href":"https:\/\/www.salgotarjan.hu\/index.php?rest_route=\/wp\/v2\/posts"}],"about":[{"href":"https:\/\/www.salgotarjan.hu\/index.php?rest_route=\/wp\/v2\/types\/post"}],"author":[{"embeddable":true,"href":"https:\/\/www.salgotarjan.hu\/index.php?rest_route=\/wp\/v2\/users\/7"}],"replies":[{"embeddable":true,"href":"https:\/\/www.salgotarjan.hu\/index.php?rest_route=%2Fwp%2Fv2%2Fcomments&post=4771"}],"version-history":[{"count":5,"href":"https:\/\/www.salgotarjan.hu\/index.php?rest_route=\/wp\/v2\/posts\/4771\/revisions"}],"predecessor-version":[{"id":4779,"href":"https:\/\/www.salgotarjan.hu\/index.php?rest_route=\/wp\/v2\/posts\/4771\/revisions\/4779"}],"wp:attachment":[{"href":"https:\/\/www.salgotarjan.hu\/index.php?rest_route=%2Fwp%2Fv2%2Fmedia&parent=4771"}],"wp:term":[{"taxonomy":"category","embeddable":true,"href":"https:\/\/www.salgotarjan.hu\/index.php?rest_route=%2Fwp%2Fv2%2Fcategories&post=4771"},{"taxonomy":"post_tag","embeddable":true,"href":"https:\/\/www.salgotarjan.hu\/index.php?rest_route=%2Fwp%2Fv2%2Ftags&post=4771"}],"curies":[{"name":"wp","href":"https:\/\/api.w.org\/{rel}","templated":true}]}}