{"id":4765,"date":"2016-09-10T19:53:50","date_gmt":"2016-09-10T17:53:50","guid":{"rendered":"http:\/\/www.salgotarjan.hu\/?p=4765"},"modified":"2019-04-21T12:11:42","modified_gmt":"2019-04-21T10:11:42","slug":"banyasznapi-megemlekezes","status":"publish","type":"post","link":"https:\/\/www.salgotarjan.hu\/?p=4765","title":{"rendered":"B\u00e1ny\u00e1sznapi megeml\u00e9kez\u00e9s"},"content":{"rendered":"<p><img loading=\"lazy\" decoding=\"async\" src=\"http:\/\/www.salgotarjan.hu\/wp-content\/uploads\/20160910_banyasznap_1.jpg\" alt=\"20160910_banyasznap_1\" width=\"480\" height=\"280\" class=\"alignnone size-full wp-image-4766\" srcset=\"https:\/\/www.salgotarjan.hu\/wp-content\/uploads\/20160910_banyasznap_1.jpg 480w, https:\/\/www.salgotarjan.hu\/wp-content\/uploads\/20160910_banyasznap_1-300x175.jpg 300w\" sizes=\"auto, (max-width: 480px) 100vw, 480px\" \/><\/p>\n<p>A m\u00e9g k\u00f6z\u00f6tt\u00fcnk \u00e9l\u0151 egykori salg\u00f3tarj\u00e1ni b\u00e1ny\u00e1szok tisztelet\u00e9re \u00e9s a f\u00f6ld m\u00e9ly\u00e9r\u0151l vissza nem t\u00e9rt t\u00e1rsaik eml\u00e9k\u00e9re tartottak koszor\u00faz\u00e1si \u00fcnneps\u00e9get szeptember 9-\u00e9n a B\u00e1ny\u00e1szati Ki\u00e1ll\u00edt\u00f3hely eml\u00e9km\u0171v\u00e9n\u00e9l.<\/p>\n<p><img loading=\"lazy\" decoding=\"async\" src=\"http:\/\/www.salgotarjan.hu\/wp-content\/uploads\/20160910_banyasznap_2.jpg\" alt=\"20160910_banyasznap_2\" width=\"480\" height=\"351\" class=\"alignnone size-full wp-image-4767\" srcset=\"https:\/\/www.salgotarjan.hu\/wp-content\/uploads\/20160910_banyasznap_2.jpg 480w, https:\/\/www.salgotarjan.hu\/wp-content\/uploads\/20160910_banyasznap_2-300x219.jpg 300w\" sizes=\"auto, (max-width: 480px) 100vw, 480px\" \/><\/p>\n<p>Salg\u00f3tarj\u00e1n Megyei Jog\u00fa V\u00e1ros \u00d6nkorm\u00e1nyzata, a B\u00e1nya-, Energia- \u00e9s Ipari Dolgoz\u00f3k Szakszervezete \u00e9s a N\u00f3gr\u00e1di B\u00e1ny\u00e1sz Nyugd\u00edjas Szakszervezeti Bizotts\u00e1g k\u00f6z\u00f6s megeml\u00e9kez\u00e9s\u00e9n Fekete Zsolt polg\u00e1rmester mondott \u00fcnnepi besz\u00e9det, amelyben megeml\u00e9kezett a salg\u00f3tarj\u00e1ni b\u00e1ny\u00e1szat t\u00f6rt\u00e9net\u00e9r\u0151l, v\u00e1rosunk korai fejl\u0151d\u00e9s\u00e9ben bet\u00f6lt\u00f6tt szerep\u00e9r\u0151l \u00e9s m\u00e9ltatta az egykori b\u00e1ny\u00e1szok munk\u00e1j\u00e1t.<\/p>\n<p>A v\u00e1rosvezet\u0151 kiemelte, hogy a sz\u00e9nb\u00e1ny\u00e1szat megsz\u0171nt\u00e9vel az ipar\u00e1g gazdas\u00e1gi szerepe term\u00e9szetszer\u0171leg elveszett, de a m\u00faltban l\u00e9trehozott szellemi \u00e9s anyagi \u00e9rt\u00e9keivel \u00e9s megl\u00e9v\u0151 eml\u00e9khelyeivel a mai Salg\u00f3tarj\u00e1n gazdag \u00f6r\u00f6ks\u00e9ge maradt, az \u00f6nkorm\u00e1nyzat pedig fontos feladat\u00e1nak tartja a b\u00e1ny\u00e1szati m\u00falt \u00e9rt\u00e9keinek \u0151rz\u00e9s\u00e9t \u00e9s a b\u00e1ny\u00e1szhagyom\u00e1nyok tov\u00e1bbi \u00e1pol\u00e1s\u00e1t.<\/p>\n<p><img loading=\"lazy\" decoding=\"async\" src=\"http:\/\/www.salgotarjan.hu\/wp-content\/uploads\/20160910_banyasznap_3.jpg\" alt=\"20160910_banyasznap_3\" width=\"480\" height=\"319\" class=\"alignnone size-full wp-image-4768\" srcset=\"https:\/\/www.salgotarjan.hu\/wp-content\/uploads\/20160910_banyasznap_3.jpg 480w, https:\/\/www.salgotarjan.hu\/wp-content\/uploads\/20160910_banyasznap_3-300x199.jpg 300w\" sizes=\"auto, (max-width: 480px) 100vw, 480px\" \/><\/p>\n","protected":false},"excerpt":{"rendered":"<p>A m\u00e9g k\u00f6z\u00f6tt\u00fcnk \u00e9l\u0151 egykori salg\u00f3tarj\u00e1ni b\u00e1ny\u00e1szok tisztelet\u00e9re \u00e9s a f\u00f6ld m\u00e9ly\u00e9r\u0151l vissza nem t\u00e9rt t\u00e1rsaik eml\u00e9k\u00e9re tartottak koszor\u00faz\u00e1si \u00fcnneps\u00e9get szeptember 9-\u00e9n a B\u00e1ny\u00e1szati Ki\u00e1ll\u00edt\u00f3hely eml\u00e9km\u0171v\u00e9n\u00e9l. Salg\u00f3tarj\u00e1n Megyei Jog\u00fa V\u00e1ros \u00d6nkorm\u00e1nyzata, a B\u00e1nya-, Energia- \u00e9s Ipari Dolgoz\u00f3k Szakszervezete \u00e9s a N\u00f3gr\u00e1di B\u00e1ny\u00e1sz Nyugd\u00edjas Szakszervezeti Bizotts\u00e1g k\u00f6z\u00f6s megeml\u00e9kez\u00e9s\u00e9n Fekete Zsolt polg\u00e1rmester mondott \u00fcnnepi besz\u00e9det, amelyben megeml\u00e9kezett &#8230; <a title=\"B\u00e1ny\u00e1sznapi megeml\u00e9kez\u00e9s\" class=\"read-more\" href=\"https:\/\/www.salgotarjan.hu\/?p=4765\" aria-label=\"Read more about B\u00e1ny\u00e1sznapi megeml\u00e9kez\u00e9s\">Olvass tov\u00e1bb<\/a><\/p>\n","protected":false},"author":7,"featured_media":0,"comment_status":"closed","ping_status":"closed","sticky":false,"template":"","format":"standard","meta":{"footnotes":""},"categories":[1,10],"tags":[],"class_list":["post-4765","post","type-post","status-publish","format-standard","hentry","category-egyebek","category-hirek-aktualitasok"],"_links":{"self":[{"href":"https:\/\/www.salgotarjan.hu\/index.php?rest_route=\/wp\/v2\/posts\/4765","targetHints":{"allow":["GET"]}}],"collection":[{"href":"https:\/\/www.salgotarjan.hu\/index.php?rest_route=\/wp\/v2\/posts"}],"about":[{"href":"https:\/\/www.salgotarjan.hu\/index.php?rest_route=\/wp\/v2\/types\/post"}],"author":[{"embeddable":true,"href":"https:\/\/www.salgotarjan.hu\/index.php?rest_route=\/wp\/v2\/users\/7"}],"replies":[{"embeddable":true,"href":"https:\/\/www.salgotarjan.hu\/index.php?rest_route=%2Fwp%2Fv2%2Fcomments&post=4765"}],"version-history":[{"count":4,"href":"https:\/\/www.salgotarjan.hu\/index.php?rest_route=\/wp\/v2\/posts\/4765\/revisions"}],"predecessor-version":[{"id":4777,"href":"https:\/\/www.salgotarjan.hu\/index.php?rest_route=\/wp\/v2\/posts\/4765\/revisions\/4777"}],"wp:attachment":[{"href":"https:\/\/www.salgotarjan.hu\/index.php?rest_route=%2Fwp%2Fv2%2Fmedia&parent=4765"}],"wp:term":[{"taxonomy":"category","embeddable":true,"href":"https:\/\/www.salgotarjan.hu\/index.php?rest_route=%2Fwp%2Fv2%2Fcategories&post=4765"},{"taxonomy":"post_tag","embeddable":true,"href":"https:\/\/www.salgotarjan.hu\/index.php?rest_route=%2Fwp%2Fv2%2Ftags&post=4765"}],"curies":[{"name":"wp","href":"https:\/\/api.w.org\/{rel}","templated":true}]}}