{"id":4752,"date":"2016-09-18T16:00:19","date_gmt":"2016-09-18T14:00:19","guid":{"rendered":"http:\/\/www.salgotarjan.hu\/?p=4752"},"modified":"2019-04-21T12:11:42","modified_gmt":"2019-04-21T10:11:42","slug":"civil-honap-programsorozat","status":"publish","type":"post","link":"https:\/\/www.salgotarjan.hu\/?p=4752","title":{"rendered":"Civil H\u00f3nap programsorozat"},"content":{"rendered":"<p><strong>CIVIL H\u00d3NAP: \u201eCIVILEK \u00e9s a KULT\u00daRA\u201d PROGRAMSOROZAT<\/strong><\/p>\n<p><strong>2016. szeptember 5. 10.00<\/strong><br \/>\nA CIVIL H\u00d3NAP megnyit\u00e1sa, sajt\u00f3t\u00e1j\u00e9koztat\u00f3.<br \/>\nHelysz\u00edn: Salg\u00f3tarj\u00e1ni Civil K\u00f6z\u00f6ss\u00e9gek H\u00e1za.<br \/>\nFelel\u0151s: Salg\u00f3tarj\u00e1ni Civil Kerekasztal. (SCK)<\/p>\n<p><strong>2016. szeptember 7. 15.30<\/strong><br \/>\n225 \u00e9ve sz\u00fcletett gr\u00f3f Sz\u00e9chenyi Istv\u00e1n.<br \/>\nHelysz\u00edn: SBTC k\u00e1v\u00e9h\u00e1z.<br \/>\nFelel\u0151s: Salg\u00f3tarj\u00e1ni T\u00e1jak Korok M\u00fazeumok Klub Egyes\u00fclete.<\/p>\n<p><strong>2016. szeptember 9-11.<\/strong><br \/>\nR\u00e9szv\u00e9tel a civil kerekasztalok szombathelyi tal\u00e1lkoz\u00f3j\u00e1n.<br \/>\nFelel\u0151s: SCK<\/p>\n<p><strong>2016. szeptember 14. 9.40<\/strong><br \/>\nKov\u00e1csn\u00e9 Maczk\u00f3 Ilona fot\u00f3ki\u00e1ll\u00edt\u00e1s\u00e1nak megnyit\u00f3ja a Kanizsai Dorottya Eg\u00e9szs\u00e9g\u00fcgyi Szakk\u00f6z\u00e9piskol\u00e1ban.<br \/>\nFelel\u0151s: N\u00f3gr\u00e1d Megyei Fot\u00f3klub.<\/p>\n<p><strong>2016. szeptember 20. 16.00<\/strong><br \/>\n\u201dT\u00fal-s\u00falyos probl\u00e9m\u00e1k\u201d: -az elh\u00edz\u00e1s \u00e9s napjaink divat di\u00e9t\u00e1inak vesz\u00e9lyei.<br \/>\nHelysz\u00edn: Balassi B\u00e1lint Megyei K\u00f6nyvt\u00e1r.<br \/>\nFelel\u0151s: Magyar R\u00e1kellenes Liga Salg\u00f3tarj\u00e1ni Szervezete.<\/p>\n<p><strong>2016. szeptember 21. 10.00<\/strong><br \/>\nA Harmadik Szektor\u00e9rt Egyes\u00fclet \u00e9s az \u00daj Nemzed\u00e9k Iroda \u201eCivil Staf\u00e9ta\u201d c\u00edmmel konferenci\u00e1t rendez.<br \/>\nHelysz\u00edn: Medves Hotel, Salg\u00f3b\u00e1nya.<\/p>\n<p><strong>2016. szeptember 22. 17.30<\/strong><br \/>\nMedve J\u00e1nosn\u00e9 ki\u00e1ll\u00edt\u00e1s\u00e1nak megnyit\u00f3ja a JAMK Fot\u00f3gal\u00e9ri\u00e1j\u00e1ban.<br \/>\nFelel\u0151s: N\u00f3gr\u00e1d Megyei Fot\u00f3klub.<\/p>\n<p><strong>2016. szeptember 23. 16.30<\/strong><br \/>\nKutat\u00f3k \u00e9jszak\u00e1ja a MNL N\u00f3gr\u00e1d Megyei Lev\u00e9lt\u00e1r\u00e1ban.<br \/>\nCivilek a lev\u00e9lt\u00e1rban.<br \/>\nHelysz\u00edn: MNL N\u00f3gr\u00e1d Megyei Lev\u00e9lt\u00e1ra.<\/p>\n<p><strong>2016. szeptember 24.<\/strong><br \/>\nV\u00e1s\u00e1rt\u00e9ri V\u00e1s\u00e1r.<br \/>\nHelysz\u00edn: Salg\u00f3tarj\u00e1n, V\u00e1s\u00e1rt\u00e9r.<br \/>\nFelel\u0151s: MESE.<\/p>\n<p><strong>2016. szeptember 24.<\/strong><br \/>\nKir\u00e1ndul\u00e1s Esztergomba. Ismerked\u00e9s a 15-16. sz\u00e1zad vall\u00e1si \u00e9s kultur\u00e1lis \u00e9rt\u00e9keivel, a r\u00f3mai katolikus egyh\u00e1z magyarorsz\u00e1gi k\u00f6zpontj\u00e1val.<br \/>\nIdegenvezet\u0151: Prokopp M\u00e1ria m\u0171v\u00e9szett\u00f6rt\u00e9n\u00e9sz.<br \/>\nSzervez\u0151: a Magyar R\u00e1kellenes Liga Salg\u00f3tarj\u00e1ni Szervezete.<\/p>\n<p><strong>2016. szeptember 26. 10.00<\/strong><br \/>\nA CIVIL KAVALK\u00c1D megnyit\u00f3ja.<br \/>\nHelysz\u00edn: SITI.<br \/>\nFelel\u0151s: SCK.<\/p>\n<p><strong>2016. szeptember 26. 16.00<\/strong><br \/>\nLok\u00e1lpatri\u00f3ta szemmel. Civilek s\u00e9t\u00e1ja a v\u00e1rosban.<br \/>\nFelel\u0151s: Dornyay B\u00e9la M\u00fazeum Bar\u00e1ti K\u00f6re.<\/p>\n<p><strong>2016. szeptember 27. 10.00<\/strong><br \/>\n\u201eCIVILEK \u00e9s a KULT\u00daRA\u201d \u2013 Konferencia.<br \/>\nFelel\u0151s: SCKA \u00e9s SCK.<br \/>\nHelysz\u00edn: Salg\u00f3tarj\u00e1ni Civil K\u00f6z\u00f6ss\u00e9gek H\u00e1za.<\/p>\n<p><strong>2016. szeptember 27. 16.30<\/strong><br \/>\nAz 1956-os esem\u00e9nyek a sajt\u00f3 t\u00fckr\u00e9ben. c. ki\u00e1ll\u00edt\u00e1s megnyit\u00f3ja.<br \/>\nA ki\u00e1ll\u00edt\u00e1st bemutatja Szab\u00f3 J\u00e1nos.<br \/>\nHelysz\u00edn: B\u00e1tki J\u00f3zsef K\u00f6z\u00f6ss\u00e9gi H\u00e1z, Zagyvar\u00f3na.<br \/>\nFelel\u0151s: ZAGYVA-FORR\u00c1S EGYES\u00dcLET.<\/p>\n<p><strong>2016. szeptember 28. 14.00<\/strong><br \/>\n125 \u00e9ves a Magyar Pedag\u00f3giai T\u00e1rsas\u00e1g.<br \/>\nHelyt\u00f6rt\u00e9neti el\u0151ad\u00e1s.<br \/>\nFelel\u0151s: Magyar Pedag\u00f3giai T\u00e1rsas\u00e1g \u00e9s a Salg\u00f3tarj\u00e1ni Gyermekbar\u00e1t Egyes\u00fclet.<br \/>\nHelysz\u00edn: Salg\u00f3tarj\u00e1ni Civil K\u00f6z\u00f6ss\u00e9gek H\u00e1za.<\/p>\n<p><strong>2016. szeptember 29. 14.00<\/strong><br \/>\nIpari Eml\u00e9knap.<br \/>\nFelel\u0151s: B\u00e1ny\u00e1sz-Koh\u00e1sz Hagyom\u00e1ny\u0151rz\u0151 Egyes\u00fclet.<br \/>\nHelysz\u00edn: Dornyai B\u00e9la M\u00fazeum.<\/p>\n<p><strong>2016. szeptember 29. 17.30<\/strong><br \/>\nBerendi Tibor: \u201eMad\u00e1r \u00e9s Term\u00e9szetfot\u00f3z\u00e1s\u201d, avagy mi a titka a sikeres k\u00e9pek k\u00e9sz\u00edt\u00e9s\u00e9nek.<br \/>\nEl\u0151ad\u00e1s \u2013 vet\u00edtett k\u00e9pekkel.<br \/>\nHelysz\u00edn: JAMK klubterme.<br \/>\nFelel\u0151s: N\u00f3gr\u00e1d Megyei Fot\u00f3klub.<\/p>\n<p><strong>2016. okt\u00f3ber 1. 17.00<\/strong><br \/>\n\u201eSalg\u00f3tarj\u00e1n Civil T\u00e1rsadalm\u00e1\u00e9rt\u201d -d\u00edj \u00e1tad\u00e1sa, Id\u0151sek Vil\u00e1gnapi G\u00e1la.<br \/>\nFelel\u0151s: NYOK.<br \/>\nHelysz\u00edn: JAMK sz\u00ednh\u00e1zterme.<\/p>\n<p><strong>2016. okt\u00f3ber 1-2.<\/strong><br \/>\nKegyeleti t\u00fara a Dun\u00e1nt\u00falra.<br \/>\nDr. F\u00f6rster K\u00e1lm\u00e1nra \u00e9s Dr. Dornyay B\u00e9l\u00e1ra eml\u00e9kezik a Salg\u00f3tarj\u00e1ni T\u00e1jak Korok M\u00fazeumok Klub Egyes\u00fclete.<\/p>\n<p><strong>2016. okt\u00f3ber 4.<\/strong><br \/>\nKir\u00e1ly Magdolna fest\u0151m\u0171v\u00e9sz ki\u00e1ll\u00edt\u00e1s\u00e1nak megnyit\u00e1sa.<br \/>\nHelysz\u00edn: Baglyask\u0151 Id\u0151sek Otthona.<br \/>\nFelel\u0151s: Baglyasalja Bar\u00e1tainak K\u00f6re.<\/p>\n<p><strong>2016. okt\u00f3ber 6.<\/strong><br \/>\nVIL\u00c1G GYALOGL\u00d3 NAP EG\u00c9SZ OKT\u00d3BERBEN.<br \/>\nR\u00e9szletek a Magyar Szabadid\u0151sport Sz\u00f6vets\u00e9g www.masport.hu honlapj\u00e1n.<\/p>\n<p><strong>2016. okt\u00f3ber 7. 11.00<\/strong><br \/>\n\u201eVedd Kezedbe a sorsod!\u201d \u2013 Interakt\u00edv Szakmai Szimpozion.<br \/>\nHelysz\u00edn: SITI.<br \/>\nA rendezv\u00e9nyt 13.30 \u00f3rakor a SITI el\u0151tti gy\u00fclekez\u00e9ssel eg\u00e9szs\u00e9gmeg\u0151rz\u0151 s\u00e9ta k\u00f6veti Salg\u00f3tarj\u00e1n F\u0151 ter\u00e9re \u201eH\u00edvunk j\u00f6jj, mert k\u00e9sve k\u00e9s\u0151!\u201d c\u00edmmel.<br \/>\nFelel\u0151s: Magyar R\u00e1kellenes Liga Salg\u00f3tarj\u00e1ni Szervezete.<br \/>\nHelysz\u00edn: Salg\u00f3tarj\u00e1n, F\u0151 t\u00e9r.<\/p>\n<p><em>K\u00e9rj\u00fck, a fenti id\u0151pontok tekintet\u00e9ben k\u00eds\u00e9rje figyelemmel az egyes civil szervezetek megh\u00edv\u00f3it \u00e9s a Salg\u00f3tarj\u00e1ni Civil Kerekasztal sz\u00f3r\u00f3lapjait!<\/em><\/p>\n","protected":false},"excerpt":{"rendered":"<p>CIVIL H\u00d3NAP: \u201eCIVILEK \u00e9s a KULT\u00daRA\u201d PROGRAMSOROZAT 2016. szeptember 5. 10.00 A CIVIL H\u00d3NAP megnyit\u00e1sa, sajt\u00f3t\u00e1j\u00e9koztat\u00f3. Helysz\u00edn: Salg\u00f3tarj\u00e1ni Civil K\u00f6z\u00f6ss\u00e9gek H\u00e1za. Felel\u0151s: Salg\u00f3tarj\u00e1ni Civil Kerekasztal. (SCK) 2016. szeptember 7. 15.30 225 \u00e9ve sz\u00fcletett gr\u00f3f Sz\u00e9chenyi Istv\u00e1n. Helysz\u00edn: SBTC k\u00e1v\u00e9h\u00e1z. Felel\u0151s: Salg\u00f3tarj\u00e1ni T\u00e1jak Korok M\u00fazeumok Klub Egyes\u00fclete. 2016. szeptember 9-11. R\u00e9szv\u00e9tel a civil kerekasztalok szombathelyi tal\u00e1lkoz\u00f3j\u00e1n. &#8230; <a title=\"Civil H\u00f3nap programsorozat\" class=\"read-more\" href=\"https:\/\/www.salgotarjan.hu\/?p=4752\" aria-label=\"Read more about Civil H\u00f3nap programsorozat\">Olvass tov\u00e1bb<\/a><\/p>\n","protected":false},"author":7,"featured_media":0,"comment_status":"closed","ping_status":"closed","sticky":false,"template":"","format":"standard","meta":{"footnotes":""},"categories":[1,10],"tags":[],"class_list":["post-4752","post","type-post","status-publish","format-standard","hentry","category-egyebek","category-hirek-aktualitasok"],"_links":{"self":[{"href":"https:\/\/www.salgotarjan.hu\/index.php?rest_route=\/wp\/v2\/posts\/4752","targetHints":{"allow":["GET"]}}],"collection":[{"href":"https:\/\/www.salgotarjan.hu\/index.php?rest_route=\/wp\/v2\/posts"}],"about":[{"href":"https:\/\/www.salgotarjan.hu\/index.php?rest_route=\/wp\/v2\/types\/post"}],"author":[{"embeddable":true,"href":"https:\/\/www.salgotarjan.hu\/index.php?rest_route=\/wp\/v2\/users\/7"}],"replies":[{"embeddable":true,"href":"https:\/\/www.salgotarjan.hu\/index.php?rest_route=%2Fwp%2Fv2%2Fcomments&post=4752"}],"version-history":[{"count":1,"href":"https:\/\/www.salgotarjan.hu\/index.php?rest_route=\/wp\/v2\/posts\/4752\/revisions"}],"predecessor-version":[{"id":4754,"href":"https:\/\/www.salgotarjan.hu\/index.php?rest_route=\/wp\/v2\/posts\/4752\/revisions\/4754"}],"wp:attachment":[{"href":"https:\/\/www.salgotarjan.hu\/index.php?rest_route=%2Fwp%2Fv2%2Fmedia&parent=4752"}],"wp:term":[{"taxonomy":"category","embeddable":true,"href":"https:\/\/www.salgotarjan.hu\/index.php?rest_route=%2Fwp%2Fv2%2Fcategories&post=4752"},{"taxonomy":"post_tag","embeddable":true,"href":"https:\/\/www.salgotarjan.hu\/index.php?rest_route=%2Fwp%2Fv2%2Ftags&post=4752"}],"curies":[{"name":"wp","href":"https:\/\/api.w.org\/{rel}","templated":true}]}}