{"id":4690,"date":"2016-09-06T16:30:25","date_gmt":"2016-09-06T14:30:25","guid":{"rendered":"http:\/\/www.salgotarjan.hu\/?p=4690"},"modified":"2019-04-21T12:11:42","modified_gmt":"2019-04-21T10:11:42","slug":"hatarvadasz-kepzes","status":"publish","type":"post","link":"https:\/\/www.salgotarjan.hu\/?p=4690","title":{"rendered":"Hat\u00e1rvad\u00e1sz-k\u00e9pz\u00e9s"},"content":{"rendered":"<p>Az Orsz\u00e1gos Rend\u0151r-f\u0151kapit\u00e1nys\u00e1g p\u00e1ly\u00e1zatot hirdet a K\u00e9szenl\u00e9ti Rend\u0151rs\u00e9g Hat\u00e1rvad\u00e1sz Bevet\u00e9si Oszt\u00e1lyainak \u00e1llom\u00e1ny\u00e1ba J\u00e1r\u0151rt\u00e1rs beoszt\u00e1s bet\u00f6lt\u00e9s\u00e9re.<br \/>\nA p\u00e1ly\u00e1zatra cselekv\u0151k\u00e9pes, 18. \u00e9let\u00e9v\u00fcket bet\u00f6lt\u00f6tt, a felv\u00e9teli k\u00f6vetelm\u00e9nyeknek megfelel\u0151 magyar \u00e1llampolg\u00e1rok jelentkez\u00e9s\u00e9t v\u00e1rj\u00e1k.<\/p>\n<p>A felv\u00e9telt nyert p\u00e1ly\u00e1z\u00f3k 6 h\u00f3napos id\u0151tartam\u00fa k\u00e9pz\u00e9sben vesznek r\u00e9szt, amelyet k\u00f6vet\u0151en \u2013 sikeres vizsga eset\u00e9n \u2013 \u0151r-j\u00e1r\u0151rt\u00e1rs r\u00e9sz-szakk\u00e9pes\u00edt\u00e9st (OKJ 51 861 03) szereznek. A r\u00e9sztvev\u0151k a k\u00e9pz\u00e9s els\u0151 k\u00e9t h\u00f3napj\u00e1ban munkaviszonyban \u00e1llnak, majd a m\u00e1sodik h\u00f3nap v\u00e9g\u00e9n \u2013 sikeres modulz\u00e1r\u00f3 vizsga let\u00e9tele eset\u00e9n \u2013 a K\u00e9szenl\u00e9ti Rend\u0151rs\u00e9g hivat\u00e1sos \u00e1llom\u00e1ny\u00e1ba 12 h\u00f3nap pr\u00f3baid\u0151 kik\u00f6t\u00e9s\u00e9vel ker\u00fclnek kinevez\u00e9sre.<\/p>\n<p><a href=\"http:\/\/www.salgotarjan.hu\/wp-content\/uploads\/20160906_hatarvadasz.jpg\"><img loading=\"lazy\" decoding=\"async\" src=\"http:\/\/www.salgotarjan.hu\/wp-content\/uploads\/20160906_hatarvadasz.jpg\" alt=\"20160906_hatarvadasz\" width=\"480\" height=\"764\" class=\"alignnone size-full wp-image-4691\" srcset=\"https:\/\/www.salgotarjan.hu\/wp-content\/uploads\/20160906_hatarvadasz.jpg 480w, https:\/\/www.salgotarjan.hu\/wp-content\/uploads\/20160906_hatarvadasz-188x300.jpg 188w\" sizes=\"auto, (max-width: 480px) 100vw, 480px\" \/><\/a><\/p>\n<p>Salg\u00f3tarj\u00e1n Megyei Jog\u00fa V\u00e1ros \u00d6nkorm\u00e1nyzata a hirdet\u00e9st \u00e1ltal\u00e1nos t\u00e1j\u00e9koztat\u00e1si c\u00e9lb\u00f3l k\u00f6z\u00f6lte. A p\u00e1ly\u00e1zattal kapcsolatos tov\u00e1bbi inform\u00e1ci\u00f3k \u00e9s a jelentkez\u00e9shez sz\u00fcks\u00e9ges dokumentumok a <a href=\"http:\/\/police.hu\/a-rendorsegrol\/hatarvadasz-kepzes\" target=\"_blank\" rel=\"noopener noreferrer\">www.police.hu<\/a> oldalon \u00e9s a k\u00e9pen l\u00e1that\u00f3 el\u00e9rhet\u0151s\u00e9geken tal\u00e1lhat\u00f3k.<\/p>\n<p><iframe loading=\"lazy\" width=\"560\" height=\"315\" src=\"https:\/\/www.youtube.com\/embed\/lRBMwTp1Iqk?rel=0&amp;showinfo=0\" frameborder=\"0\" allowfullscreen><\/iframe><\/p>\n","protected":false},"excerpt":{"rendered":"<p>Az Orsz\u00e1gos Rend\u0151r-f\u0151kapit\u00e1nys\u00e1g p\u00e1ly\u00e1zatot hirdet a K\u00e9szenl\u00e9ti Rend\u0151rs\u00e9g Hat\u00e1rvad\u00e1sz Bevet\u00e9si Oszt\u00e1lyainak \u00e1llom\u00e1ny\u00e1ba J\u00e1r\u0151rt\u00e1rs beoszt\u00e1s bet\u00f6lt\u00e9s\u00e9re. A p\u00e1ly\u00e1zatra cselekv\u0151k\u00e9pes, 18. \u00e9let\u00e9v\u00fcket bet\u00f6lt\u00f6tt, a felv\u00e9teli k\u00f6vetelm\u00e9nyeknek megfelel\u0151 magyar \u00e1llampolg\u00e1rok jelentkez\u00e9s\u00e9t v\u00e1rj\u00e1k. A felv\u00e9telt nyert p\u00e1ly\u00e1z\u00f3k 6 h\u00f3napos id\u0151tartam\u00fa k\u00e9pz\u00e9sben vesznek r\u00e9szt, amelyet k\u00f6vet\u0151en \u2013 sikeres vizsga eset\u00e9n \u2013 \u0151r-j\u00e1r\u0151rt\u00e1rs r\u00e9sz-szakk\u00e9pes\u00edt\u00e9st (OKJ 51 861 03) szereznek. A r\u00e9sztvev\u0151k &#8230; <a title=\"Hat\u00e1rvad\u00e1sz-k\u00e9pz\u00e9s\" class=\"read-more\" href=\"https:\/\/www.salgotarjan.hu\/?p=4690\" aria-label=\"Read more about Hat\u00e1rvad\u00e1sz-k\u00e9pz\u00e9s\">Olvass tov\u00e1bb<\/a><\/p>\n","protected":false},"author":7,"featured_media":0,"comment_status":"closed","ping_status":"closed","sticky":false,"template":"","format":"standard","meta":{"footnotes":""},"categories":[1,10],"tags":[],"class_list":["post-4690","post","type-post","status-publish","format-standard","hentry","category-egyebek","category-hirek-aktualitasok"],"_links":{"self":[{"href":"https:\/\/www.salgotarjan.hu\/index.php?rest_route=\/wp\/v2\/posts\/4690","targetHints":{"allow":["GET"]}}],"collection":[{"href":"https:\/\/www.salgotarjan.hu\/index.php?rest_route=\/wp\/v2\/posts"}],"about":[{"href":"https:\/\/www.salgotarjan.hu\/index.php?rest_route=\/wp\/v2\/types\/post"}],"author":[{"embeddable":true,"href":"https:\/\/www.salgotarjan.hu\/index.php?rest_route=\/wp\/v2\/users\/7"}],"replies":[{"embeddable":true,"href":"https:\/\/www.salgotarjan.hu\/index.php?rest_route=%2Fwp%2Fv2%2Fcomments&post=4690"}],"version-history":[{"count":1,"href":"https:\/\/www.salgotarjan.hu\/index.php?rest_route=\/wp\/v2\/posts\/4690\/revisions"}],"predecessor-version":[{"id":9492,"href":"https:\/\/www.salgotarjan.hu\/index.php?rest_route=\/wp\/v2\/posts\/4690\/revisions\/9492"}],"wp:attachment":[{"href":"https:\/\/www.salgotarjan.hu\/index.php?rest_route=%2Fwp%2Fv2%2Fmedia&parent=4690"}],"wp:term":[{"taxonomy":"category","embeddable":true,"href":"https:\/\/www.salgotarjan.hu\/index.php?rest_route=%2Fwp%2Fv2%2Fcategories&post=4690"},{"taxonomy":"post_tag","embeddable":true,"href":"https:\/\/www.salgotarjan.hu\/index.php?rest_route=%2Fwp%2Fv2%2Ftags&post=4690"}],"curies":[{"name":"wp","href":"https:\/\/api.w.org\/{rel}","templated":true}]}}