{"id":4688,"date":"2016-09-06T19:30:57","date_gmt":"2016-09-06T17:30:57","guid":{"rendered":"http:\/\/www.salgotarjan.hu\/?p=4688"},"modified":"2019-04-21T12:11:42","modified_gmt":"2019-04-21T10:11:42","slug":"banyasznapi-koszoruzas","status":"publish","type":"post","link":"https:\/\/www.salgotarjan.hu\/?p=4688","title":{"rendered":"Szakszervezeti koszor\u00faz\u00e1s"},"content":{"rendered":"<p><img loading=\"lazy\" decoding=\"async\" src=\"http:\/\/www.salgotarjan.hu\/wp-content\/uploads\/20160906_szakszervezet.jpg\" alt=\"20160906_szakszervezet\" width=\"780\" height=\"420\" class=\"alignnone size-full wp-image-4694\" srcset=\"https:\/\/www.salgotarjan.hu\/wp-content\/uploads\/20160906_szakszervezet.jpg 780w, https:\/\/www.salgotarjan.hu\/wp-content\/uploads\/20160906_szakszervezet-300x162.jpg 300w, https:\/\/www.salgotarjan.hu\/wp-content\/uploads\/20160906_szakszervezet-768x414.jpg 768w\" sizes=\"auto, (max-width: 780px) 100vw, 780px\" \/><\/p>\n<p>A Magyar Szakszervezeti Sz\u00f6vets\u00e9g N\u00f3gr\u00e1d Megyei Szervezete a 66. B\u00e1ny\u00e1sznap tisztelet\u00e9re megeml\u00e9kez\u00e9st \u00e9s koszor\u00faz\u00e1st tartott h\u00e9tf\u0151n a szervezet salg\u00f3tarj\u00e1ni sz\u00e9kh\u00e1z\u00e1ban. A megeml\u00e9kez\u00e9sen Salg\u00f3tarj\u00e1n Megyei Jog\u00fa V\u00e1ros \u00d6nkorm\u00e1nyzat\u00e1t Husz\u00e1r M\u00e1t\u00e9 alpolg\u00e1rmester k\u00e9pviselte.<\/p>\n","protected":false},"excerpt":{"rendered":"<p>A Magyar Szakszervezeti Sz\u00f6vets\u00e9g N\u00f3gr\u00e1d Megyei Szervezete a 66. B\u00e1ny\u00e1sznap tisztelet\u00e9re megeml\u00e9kez\u00e9st \u00e9s koszor\u00faz\u00e1st tartott h\u00e9tf\u0151n a szervezet salg\u00f3tarj\u00e1ni sz\u00e9kh\u00e1z\u00e1ban. A megeml\u00e9kez\u00e9sen Salg\u00f3tarj\u00e1n Megyei Jog\u00fa V\u00e1ros \u00d6nkorm\u00e1nyzat\u00e1t Husz\u00e1r M\u00e1t\u00e9 alpolg\u00e1rmester k\u00e9pviselte.<\/p>\n","protected":false},"author":7,"featured_media":0,"comment_status":"closed","ping_status":"closed","sticky":false,"template":"","format":"standard","meta":{"footnotes":""},"categories":[1,10],"tags":[],"class_list":["post-4688","post","type-post","status-publish","format-standard","hentry","category-egyebek","category-hirek-aktualitasok"],"_links":{"self":[{"href":"https:\/\/www.salgotarjan.hu\/index.php?rest_route=\/wp\/v2\/posts\/4688","targetHints":{"allow":["GET"]}}],"collection":[{"href":"https:\/\/www.salgotarjan.hu\/index.php?rest_route=\/wp\/v2\/posts"}],"about":[{"href":"https:\/\/www.salgotarjan.hu\/index.php?rest_route=\/wp\/v2\/types\/post"}],"author":[{"embeddable":true,"href":"https:\/\/www.salgotarjan.hu\/index.php?rest_route=\/wp\/v2\/users\/7"}],"replies":[{"embeddable":true,"href":"https:\/\/www.salgotarjan.hu\/index.php?rest_route=%2Fwp%2Fv2%2Fcomments&post=4688"}],"version-history":[{"count":4,"href":"https:\/\/www.salgotarjan.hu\/index.php?rest_route=\/wp\/v2\/posts\/4688\/revisions"}],"predecessor-version":[{"id":4697,"href":"https:\/\/www.salgotarjan.hu\/index.php?rest_route=\/wp\/v2\/posts\/4688\/revisions\/4697"}],"wp:attachment":[{"href":"https:\/\/www.salgotarjan.hu\/index.php?rest_route=%2Fwp%2Fv2%2Fmedia&parent=4688"}],"wp:term":[{"taxonomy":"category","embeddable":true,"href":"https:\/\/www.salgotarjan.hu\/index.php?rest_route=%2Fwp%2Fv2%2Fcategories&post=4688"},{"taxonomy":"post_tag","embeddable":true,"href":"https:\/\/www.salgotarjan.hu\/index.php?rest_route=%2Fwp%2Fv2%2Ftags&post=4688"}],"curies":[{"name":"wp","href":"https:\/\/api.w.org\/{rel}","templated":true}]}}