{"id":4674,"date":"2016-09-07T08:00:27","date_gmt":"2016-09-07T06:00:27","guid":{"rendered":"http:\/\/www.salgotarjan.hu\/?p=4674"},"modified":"2019-04-21T12:11:42","modified_gmt":"2019-04-21T10:11:42","slug":"paloc-palinka-es-banyaszhagyomanyok-unnepe","status":"publish","type":"post","link":"https:\/\/www.salgotarjan.hu\/?p=4674","title":{"rendered":"Pal\u00f3c P\u00e1linka \u00e9s B\u00e1ny\u00e1szhagyom\u00e1nyok \u00dcnnepe"},"content":{"rendered":"<p><img loading=\"lazy\" decoding=\"async\" src=\"http:\/\/www.salgotarjan.hu\/wp-content\/uploads\/20160906_banyasznap_0.jpg\" alt=\"20160906_banyasznap_0\" width=\"480\" height=\"280\" class=\"alignnone size-full wp-image-4711\" srcset=\"https:\/\/www.salgotarjan.hu\/wp-content\/uploads\/20160906_banyasznap_0.jpg 480w, https:\/\/www.salgotarjan.hu\/wp-content\/uploads\/20160906_banyasznap_0-300x175.jpg 300w\" sizes=\"auto, (max-width: 480px) 100vw, 480px\" \/><\/p>\n<p><strong>K\u00e9zm\u0171ves kirak\u00f3d\u00f3v\u00e1s\u00e1r, gasztros\u00e9t\u00e1ny, koncertek \u00e9s egy exkluz\u00edv p\u00e1linkaverseny is v\u00e1rja az \u00e9rdekl\u0151d\u0151ket Salg\u00f3tarj\u00e1nban szeptember 9-\u00e9n \u00e9s 10-\u00e9n a B\u00e1ny\u00e1szhagyom\u00e1nyok \u00dcnnep\u00e9n.<\/strong><\/p>\n<p>Hagyom\u00e1nyosan szeptember els\u0151 napjaiban eml\u00e9keznek a b\u00e1ny\u00e1szok neh\u00e9z \u00e9s k\u00fczdelmes munk\u00e1j\u00e1nak megbecs\u00fcl\u00e9s\u00e9re mindazon telep\u00fcl\u00e9sek, amelyek fejl\u0151d\u00e9s\u00e9ben jelent\u0151s szerepet kapott a b\u00e1ny\u00e1szat.<br \/>\nSalg\u00f3tarj\u00e1nban \u00e9s k\u00f6rny\u00e9k\u00e9n 1840-ben kezd\u0151d\u00f6tt a sz\u00e9n kitermel\u00e9se \u00e9s m\u00e1sf\u00e9l \u00e9vsz\u00e1zadon \u00e1t telep\u00fcl\u00e9s\u00fcnk egyik meghat\u00e1roz\u00f3 ipar\u00e1ga volt. A B\u00e1ny\u00e1sznapot minden \u00e9vben meg\u00fcnneplik a m\u00e9g k\u00f6zt\u00fcnk \u00e9l\u0151 egykori salg\u00f3tarj\u00e1ni b\u00e1ny\u00e1szok, rokonaik, a szakszervezetek, a v\u00e1rosi civil szervezetek \u00e9s hivatalok.<\/p>\n<p>Az ut\u00f3bbi napokban a tisztelet \u00e9s megeml\u00e9kez\u00e9s vir\u00e1gait helyezt\u00e9k el a v\u00e1ros vezet\u0151i is a b\u00e1ny\u00e1szati eml\u00e9kt\u00e1bl\u00e1kn\u00e1l, szobrokn\u00e1l \u00e9s eml\u00e9khelyekn\u00e9l.<\/p>\n<p>A k\u00f6zponti v\u00e1rosi koszor\u00faz\u00e1si \u00fcnneps\u00e9gre szeptember 9-\u00e9n a B\u00e1ny\u00e1szati Ki\u00e1ll\u00edt\u00f3helyn\u00e9l ker\u00fclt sor, ahol Fekete Zsolt polg\u00e1rmester mond \u00fcnnepi besz\u00e9det.<\/p>\n<p><img loading=\"lazy\" decoding=\"async\" src=\"http:\/\/www.salgotarjan.hu\/wp-content\/uploads\/20160906_banyasznap_1.jpg\" alt=\"20160906_banyasznap_1\" width=\"480\" height=\"278\" class=\"alignnone size-full wp-image-4699\" srcset=\"https:\/\/www.salgotarjan.hu\/wp-content\/uploads\/20160906_banyasznap_1.jpg 480w, https:\/\/www.salgotarjan.hu\/wp-content\/uploads\/20160906_banyasznap_1-300x174.jpg 300w\" sizes=\"auto, (max-width: 480px) 100vw, 480px\" \/><\/p>\n<p>A koszor\u00faz\u00e1s ut\u00e1n a program a F\u0151 t\u00e9ren folytat\u00f3dik, ahol p\u00e9nteken \u00e9s szombaton sz\u00f3rakoztat\u00f3 programok, f\u0151z\u0151versenyek, t\u00e1ncos el\u0151ad\u00e1sok \u00e9s koncertek v\u00e1rj\u00e1k az \u00e9rdekl\u0151d\u0151ket.<\/p>\n<p>Az idei B\u00e1ny\u00e1szhagyom\u00e1nyok \u00dcnnep\u00e9nek kiemelt k\u00eds\u00e9r\u0151rendezv\u00e9nye a N\u00f3gr\u00e1d Megyei P\u00e1linkabar\u00e1tok K\u00f6r\u00e9nek szervez\u00e9s\u00e9ben megval\u00f3sul\u00f3 helyi \u00e9s orsz\u00e1gos p\u00e1linkaversenyek eredm\u00e9nyhirdet\u00e9se.<\/p>\n<p><img loading=\"lazy\" decoding=\"async\" src=\"http:\/\/www.salgotarjan.hu\/wp-content\/uploads\/20160906_banyasznap_3.jpg\" alt=\"20160906_banyasznap_3\" width=\"480\" height=\"350\" class=\"alignnone size-full wp-image-4713\" srcset=\"https:\/\/www.salgotarjan.hu\/wp-content\/uploads\/20160906_banyasznap_3.jpg 480w, https:\/\/www.salgotarjan.hu\/wp-content\/uploads\/20160906_banyasznap_3-300x219.jpg 300w\" sizes=\"auto, (max-width: 480px) 100vw, 480px\" \/><\/p>\n<p><iframe loading=\"lazy\" width=\"560\" height=\"315\" src=\"https:\/\/www.youtube.com\/embed\/EF75poOzwRg?rel=0&amp;showinfo=0\" frameborder=\"0\" allowfullscreen><\/iframe><br \/>\n<em>Duda Lajos, a verseny szervez\u0151je a Salg\u00f3tarj\u00e1ni V\u00e1rosi Telev\u00edzi\u00f3nak nyilatkozott.<\/em><\/p>\n<p>A <em>Region\u00e1lis Pal\u00f3c P\u00e1linka- \u00e9s P\u00e1rlatverseny<\/em> gy\u0151ztes\u00e9nek neve mellett ebben az \u00e9vben az <em>Erdei \u00e9s Vadon Term\u0151 Gy\u00fcm\u00f6lcs\u00f6kb\u0151l K\u00e9sz\u00fclt P\u00e1link\u00e1k Orsz\u00e1gos Verseny\u00e9nek<\/em> gy\u0151ztes\u00e9nek nev\u00e9t is Salg\u00f3tarj\u00e1nban hirdetik ki. A f\u00fcggetlen \u00e9s a p\u00e1linka el\u0151\u00e1ll\u00edt\u00e1s\u00e1ban gazdas\u00e1gilag nem \u00e9rdekelt N\u00f3gr\u00e1d Megyei P\u00e1linkabar\u00e1tok K\u00f6re a min\u0151s\u00e9gi p\u00e1linka ir\u00e1nt elk\u00f6telezett mag\u00e1nszem\u00e9lyeknek \u00e9s kereskedelmi f\u0151zd\u00e9knek adott lehet\u0151s\u00e9get arra, hogy egy hiteles versenyben m\u00e9rhess\u00e9k \u00f6ssze a p\u00e1linka \u00e9s p\u00e1rlatk\u00e9sz\u00edt\u00e9s sor\u00e1n megszerzett tud\u00e1sukat. A kihirdet\u00e9sre v\u00e1r\u00f3 d\u00edjazottak k\u00e9tsz\u00e1zn\u00e1l is t\u00f6bb versenyz\u0151 k\u00f6z\u00fcl ker\u00fclnek ki.<\/p>\n<p>A p\u00e9ntek est\u00e9t a F\u0151 t\u00e9ren a <em>Balkan Fanatik<\/em> egy\u00fcttes koncertje z\u00e1rja, majd &#8222;\u00e9jszakai t\u00fara&#8221; indul a B\u00e1ny\u00e1szati Ki\u00e1ll\u00edt\u00f3helyhez.<\/p>\n<p><strong>R\u00e9szletes programaj\u00e1nl\u00f3<\/strong><\/p>\n<p><strong>Szeptember 9. (p\u00e9ntek)<\/strong><\/p>\n<p><strong>17:30<\/strong> B\u00e1ny\u00e1sz-Koh\u00e1sz F\u00fav\u00f3szenekar \u00e9s a Mazsorett Csoport felvonul\u00e1sa<br \/>\n<strong>17:50<\/strong> \u00dcnnepi k\u00f6sz\u00f6nt\u0151t mond Fekete Zsolt polg\u00e1rmester<br \/>\n<strong>18:00<\/strong> Region\u00e1lis Pal\u00f3c P\u00e1linka- \u00e9s P\u00e1rlatverseny \u00e9s az Erdei \u00e9s Vadon Term\u0151 Gy\u00fcm\u00f6lcs\u00f6kb\u0151l K\u00e9sz\u00fclt P\u00e1link\u00e1k Orsz\u00e1gos Verseny\u00e9nek eredm\u00e9nyhirdet\u00e9se<br \/>\n<strong>20:00<\/strong> BALKAN FANATIK koncert<\/p>\n<p><img loading=\"lazy\" decoding=\"async\" src=\"http:\/\/www.salgotarjan.hu\/wp-content\/uploads\/20160906_banyasznap_2.jpg\" alt=\"20160906_banyasznap_2\" width=\"480\" height=\"326\" class=\"alignnone size-full wp-image-4709\" srcset=\"https:\/\/www.salgotarjan.hu\/wp-content\/uploads\/20160906_banyasznap_2.jpg 480w, https:\/\/www.salgotarjan.hu\/wp-content\/uploads\/20160906_banyasznap_2-300x204.jpg 300w\" sizes=\"auto, (max-width: 480px) 100vw, 480px\" \/><\/p>\n<p>A koncertet k\u00f6vet\u0151en &#8222;T\u00fara az \u00e9jben&#8221; a B\u00e1ny\u00e1szati Ki\u00e1ll\u00edt\u00f3helyhez.<\/p>\n<p><strong>Szeptember 10. (szombat)<\/strong><\/p>\n<p><strong>08:00<\/strong> Hagyom\u00e1nyos b\u00e1ny\u00e1sz \u00e9s magyar \u00e9telek f\u0151z\u0151versenye<br \/>\n<strong>10:00<\/strong> B\u00e1ny\u00e1sz-Koh\u00e1sz Dalk\u00f6r<br \/>\n<strong>10:30<\/strong> Hagyom\u00e1ny\u0151rz\u0151 csoportok m\u0171sora<br \/>\n<strong>12:00<\/strong> J\u00f3 eb\u00e9dhez sz\u00f3l a n\u00f3ta<br \/>\n<strong>13:00<\/strong> F\u0151z\u0151verseny eredm\u00e9nyhirdet\u00e9se<br \/>\n<strong>13:00<\/strong> N\u00f3gr\u00e1d T\u00e1ncegy\u00fcttes Gyermekt\u00e1nccsoportjai<br \/>\n<strong>14:00<\/strong> Karbidl\u00e1mpa \u00e9g min\u00e1lunk keresztmetszet a N\u00f3gr\u00e1d T\u00e1ncegy\u00fcttes m\u0171sor\u00e1b\u00f3l<\/p>\n<p><strong>B\u00e1ny\u00e1szati Ki\u00e1ll\u00edt\u00f3hely<\/strong><br \/>\n<strong>10:00<\/strong> B\u00e1nyaman\u00f3 k\u00e9pz\u00e9s<br \/>\nDornyay B\u00e9la M\u00fazeum Programja<\/p>\n<p><strong>Egy\u00e9b programok a F\u0151 t\u00e9ren<\/strong><br \/>\nP\u00e1link\u00e1k utc\u00e1ja, Gasztros\u00e9t\u00e1ny, K\u00e9zm\u0171vesek utc\u00e1ja, Ugr\u00e1l\u00f3v\u00e1rak, Vid\u00e1mpark<\/p>\n","protected":false},"excerpt":{"rendered":"<p>K\u00e9zm\u0171ves kirak\u00f3d\u00f3v\u00e1s\u00e1r, gasztros\u00e9t\u00e1ny, koncertek \u00e9s egy exkluz\u00edv p\u00e1linkaverseny is v\u00e1rja az \u00e9rdekl\u0151d\u0151ket Salg\u00f3tarj\u00e1nban szeptember 9-\u00e9n \u00e9s 10-\u00e9n a B\u00e1ny\u00e1szhagyom\u00e1nyok \u00dcnnep\u00e9n. Hagyom\u00e1nyosan szeptember els\u0151 napjaiban eml\u00e9keznek a b\u00e1ny\u00e1szok neh\u00e9z \u00e9s k\u00fczdelmes munk\u00e1j\u00e1nak megbecs\u00fcl\u00e9s\u00e9re mindazon telep\u00fcl\u00e9sek, amelyek fejl\u0151d\u00e9s\u00e9ben jelent\u0151s szerepet kapott a b\u00e1ny\u00e1szat. Salg\u00f3tarj\u00e1nban \u00e9s k\u00f6rny\u00e9k\u00e9n 1840-ben kezd\u0151d\u00f6tt a sz\u00e9n kitermel\u00e9se \u00e9s m\u00e1sf\u00e9l \u00e9vsz\u00e1zadon \u00e1t telep\u00fcl\u00e9s\u00fcnk egyik &#8230; <a title=\"Pal\u00f3c P\u00e1linka \u00e9s B\u00e1ny\u00e1szhagyom\u00e1nyok \u00dcnnepe\" class=\"read-more\" href=\"https:\/\/www.salgotarjan.hu\/?p=4674\" aria-label=\"Read more about Pal\u00f3c P\u00e1linka \u00e9s B\u00e1ny\u00e1szhagyom\u00e1nyok \u00dcnnepe\">Olvass tov\u00e1bb<\/a><\/p>\n","protected":false},"author":7,"featured_media":0,"comment_status":"closed","ping_status":"closed","sticky":false,"template":"","format":"standard","meta":{"footnotes":""},"categories":[1,10],"tags":[],"class_list":["post-4674","post","type-post","status-publish","format-standard","hentry","category-egyebek","category-hirek-aktualitasok"],"_links":{"self":[{"href":"https:\/\/www.salgotarjan.hu\/index.php?rest_route=\/wp\/v2\/posts\/4674","targetHints":{"allow":["GET"]}}],"collection":[{"href":"https:\/\/www.salgotarjan.hu\/index.php?rest_route=\/wp\/v2\/posts"}],"about":[{"href":"https:\/\/www.salgotarjan.hu\/index.php?rest_route=\/wp\/v2\/types\/post"}],"author":[{"embeddable":true,"href":"https:\/\/www.salgotarjan.hu\/index.php?rest_route=\/wp\/v2\/users\/7"}],"replies":[{"embeddable":true,"href":"https:\/\/www.salgotarjan.hu\/index.php?rest_route=%2Fwp%2Fv2%2Fcomments&post=4674"}],"version-history":[{"count":19,"href":"https:\/\/www.salgotarjan.hu\/index.php?rest_route=\/wp\/v2\/posts\/4674\/revisions"}],"predecessor-version":[{"id":4758,"href":"https:\/\/www.salgotarjan.hu\/index.php?rest_route=\/wp\/v2\/posts\/4674\/revisions\/4758"}],"wp:attachment":[{"href":"https:\/\/www.salgotarjan.hu\/index.php?rest_route=%2Fwp%2Fv2%2Fmedia&parent=4674"}],"wp:term":[{"taxonomy":"category","embeddable":true,"href":"https:\/\/www.salgotarjan.hu\/index.php?rest_route=%2Fwp%2Fv2%2Fcategories&post=4674"},{"taxonomy":"post_tag","embeddable":true,"href":"https:\/\/www.salgotarjan.hu\/index.php?rest_route=%2Fwp%2Fv2%2Ftags&post=4674"}],"curies":[{"name":"wp","href":"https:\/\/api.w.org\/{rel}","templated":true}]}}