{"id":4669,"date":"2016-09-03T18:54:40","date_gmt":"2016-09-03T16:54:40","guid":{"rendered":"http:\/\/www.salgotarjan.hu\/?p=4669"},"modified":"2019-04-21T12:11:42","modified_gmt":"2019-04-21T10:11:42","slug":"meghivtak-salgotarjan-szintarsulatat-a-videki-szinhazak-fesztivaljara","status":"publish","type":"post","link":"https:\/\/www.salgotarjan.hu\/?p=4669","title":{"rendered":"Megh\u00edvt\u00e1k Salg\u00f3tarj\u00e1n sz\u00ednt\u00e1rsulat\u00e1t a Vid\u00e9ki Sz\u00ednh\u00e1zak Fesztiv\u00e1lj\u00e1ra"},"content":{"rendered":"<p><img loading=\"lazy\" decoding=\"async\" src=\"http:\/\/www.salgotarjan.hu\/wp-content\/uploads\/20160903_zenthe.jpg\" alt=\"20160903_zenthe\" width=\"480\" height=\"300\" class=\"alignnone size-full wp-image-4670\" srcset=\"https:\/\/www.salgotarjan.hu\/wp-content\/uploads\/20160903_zenthe.jpg 480w, https:\/\/www.salgotarjan.hu\/wp-content\/uploads\/20160903_zenthe-300x188.jpg 300w\" sizes=\"auto, (max-width: 480px) 100vw, 480px\" \/><\/p>\n<p>A Vid\u00e9ki Sz\u00ednh\u00e1zak Fesztiv\u00e1lj\u00e1nak t\u00f6rt\u00e9net\u00e9ben el\u0151sz\u00f6r a salg\u00f3tarj\u00e1ni Zenthe Ferenc Sz\u00ednh\u00e1z t\u00e1rsulata is megh\u00edv\u00e1st kapott a rangos esem\u00e9nyre.<\/p>\n<p>A fesztiv\u00e1lnak szeptember 5-11. k\u00f6z\u00f6tt Budapesten a Th\u00e1lia Sz\u00ednh\u00e1z ad otthont, ahol h\u00e9t nap alatt kilenc vid\u00e9ki te\u00e1trum el\u0151ad\u00e1s\u00e1t l\u00e1thatja a sz\u00ednh\u00e1zkedvel\u0151 k\u00f6z\u00f6ns\u00e9g.<\/p>\n<p>A Zenthe Ferenc Sz\u00ednh\u00e1z m\u0171v\u00e9szei szeptember 8-\u00e1n l\u00e9pnek sz\u00ednpadra Harold Pinter Hazat\u00e9r\u00e9s c\u00edm\u0171 tragikom\u00e9di\u00e1j\u00e1val. A tarj\u00e1ni t\u00e1rsulat (Mik\u00f3 Istv\u00e1n, Erd\u00e9lyi G\u00e1bor, Csern\u00e1k J\u00e1nos, M\u00e1t\u00e9 Kriszti\u00e1n, Albert P\u00e9ter \u00e9s K. M\u00fcller Zs\u00f3fia) egy Amerik\u00e1ban \u00e9l\u0151, sikeres angol f\u00e9rfi \u00e9s fiatal feles\u00e9g\u00e9nek t\u00f6rt\u00e9net\u00e9t mutatja be, akik v\u00e1ratlanul \u00e9rkeznek meg a f\u00e9rfi Londonban h\u00e1tramaradt, id\u0151s\u00f6d\u0151, n\u0151tlen fiv\u00e9reinek otthon\u00e1ba. A d\u00edszletet \u00e9s a jelmezeket Pall\u00f3s Nelli k\u00e9sz\u00edtette. A sz\u00edndarab rendez\u0151je Gyuriska J\u00e1nos.<\/p>\n<p>A budapesti fell\u00e9p\u00e9s el\u0151tti napon, szeptember 7-\u00e9n a t\u00e1rsulat a J\u00f3zsef Attila M\u0171vel\u0151d\u00e9si K\u00f6zpontban is bemutatja a sz\u00edndarabot.<\/p>\n<p>(B\u0151vebb inform\u00e1ci\u00f3: <a href=\"http:\/\/www.stkult.info\/\" target=\"_blank\" rel=\"noopener noreferrer\">www.stkult.info<\/a>)<\/p>\n<p>K\u00e9p forr\u00e1sa: Zenthe Ferenc Sz\u00ednh\u00e1z<\/p>\n","protected":false},"excerpt":{"rendered":"<p>A Vid\u00e9ki Sz\u00ednh\u00e1zak Fesztiv\u00e1lj\u00e1nak t\u00f6rt\u00e9net\u00e9ben el\u0151sz\u00f6r a salg\u00f3tarj\u00e1ni Zenthe Ferenc Sz\u00ednh\u00e1z t\u00e1rsulata is megh\u00edv\u00e1st kapott a rangos esem\u00e9nyre. A fesztiv\u00e1lnak szeptember 5-11. k\u00f6z\u00f6tt Budapesten a Th\u00e1lia Sz\u00ednh\u00e1z ad otthont, ahol h\u00e9t nap alatt kilenc vid\u00e9ki te\u00e1trum el\u0151ad\u00e1s\u00e1t l\u00e1thatja a sz\u00ednh\u00e1zkedvel\u0151 k\u00f6z\u00f6ns\u00e9g. A Zenthe Ferenc Sz\u00ednh\u00e1z m\u0171v\u00e9szei szeptember 8-\u00e1n l\u00e9pnek sz\u00ednpadra Harold Pinter Hazat\u00e9r\u00e9s c\u00edm\u0171 tragikom\u00e9di\u00e1j\u00e1val. &#8230; <a title=\"Megh\u00edvt\u00e1k Salg\u00f3tarj\u00e1n sz\u00ednt\u00e1rsulat\u00e1t a Vid\u00e9ki Sz\u00ednh\u00e1zak Fesztiv\u00e1lj\u00e1ra\" class=\"read-more\" href=\"https:\/\/www.salgotarjan.hu\/?p=4669\" aria-label=\"Read more about Megh\u00edvt\u00e1k Salg\u00f3tarj\u00e1n sz\u00ednt\u00e1rsulat\u00e1t a Vid\u00e9ki Sz\u00ednh\u00e1zak Fesztiv\u00e1lj\u00e1ra\">Olvass tov\u00e1bb<\/a><\/p>\n","protected":false},"author":7,"featured_media":0,"comment_status":"closed","ping_status":"closed","sticky":false,"template":"","format":"standard","meta":{"footnotes":""},"categories":[1,10],"tags":[],"class_list":["post-4669","post","type-post","status-publish","format-standard","hentry","category-egyebek","category-hirek-aktualitasok"],"_links":{"self":[{"href":"https:\/\/www.salgotarjan.hu\/index.php?rest_route=\/wp\/v2\/posts\/4669","targetHints":{"allow":["GET"]}}],"collection":[{"href":"https:\/\/www.salgotarjan.hu\/index.php?rest_route=\/wp\/v2\/posts"}],"about":[{"href":"https:\/\/www.salgotarjan.hu\/index.php?rest_route=\/wp\/v2\/types\/post"}],"author":[{"embeddable":true,"href":"https:\/\/www.salgotarjan.hu\/index.php?rest_route=\/wp\/v2\/users\/7"}],"replies":[{"embeddable":true,"href":"https:\/\/www.salgotarjan.hu\/index.php?rest_route=%2Fwp%2Fv2%2Fcomments&post=4669"}],"version-history":[{"count":2,"href":"https:\/\/www.salgotarjan.hu\/index.php?rest_route=\/wp\/v2\/posts\/4669\/revisions"}],"predecessor-version":[{"id":9494,"href":"https:\/\/www.salgotarjan.hu\/index.php?rest_route=\/wp\/v2\/posts\/4669\/revisions\/9494"}],"wp:attachment":[{"href":"https:\/\/www.salgotarjan.hu\/index.php?rest_route=%2Fwp%2Fv2%2Fmedia&parent=4669"}],"wp:term":[{"taxonomy":"category","embeddable":true,"href":"https:\/\/www.salgotarjan.hu\/index.php?rest_route=%2Fwp%2Fv2%2Fcategories&post=4669"},{"taxonomy":"post_tag","embeddable":true,"href":"https:\/\/www.salgotarjan.hu\/index.php?rest_route=%2Fwp%2Fv2%2Ftags&post=4669"}],"curies":[{"name":"wp","href":"https:\/\/api.w.org\/{rel}","templated":true}]}}