{"id":4665,"date":"2016-08-31T19:48:32","date_gmt":"2016-08-31T17:48:32","guid":{"rendered":"http:\/\/www.salgotarjan.hu\/?p=4665"},"modified":"2019-04-21T12:11:42","modified_gmt":"2019-04-21T10:11:42","slug":"elhunyt-herold-laszlo","status":"publish","type":"post","link":"https:\/\/www.salgotarjan.hu\/?p=4665","title":{"rendered":"Elhunyt Herold L\u00e1szl\u00f3"},"content":{"rendered":"<p><img loading=\"lazy\" decoding=\"async\" src=\"http:\/\/www.salgotarjan.hu\/wp-content\/uploads\/20160831_herold.jpg\" alt=\"20160831_herold\" width=\"480\" height=\"350\" class=\"alignnone size-full wp-image-4666\" srcset=\"https:\/\/www.salgotarjan.hu\/wp-content\/uploads\/20160831_herold.jpg 480w, https:\/\/www.salgotarjan.hu\/wp-content\/uploads\/20160831_herold-300x219.jpg 300w\" sizes=\"auto, (max-width: 480px) 100vw, 480px\" \/><\/p>\n<p>\u00c9let\u00e9nek 88. \u00e9v\u00e9ben elhunyt Herold L\u00e1szl\u00f3, Salg\u00f3tarj\u00e1n d\u00edszpolg\u00e1ra.<\/p>\n<p>Herold L\u00e1szl\u00f3 pedag\u00f3gusi p\u00e1ly\u00e1ja 1950-ben indult Salg\u00f3tarj\u00e1nban. Tan\u00edtott a K\u00f6zgazdas\u00e1gi Gimn\u00e1ziumban, majd a Bolyai \u00e9s a Mad\u00e1ch Gimn\u00e1zium igazgat\u00f3ja volt nyugd\u00edjba vonul\u00e1s\u00e1ig.<\/p>\n<p>Magas sz\u00ednvonal\u00fa tan\u00e1ri munk\u00e1j\u00e1t \u00e9s p\u00e9ldamutat\u00f3 tev\u00e9kenys\u00e9g\u00e9t 2008-ban a v\u00e1ros d\u00edszpolg\u00e1ri c\u00edmmel ismerte el, id\u00e9n pedig a Magyar Arany \u00c9rdemkereszt polg\u00e1ri tagozata kit\u00fcntet\u00e9st vehette \u00e1t Budapesten.<\/p>\n<p>Salg\u00f3tarj\u00e1n k\u00f6zgy\u0171l\u00e9se n\u00e9ma f\u0151hajt\u00e1ssal eml\u00e9kezett Herold L\u00e1szl\u00f3ra, aki \u00f6nzetlen hivat\u00e1studattal adta \u00e1t tud\u00e1s\u00e1t \u00e9s nagyszer\u0171 embers\u00e9g\u00e9t v\u00e1rosunk t\u00f6bb gener\u00e1ci\u00f3j\u00e1nak.<\/p>\n","protected":false},"excerpt":{"rendered":"<p>\u00c9let\u00e9nek 88. \u00e9v\u00e9ben elhunyt Herold L\u00e1szl\u00f3, Salg\u00f3tarj\u00e1n d\u00edszpolg\u00e1ra. Herold L\u00e1szl\u00f3 pedag\u00f3gusi p\u00e1ly\u00e1ja 1950-ben indult Salg\u00f3tarj\u00e1nban. Tan\u00edtott a K\u00f6zgazdas\u00e1gi Gimn\u00e1ziumban, majd a Bolyai \u00e9s a Mad\u00e1ch Gimn\u00e1zium igazgat\u00f3ja volt nyugd\u00edjba vonul\u00e1s\u00e1ig. Magas sz\u00ednvonal\u00fa tan\u00e1ri munk\u00e1j\u00e1t \u00e9s p\u00e9ldamutat\u00f3 tev\u00e9kenys\u00e9g\u00e9t 2008-ban a v\u00e1ros d\u00edszpolg\u00e1ri c\u00edmmel ismerte el, id\u00e9n pedig a Magyar Arany \u00c9rdemkereszt polg\u00e1ri tagozata kit\u00fcntet\u00e9st vehette \u00e1t &#8230; <a title=\"Elhunyt Herold L\u00e1szl\u00f3\" class=\"read-more\" href=\"https:\/\/www.salgotarjan.hu\/?p=4665\" aria-label=\"Read more about Elhunyt Herold L\u00e1szl\u00f3\">Olvass tov\u00e1bb<\/a><\/p>\n","protected":false},"author":7,"featured_media":0,"comment_status":"closed","ping_status":"closed","sticky":false,"template":"","format":"standard","meta":{"footnotes":""},"categories":[1,10],"tags":[],"class_list":["post-4665","post","type-post","status-publish","format-standard","hentry","category-egyebek","category-hirek-aktualitasok"],"_links":{"self":[{"href":"https:\/\/www.salgotarjan.hu\/index.php?rest_route=\/wp\/v2\/posts\/4665","targetHints":{"allow":["GET"]}}],"collection":[{"href":"https:\/\/www.salgotarjan.hu\/index.php?rest_route=\/wp\/v2\/posts"}],"about":[{"href":"https:\/\/www.salgotarjan.hu\/index.php?rest_route=\/wp\/v2\/types\/post"}],"author":[{"embeddable":true,"href":"https:\/\/www.salgotarjan.hu\/index.php?rest_route=\/wp\/v2\/users\/7"}],"replies":[{"embeddable":true,"href":"https:\/\/www.salgotarjan.hu\/index.php?rest_route=%2Fwp%2Fv2%2Fcomments&post=4665"}],"version-history":[{"count":1,"href":"https:\/\/www.salgotarjan.hu\/index.php?rest_route=\/wp\/v2\/posts\/4665\/revisions"}],"predecessor-version":[{"id":4667,"href":"https:\/\/www.salgotarjan.hu\/index.php?rest_route=\/wp\/v2\/posts\/4665\/revisions\/4667"}],"wp:attachment":[{"href":"https:\/\/www.salgotarjan.hu\/index.php?rest_route=%2Fwp%2Fv2%2Fmedia&parent=4665"}],"wp:term":[{"taxonomy":"category","embeddable":true,"href":"https:\/\/www.salgotarjan.hu\/index.php?rest_route=%2Fwp%2Fv2%2Fcategories&post=4665"},{"taxonomy":"post_tag","embeddable":true,"href":"https:\/\/www.salgotarjan.hu\/index.php?rest_route=%2Fwp%2Fv2%2Ftags&post=4665"}],"curies":[{"name":"wp","href":"https:\/\/api.w.org\/{rel}","templated":true}]}}