{"id":4663,"date":"2016-09-01T19:25:10","date_gmt":"2016-09-01T17:25:10","guid":{"rendered":"http:\/\/www.salgotarjan.hu\/?p=4663"},"modified":"2019-04-21T12:11:42","modified_gmt":"2019-04-21T10:11:42","slug":"medvesi-fotos-maraton-kiallitas-es-dijatado-3","status":"publish","type":"post","link":"https:\/\/www.salgotarjan.hu\/?p=4663","title":{"rendered":"Medvesi Fot\u00f3s Maraton ki\u00e1ll\u00edt\u00e1s \u00e9s d\u00edj\u00e1tad\u00f3"},"content":{"rendered":"<p><img loading=\"lazy\" decoding=\"async\" src=\"http:\/\/www.salgotarjan.hu\/wp-content\/uploads\/20160901_fulek.jpg\" alt=\"20160901_fulek\" width=\"480\" height=\"280\" class=\"alignnone size-full wp-image-4660\" srcset=\"https:\/\/www.salgotarjan.hu\/wp-content\/uploads\/20160901_fulek.jpg 480w, https:\/\/www.salgotarjan.hu\/wp-content\/uploads\/20160901_fulek-300x175.jpg 300w\" sizes=\"auto, (max-width: 480px) 100vw, 480px\" \/><\/p>\n<p>P\u00e9nteken ny\u00edlik a Medvesi Fot\u00f3s Maraton fot\u00f3p\u00e1ly\u00e1zat\u00e1nak ki\u00e1ll\u00edt\u00e1sa<\/p>\n<p>J\u00faniusban ker\u00fclt megrendez\u00e9sre a Medves-hegys\u00e9gben K\u00f6z\u00e9p-Eur\u00f3pa egyik legnagyobb t\u00e1jfot\u00f3s rendezv\u00e9nye, a Medvesi Fot\u00f3s Maraton. A program ideje alatt 405 regisztr\u00e1lt r\u00e9sztvev\u0151 t\u00f6bb ezer felv\u00e9telt k\u00e9sz\u00edtett a ma m\u00e9g kev\u00e9ss\u00e9 ismert kist\u00e1jr\u00f3l. A Medvesi Fot\u00f3s Maraton Magyarorsz\u00e1g \u00e9s Szlov\u00e1kia ter\u00fclet\u00e9t is \u00e9rintette. A rendezv\u00e9nyhez egy fot\u00f3p\u00e1ly\u00e1zat is kapcsol\u00f3dott, amelyre 86 fot\u00f3s 382 felv\u00e9telt k\u00fcld\u00f6tt be.<\/p>\n<p>A Medvesi Fot\u00f3s Maraton t\u00f6bb volt, mint egy fot\u00f3s rendezv\u00e9ny. Felh\u00edvta a figyelmet a t\u00e1jv\u00e9delemre, a Medves t\u00e1ji \u00e9s term\u00e9szeti l\u00e1tnival\u00f3ira, a vil\u00e1g els\u0151 hat\u00e1ron \u00e1tny\u00fal\u00f3 geoparkj\u00e1nak, a Novohrad-N\u00f3gr\u00e1d Geoparknak az \u00e9rt\u00e9keire, a hat\u00e1ron \u00e1tny\u00fal\u00f3 egy\u00fcttm\u0171k\u00f6d\u00e9sek jelent\u0151s\u00e9g\u00e9re.<\/p>\n<p>A fot\u00f3p\u00e1ly\u00e1zat megnyit\u00f3ja \u00e9s a d\u00edj\u00e1tad\u00f3 2016. szeptember 2-\u00e1n, F\u00fcleken ker\u00fcl megrendez\u00e9sre.<br \/>\nAz esem\u00e9ny 17:00 \u00f3rakor kezd\u0151dik a F\u00fcleki V\u00e1rm\u00fazeumban, a  Bebek torony 5. emeleti ki\u00e1ll\u00edt\u00f3term\u00e9ben.<\/p>\n<p><strong>A fot\u00f3p\u00e1ly\u00e1zat d\u00edjazottjai:<\/strong><\/p>\n<p><strong>Emberek kateg\u00f3ria<\/strong><br \/>\n1. d\u00edj: Arany R\u00f3bert<br \/>\n2. d\u00edj: L\u0151rincz Bence<br \/>\n3. d\u00edj: Somogyi L\u00e1szl\u00f3<\/p>\n<p><strong>\u00c9l\u0151vil\u00e1g kateg\u00f3ria<\/strong><br \/>\n1. d\u00edj: Filius Bal\u00e1zs<br \/>\n2. d\u00edj: T\u00f3dor S\u00e1ndor<br \/>\n3. d\u00edj: Kov\u00e1cs Kolos<\/p>\n<p><strong>T\u00e1j kateg\u00f3ria<\/strong><br \/>\n1. d\u00edj: Arany R\u00f3bert<br \/>\n2. d\u00edj: Kov\u00e1cs Bodor S\u00e1ndor<br \/>\n3. d\u00edj: Zelk\u00f3 Csilla<\/p>\n<p><strong>K\u00f6z\u00f6ns\u00e9gd\u00edj<\/strong><br \/>\nT\u00f6bb mint 400 szavazattal: Szil\u00e1gyi Patr\u00edcia<\/p>\n<p><strong>Ifj\u00fas\u00e1gi k\u00fcl\u00f6nd\u00edj<\/strong><br \/>\nZs\u00e9lyi Bora<\/p>\n<p><strong>F\u00f6ldtani k\u00fcl\u00f6nd\u00edj<\/strong><br \/>\nGy\u00f6ngy\u00f6si J\u00e1nos<\/p>\n<p><strong>Legjobb szlov\u00e1kiai fot\u00f3s<\/strong><br \/>\nT\u00f3th Gergely<\/p>\n<p><strong>B\u00fckki Nemzeti Park Igazgat\u00f3s\u00e1g k\u00fcl\u00f6nd\u00edja<\/strong><br \/>\nBodrogi L\u00e1szl\u00f3<\/p>\n<p><strong>V\u00e1rak, kast\u00e9lyok Magyarorsz\u00e1gon \u00e9s a G\u00f6d\u00f6ll\u0151i Kir\u00e1lyi Kast\u00e9ly k\u00fcl\u00f6nd\u00edja<\/strong><br \/>\nSzab\u00f3 B\u00e9la<br \/>\nCsord\u00e1s Ildik\u00f3<\/p>\n<p><strong>Tarj\u00e1ni V\u00e1roslak\u00f3 Magazin k\u00fcl\u00f6nd\u00edja a legeredm\u00e9nyesebb salg\u00f3tarj\u00e1ni fiatal fot\u00f3snak<\/strong><br \/>\nBabus Patrik<\/p>\n<p><strong>F\u0151d\u00edj<\/strong><br \/>\nArany R\u00f3bert<\/p>\n<p>A rendezv\u00e9ny szervez\u0151i k\u00f6sz\u00f6netet mondanak a ki\u00e1ll\u00edt\u00e1s \u00e9s a d\u00edj\u00e1tad\u00f3 t\u00e1mogat\u00f3inak:<br \/>\nSalg\u00f3tarj\u00e1n Megyei Jog\u00fa V\u00e1ros \u00d6nkorm\u00e1nyzata<br \/>\nF\u00fcleki V\u00e1rm\u00fazeum<br \/>\nArtwork (Magyarorsz\u00e1g)<br \/>\nFotolab (Szlov\u00e1kia)<br \/>\nAGRO CS (Szlov\u00e1kia)<br \/>\nDOMETIC (Szlov\u00e1kia)<\/p>\n","protected":false},"excerpt":{"rendered":"<p>P\u00e9nteken ny\u00edlik a Medvesi Fot\u00f3s Maraton fot\u00f3p\u00e1ly\u00e1zat\u00e1nak ki\u00e1ll\u00edt\u00e1sa J\u00faniusban ker\u00fclt megrendez\u00e9sre a Medves-hegys\u00e9gben K\u00f6z\u00e9p-Eur\u00f3pa egyik legnagyobb t\u00e1jfot\u00f3s rendezv\u00e9nye, a Medvesi Fot\u00f3s Maraton. A program ideje alatt 405 regisztr\u00e1lt r\u00e9sztvev\u0151 t\u00f6bb ezer felv\u00e9telt k\u00e9sz\u00edtett a ma m\u00e9g kev\u00e9ss\u00e9 ismert kist\u00e1jr\u00f3l. A Medvesi Fot\u00f3s Maraton Magyarorsz\u00e1g \u00e9s Szlov\u00e1kia ter\u00fclet\u00e9t is \u00e9rintette. A rendezv\u00e9nyhez egy fot\u00f3p\u00e1ly\u00e1zat is kapcsol\u00f3dott, &#8230; <a title=\"Medvesi Fot\u00f3s Maraton ki\u00e1ll\u00edt\u00e1s \u00e9s d\u00edj\u00e1tad\u00f3\" class=\"read-more\" href=\"https:\/\/www.salgotarjan.hu\/?p=4663\" aria-label=\"Read more about Medvesi Fot\u00f3s Maraton ki\u00e1ll\u00edt\u00e1s \u00e9s d\u00edj\u00e1tad\u00f3\">Olvass tov\u00e1bb<\/a><\/p>\n","protected":false},"author":7,"featured_media":0,"comment_status":"closed","ping_status":"closed","sticky":false,"template":"","format":"standard","meta":{"footnotes":""},"categories":[1,10],"tags":[],"class_list":["post-4663","post","type-post","status-publish","format-standard","hentry","category-egyebek","category-hirek-aktualitasok"],"_links":{"self":[{"href":"https:\/\/www.salgotarjan.hu\/index.php?rest_route=\/wp\/v2\/posts\/4663","targetHints":{"allow":["GET"]}}],"collection":[{"href":"https:\/\/www.salgotarjan.hu\/index.php?rest_route=\/wp\/v2\/posts"}],"about":[{"href":"https:\/\/www.salgotarjan.hu\/index.php?rest_route=\/wp\/v2\/types\/post"}],"author":[{"embeddable":true,"href":"https:\/\/www.salgotarjan.hu\/index.php?rest_route=\/wp\/v2\/users\/7"}],"replies":[{"embeddable":true,"href":"https:\/\/www.salgotarjan.hu\/index.php?rest_route=%2Fwp%2Fv2%2Fcomments&post=4663"}],"version-history":[{"count":1,"href":"https:\/\/www.salgotarjan.hu\/index.php?rest_route=\/wp\/v2\/posts\/4663\/revisions"}],"predecessor-version":[{"id":4664,"href":"https:\/\/www.salgotarjan.hu\/index.php?rest_route=\/wp\/v2\/posts\/4663\/revisions\/4664"}],"wp:attachment":[{"href":"https:\/\/www.salgotarjan.hu\/index.php?rest_route=%2Fwp%2Fv2%2Fmedia&parent=4663"}],"wp:term":[{"taxonomy":"category","embeddable":true,"href":"https:\/\/www.salgotarjan.hu\/index.php?rest_route=%2Fwp%2Fv2%2Fcategories&post=4663"},{"taxonomy":"post_tag","embeddable":true,"href":"https:\/\/www.salgotarjan.hu\/index.php?rest_route=%2Fwp%2Fv2%2Ftags&post=4663"}],"curies":[{"name":"wp","href":"https:\/\/api.w.org\/{rel}","templated":true}]}}