{"id":4628,"date":"2016-08-29T15:56:42","date_gmt":"2016-08-29T13:56:42","guid":{"rendered":"http:\/\/www.salgotarjan.hu\/?p=4628"},"modified":"2019-04-21T12:11:57","modified_gmt":"2019-04-21T10:11:57","slug":"tarsadalmi-egyeztetes-2","status":"publish","type":"post","link":"https:\/\/www.salgotarjan.hu\/?p=4628","title":{"rendered":"T\u00e1rsadalmi egyeztet\u00e9s"},"content":{"rendered":"<p>Salg\u00f3tarj\u00e1n Megyei Jog\u00fa V\u00e1ros \u00d6nkorm\u00e1nyzata t\u00e1rsadalmi egyeztet\u00e9sre bocs\u00e1jtja az al\u00e1bbi t\u00e9m\u00e1kat, rendelet-tervezeteket:<\/p>\n<p>&#8211; \u00d6nkorm\u00e1nyzati rendelet Salg\u00f3tarj\u00e1n Megyei Jog\u00fa V\u00e1ros k\u00f6zter\u00fcletein t\u00f6rt\u00e9n\u0151 szeszesital-fogyaszt\u00e1s tilalm\u00e1r\u00f3l<br \/>\n&#8211; \u00d6nkorm\u00e1nyzati rendelet az egyes szeszes italt \u00e1rus\u00edt\u00f3 \u00fczletek \u00e9jszakai nyitva tart\u00e1s\u00e1nak szab\u00e1lyair\u00f3l sz\u00f3l\u00f3 rendelet m\u00f3dos\u00edt\u00e1s\u00e1r\u00f3l<\/p>\n<p>A t\u00e1rsadalmi egyeztet\u00e9sre bocs\u00e1jtott rendelet tervezetek let\u00f6lthet\u0151k az \u00d6nkorm\u00e1nyzat-><a href=\"http:\/\/www.salgotarjan.hu\/?page_id=2584\">T\u00e1rsadalmi egyeztet\u00e9s<\/a> oldalr\u00f3l. K\u00e9rj\u00fck, hogy a t\u00e9m\u00e1khoz a megadott id\u0151pontokat figyelembe v\u00e9ve, kiz\u00e1r\u00f3lag a felt\u00fcntetett el\u00e9rhet\u0151s\u00e9gen k\u00fcldj\u00e9k el v\u00e9lem\u00e9ny\u00fcket, javaslatukat!<\/p>\n","protected":false},"excerpt":{"rendered":"<p>Salg\u00f3tarj\u00e1n Megyei Jog\u00fa V\u00e1ros \u00d6nkorm\u00e1nyzata t\u00e1rsadalmi egyeztet\u00e9sre bocs\u00e1jtja az al\u00e1bbi t\u00e9m\u00e1kat, rendelet-tervezeteket: &#8211; \u00d6nkorm\u00e1nyzati rendelet Salg\u00f3tarj\u00e1n Megyei Jog\u00fa V\u00e1ros k\u00f6zter\u00fcletein t\u00f6rt\u00e9n\u0151 szeszesital-fogyaszt\u00e1s tilalm\u00e1r\u00f3l &#8211; \u00d6nkorm\u00e1nyzati rendelet az egyes szeszes italt \u00e1rus\u00edt\u00f3 \u00fczletek \u00e9jszakai nyitva tart\u00e1s\u00e1nak szab\u00e1lyair\u00f3l sz\u00f3l\u00f3 rendelet m\u00f3dos\u00edt\u00e1s\u00e1r\u00f3l A t\u00e1rsadalmi egyeztet\u00e9sre bocs\u00e1jtott rendelet tervezetek let\u00f6lthet\u0151k az \u00d6nkorm\u00e1nyzat->T\u00e1rsadalmi egyeztet\u00e9s oldalr\u00f3l. K\u00e9rj\u00fck, hogy a t\u00e9m\u00e1khoz a &#8230; <a title=\"T\u00e1rsadalmi egyeztet\u00e9s\" class=\"read-more\" href=\"https:\/\/www.salgotarjan.hu\/?p=4628\" aria-label=\"Read more about T\u00e1rsadalmi egyeztet\u00e9s\">Olvass tov\u00e1bb<\/a><\/p>\n","protected":false},"author":7,"featured_media":0,"comment_status":"closed","ping_status":"closed","sticky":false,"template":"","format":"standard","meta":{"footnotes":""},"categories":[1,10],"tags":[],"class_list":["post-4628","post","type-post","status-publish","format-standard","hentry","category-egyebek","category-hirek-aktualitasok"],"_links":{"self":[{"href":"https:\/\/www.salgotarjan.hu\/index.php?rest_route=\/wp\/v2\/posts\/4628","targetHints":{"allow":["GET"]}}],"collection":[{"href":"https:\/\/www.salgotarjan.hu\/index.php?rest_route=\/wp\/v2\/posts"}],"about":[{"href":"https:\/\/www.salgotarjan.hu\/index.php?rest_route=\/wp\/v2\/types\/post"}],"author":[{"embeddable":true,"href":"https:\/\/www.salgotarjan.hu\/index.php?rest_route=\/wp\/v2\/users\/7"}],"replies":[{"embeddable":true,"href":"https:\/\/www.salgotarjan.hu\/index.php?rest_route=%2Fwp%2Fv2%2Fcomments&post=4628"}],"version-history":[{"count":5,"href":"https:\/\/www.salgotarjan.hu\/index.php?rest_route=\/wp\/v2\/posts\/4628\/revisions"}],"predecessor-version":[{"id":4635,"href":"https:\/\/www.salgotarjan.hu\/index.php?rest_route=\/wp\/v2\/posts\/4628\/revisions\/4635"}],"wp:attachment":[{"href":"https:\/\/www.salgotarjan.hu\/index.php?rest_route=%2Fwp%2Fv2%2Fmedia&parent=4628"}],"wp:term":[{"taxonomy":"category","embeddable":true,"href":"https:\/\/www.salgotarjan.hu\/index.php?rest_route=%2Fwp%2Fv2%2Fcategories&post=4628"},{"taxonomy":"post_tag","embeddable":true,"href":"https:\/\/www.salgotarjan.hu\/index.php?rest_route=%2Fwp%2Fv2%2Ftags&post=4628"}],"curies":[{"name":"wp","href":"https:\/\/api.w.org\/{rel}","templated":true}]}}