{"id":4620,"date":"2016-08-26T15:50:11","date_gmt":"2016-08-26T13:50:11","guid":{"rendered":"http:\/\/www.salgotarjan.hu\/?p=4620"},"modified":"2019-04-21T12:11:57","modified_gmt":"2019-04-21T10:11:57","slug":"salgotarjaniak-a-salgotarjaniakert-avagy-kozossegi-szinten-iranyitott-varosi-helyi-fejlesztesek","status":"publish","type":"post","link":"https:\/\/www.salgotarjan.hu\/?p=4620","title":{"rendered":"Salg\u00f3tarj\u00e1niak a Salg\u00f3tarj\u00e1niak\u00e9rt, avagy k\u00f6z\u00f6ss\u00e9gi szinten ir\u00e1ny\u00edtott v\u00e1rosi helyi fejleszt\u00e9sek"},"content":{"rendered":"<p>A Ter\u00fclet- \u00e9s Telep\u00fcl\u00e9sfejleszt\u00e9si Operat\u00edv Program keretein bel\u00fcl a 10.000 f\u0151 feletti v\u00e1rosok sz\u00e1m\u00e1ra lehet\u0151s\u00e9g ny\u00edlt partners\u00e9gen alapul\u00f3 helyi akci\u00f3csoportok kialak\u00edt\u00e1s\u00e1ra, mely akci\u00f3csoportok a helyi sz\u00fcks\u00e9gleteket \u00e9s lehet\u0151s\u00e9geket felt\u00e1rva \u00f6szt\u00f6nzik a helyi szerepl\u0151k egy\u00fcttm\u0171k\u00f6d\u00e9s\u00e9t \u00e9s tudatoss\u00e1g\u00e1t, hozz\u00e1j\u00e1rulnak a helyi t\u00e1rsadalom meg\u00faj\u00edt\u00e1s\u00e1hoz. Az \u00edgy megalakult helyi k\u00f6z\u00f6ss\u00e9gek els\u0151sorban a kult\u00fara \u00e9s a k\u00f6z\u00f6ss\u00e9g\u00e9p\u00edt\u00e9s ter\u00e9n tervezhetnek fejleszt\u00e9seket.<\/p>\n<p>Salg\u00f3tarj\u00e1n Megyei Jog\u00fa V\u00e1ros \u00d6nkorm\u00e1nyzata civil szervezetekkel \u00e9s v\u00e1llalkoz\u00e1sokkal \u00f6sszefogva, 15 taggal (5 tag k\u00f6zszf\u00e9ra -5 tag civil szf\u00e9ra \u2013 5 tag v\u00e1llalkoz\u00f3i szf\u00e9ra) megalak\u00edtotta a Salg\u00f3tarj\u00e1ni Helyi Akci\u00f3csoportot. A helyi akci\u00f3csoport feladata elk\u00e9sz\u00edteni az integr\u00e1lt, ter\u00fcleti alap\u00fa, kultur\u00e1lis \u00e9s k\u00f6z\u00f6ss\u00e9gfejleszt\u00e9si tartalm\u00fa Helyi K\u00f6z\u00f6ss\u00e9gfejleszt\u00e9si Strat\u00e9gi\u00e1t (HKFS), melynek megval\u00f3s\u00edt\u00e1s\u00e1ra a k\u00f6z\u00f6ss\u00e9g p\u00e1ly\u00e1zati form\u00e1ban ig\u00e9nyelhet t\u00e1mogat\u00e1st. <\/p>\n<p>A t\u00e1mogat\u00e1s keret\u00e9ben megval\u00f3sulhat: <\/p>\n<p><strong>Kultur\u00e1lis \u00e9s k\u00f6z\u00f6ss\u00e9gi terek infrastruktur\u00e1lis fejleszt\u00e9se <\/strong><br \/>\n&#8211; Innovat\u00edv, ter\u00fcleti k\u00f6z\u00f6ss\u00e9gi szolg\u00e1ltat\u00e1st biztos\u00edt\u00f3 v\u00e1rosi kultur\u00e1lis int\u00e9zm\u00e9nyek fel\u00faj\u00edt\u00e1sa, illetve eszk\u00f6zfejleszt\u00e9se.<br \/>\n&#8211; V\u00e1rosr\u00e9szi k\u00f6z\u00f6ss\u00e9gi terek infrastruktur\u00e1lis fel\u00faj\u00edt\u00e1sa, b\u0151v\u00edt\u00e9se, eszk\u00f6zfejleszt\u00e9se, kreat\u00edv, \u00faj szolg\u00e1ltat\u00e1sok befogad\u00e1s\u00e1ra alkalmas t\u00e9rr\u00e9 alak\u00edt\u00e1sa.<br \/>\n&#8211; K\u00f6zterek \u201ek\u00f6z\u00f6ss\u00e9gi t\u00e9r funkci\u00f3inak\u201d b\u0151v\u00edt\u00e9se. A helyi kult\u00fara, hagyom\u00e1nyok, illetve egy\u00e9b, a helyi k\u00f6z\u00f6ss\u00e9g \u00e1ltal szervezett rendezv\u00e9nyek lebonyol\u00edt\u00e1s\u00e1ra alkalmas t\u00e9rr\u00e9sz kialak\u00edt\u00e1sa, fejleszt\u00e9se, kapcsol\u00f3d\u00f3 eszk\u00f6zbeszerz\u00e9sek t\u00e1mogat\u00e1sa.<br \/>\n&#8211; Olyan terek, t\u00e9rr\u00e9szek kialak\u00edt\u00e1sa, amelyek alkalmasak a helyi term\u00e9kek bemutat\u00e1s\u00e1ra, innovat\u00edv form\u00e1ban t\u00f6rt\u00e9n\u0151 \u00e9rt\u00e9kes\u00edt\u00e9s\u00e9re.<\/p>\n<p><strong>Helyi k\u00f6z\u00f6ss\u00e9gszervez\u00e9s a v\u00e1rosi helyi fejleszt\u00e9si strat\u00e9gi\u00e1hoz kapcsol\u00f3dva <\/strong><br \/>\n&#8211; helyi (v\u00e1rosr\u00e9szi, szomsz\u00e9ds\u00e1gi) identit\u00e1st er\u0151s\u00edt\u0151 tev\u00e9kenys\u00e9gek: helyt\u00f6rt\u00e9neti, honismereti, helyi \u00f6r\u00f6ks\u00e9g programok, helyi saj\u00e1toss\u00e1gokra \u00e9p\u00fcl\u0151 hagyom\u00e1nyok, \u00fcnnepek \u00e1tad\u00e1sa, feleleven\u00edt\u00e9se,<br \/>\n&#8211; folyamatos, helyi (v\u00e1rosr\u00e9szi, szomsz\u00e9ds\u00e1gi) t\u00e1rsadalmi p\u00e1rbesz\u00e9det fenntart\u00f3 egyeztet\u00e9si megold\u00e1sok kialak\u00edt\u00e1sa \u00e9s m\u0171k\u00f6dtet\u00e9se kiemelten a lak\u00f3telepeken;<br \/>\n meg\u00faj\u00edtott infrastrukt\u00fara k\u00f6z\u00f6ss\u00e9gi haszn\u00e1lat\u00e1t biztos\u00edt\u00f3 megold\u00e1sok kialak\u00edt\u00e1sa, kultur\u00e1lis, k\u00f6z\u00f6ss\u00e9gi programok szervez\u00e9se, lebonyol\u00edt\u00e1sa, a szabadid\u0151-elt\u00f6lt\u00e9s min\u0151s\u00e9g\u00e9nek jav\u00edt\u00e1sa,<br \/>\n&#8211; helyi (v\u00e1rosr\u00e9szi, szomsz\u00e9ds\u00e1gi) aktivit\u00e1st, t\u00e1rsadalmi szolidarit\u00e1st el\u0151seg\u00edt\u0151 tev\u00e9kenys\u00e9gek<br \/>\n&#8211; helyi, k\u00f6z\u00f6ss\u00e9gi alap\u00fa gazdas\u00e1gfejleszt\u00e9si megold\u00e1sok n\u00e9pszer\u0171s\u00edt\u00e9se, kialak\u00edt\u00e1sa \u00e9s elterjeszt\u00e9se ter\u00fcletileg j\u00f3l k\u00f6r\u00fclhat\u00e1rolt kisk\u00f6z\u00f6ss\u00e9gekben, pl.: beszerz\u0151i, termel\u0151i k\u00f6z\u00f6ss\u00e9gek, helyi term\u00e9kek kereskedelm\u00e9nek n\u00e9pszer\u0171s\u00edt\u00e9se;<br \/>\n&#8211; helyi v\u00e1llalkoz\u00e1sok inform\u00e1ci\u00f3s adatb\u00e1zisainak \u00e9s online el\u00e9rhet\u0151s\u00e9g\u00e9nek kialak\u00edt\u00e1sa, a kereskedelmi-kultur\u00e1lis k\u00f6zt\u00e9ri szolg\u00e1ltat\u00e1sok megjelen\u00e9se;<br \/>\n&#8211; helyi hagyom\u00e1nyokra \u00e9p\u00fcl\u0151 k\u00e9zm\u0171ves (n\u00e9pi) mesters\u00e9gek \u00fajratan\u00edt\u00e1sa<br \/>\n&#8211; Versenyk\u00e9pesen a munkaer\u0151piacon\u201d program elind\u00edt\u00e1sa: a hum\u00e1n er\u0151forr\u00e1s min\u0151s\u00e9g\u00e9nek fejleszt\u00e9se (n\u00f6vel\u00e9se), a munkaer\u0151-piacra t\u00f6rt\u00e9n\u0151 bekapcsol\u00f3d\u00e1s eszk\u00f6zeivel.<br \/>\n&#8211; K\u00f6z\u00f6ss\u00e9gi terekhez kapcsol\u00f3d\u00f3an a v\u00e1rosi k\u00f6rnyezeti fenntarthat\u00f3s\u00e1g \u00e9s k\u00f6rnyezettudatoss\u00e1gi akci\u00f3k, programok v\u00e9grehajt\u00e1sa. <\/p>\n<p>A t\u00e1mogat\u00e1s meg\u00edt\u00e9l\u00e9se eset\u00e9n a Helyi K\u00f6z\u00f6ss\u00e9g elk\u00e9sz\u00edti azokat a \u201emini\u201d p\u00e1ly\u00e1zati felh\u00edv\u00e1sokat, melyre az adott ter\u00fcleten, adott fejleszt\u00e9sben \u00e9rintett szerepl\u0151k \u2013 int\u00e9zm\u00e9nyek, civil szervezetek, v\u00e1llalkoz\u00e1sok &#8211; beny\u00fajthatj\u00e1k p\u00e1ly\u00e1zataikat. <\/p>\n<p>Annak \u00e9rdek\u00e9ben, hogy a beny\u00fajtand\u00f3 helyi k\u00f6z\u00f6ss\u00e9gfejleszt\u00e9si strat\u00e9gia a val\u00f3s helyi ig\u00e9nyekre \u00e9p\u00edtve megval\u00f3s\u00edthat\u00f3, re\u00e1lis \u00e9s a v\u00e1ros kultur\u00e1lis \u00e9s k\u00f6z\u00f6ss\u00e9gi \u00e9let\u00e9nek fejleszt\u00e9s\u00e9hez t\u00e9nylegesen hozz\u00e1j\u00e1rul\u00f3 c\u00e9lokat fogalmazzon meg sz\u00fcks\u00e9g\u00fcnk van az \u00d6n v\u00e9lem\u00e9ny\u00e9re is. K\u00e9rj\u00fck, seg\u00edtse munk\u00e1nkat a k\u00e9rd\u0151\u00edv kit\u00f6lt\u00e9s\u00e9vel.<\/p>\n<p>A k\u00e9rd\u0151\u00edv kit\u00f6lt\u00e9se \u00d6NK\u00c9NTES \u00e9s ANONIM.<\/p>\n<p><a href=\"https:\/\/docs.google.com\/forms\/d\/e\/1FAIpQLSfEV1zA1acSwk_EvqZWMIARUzWmT5PidcXJOS6HlLH8A5dV5w\/viewform?c=0&#038;w=1\" target=\"_blank\" rel=\"noopener noreferrer\">K\u00c9RD\u0150\u00cdV<\/a><\/p>\n<p>A v\u00e1laszok visszak\u00fcld\u00e9s\u00e9nek hat\u00e1rideje: 2016. szeptember 07., 1200<br \/>\nKontakt: hacs.salgotarjan@gmail.com<\/p>\n<p><img loading=\"lazy\" decoding=\"async\" src=\"http:\/\/www.salgotarjan.hu\/wp-content\/uploads\/20160826_kozossegi.jpg\" alt=\"20160826_kozossegi\" width=\"480\" height=\"332\" class=\"alignnone size-full wp-image-4621\" srcset=\"https:\/\/www.salgotarjan.hu\/wp-content\/uploads\/20160826_kozossegi.jpg 480w, https:\/\/www.salgotarjan.hu\/wp-content\/uploads\/20160826_kozossegi-300x208.jpg 300w\" sizes=\"auto, (max-width: 480px) 100vw, 480px\" \/><\/p>\n","protected":false},"excerpt":{"rendered":"<p>A Ter\u00fclet- \u00e9s Telep\u00fcl\u00e9sfejleszt\u00e9si Operat\u00edv Program keretein bel\u00fcl a 10.000 f\u0151 feletti v\u00e1rosok sz\u00e1m\u00e1ra lehet\u0151s\u00e9g ny\u00edlt partners\u00e9gen alapul\u00f3 helyi akci\u00f3csoportok kialak\u00edt\u00e1s\u00e1ra, mely akci\u00f3csoportok a helyi sz\u00fcks\u00e9gleteket \u00e9s lehet\u0151s\u00e9geket felt\u00e1rva \u00f6szt\u00f6nzik a helyi szerepl\u0151k egy\u00fcttm\u0171k\u00f6d\u00e9s\u00e9t \u00e9s tudatoss\u00e1g\u00e1t, hozz\u00e1j\u00e1rulnak a helyi t\u00e1rsadalom meg\u00faj\u00edt\u00e1s\u00e1hoz. Az \u00edgy megalakult helyi k\u00f6z\u00f6ss\u00e9gek els\u0151sorban a kult\u00fara \u00e9s a k\u00f6z\u00f6ss\u00e9g\u00e9p\u00edt\u00e9s ter\u00e9n tervezhetnek fejleszt\u00e9seket. &#8230; <a title=\"Salg\u00f3tarj\u00e1niak a Salg\u00f3tarj\u00e1niak\u00e9rt, avagy k\u00f6z\u00f6ss\u00e9gi szinten ir\u00e1ny\u00edtott v\u00e1rosi helyi fejleszt\u00e9sek\" class=\"read-more\" href=\"https:\/\/www.salgotarjan.hu\/?p=4620\" aria-label=\"Read more about Salg\u00f3tarj\u00e1niak a Salg\u00f3tarj\u00e1niak\u00e9rt, avagy k\u00f6z\u00f6ss\u00e9gi szinten ir\u00e1ny\u00edtott v\u00e1rosi helyi fejleszt\u00e9sek\">Olvass tov\u00e1bb<\/a><\/p>\n","protected":false},"author":7,"featured_media":0,"comment_status":"closed","ping_status":"closed","sticky":false,"template":"","format":"standard","meta":{"footnotes":""},"categories":[1,10],"tags":[],"class_list":["post-4620","post","type-post","status-publish","format-standard","hentry","category-egyebek","category-hirek-aktualitasok"],"_links":{"self":[{"href":"https:\/\/www.salgotarjan.hu\/index.php?rest_route=\/wp\/v2\/posts\/4620","targetHints":{"allow":["GET"]}}],"collection":[{"href":"https:\/\/www.salgotarjan.hu\/index.php?rest_route=\/wp\/v2\/posts"}],"about":[{"href":"https:\/\/www.salgotarjan.hu\/index.php?rest_route=\/wp\/v2\/types\/post"}],"author":[{"embeddable":true,"href":"https:\/\/www.salgotarjan.hu\/index.php?rest_route=\/wp\/v2\/users\/7"}],"replies":[{"embeddable":true,"href":"https:\/\/www.salgotarjan.hu\/index.php?rest_route=%2Fwp%2Fv2%2Fcomments&post=4620"}],"version-history":[{"count":1,"href":"https:\/\/www.salgotarjan.hu\/index.php?rest_route=\/wp\/v2\/posts\/4620\/revisions"}],"predecessor-version":[{"id":9495,"href":"https:\/\/www.salgotarjan.hu\/index.php?rest_route=\/wp\/v2\/posts\/4620\/revisions\/9495"}],"wp:attachment":[{"href":"https:\/\/www.salgotarjan.hu\/index.php?rest_route=%2Fwp%2Fv2%2Fmedia&parent=4620"}],"wp:term":[{"taxonomy":"category","embeddable":true,"href":"https:\/\/www.salgotarjan.hu\/index.php?rest_route=%2Fwp%2Fv2%2Fcategories&post=4620"},{"taxonomy":"post_tag","embeddable":true,"href":"https:\/\/www.salgotarjan.hu\/index.php?rest_route=%2Fwp%2Fv2%2Ftags&post=4620"}],"curies":[{"name":"wp","href":"https:\/\/api.w.org\/{rel}","templated":true}]}}