{"id":4607,"date":"2016-08-22T09:07:23","date_gmt":"2016-08-22T07:07:23","guid":{"rendered":"http:\/\/www.salgotarjan.hu\/?p=4607"},"modified":"2019-04-21T12:11:57","modified_gmt":"2019-04-21T10:11:57","slug":"itt-van-az-otthonunk-itt-van-a-jovonk-3","status":"publish","type":"post","link":"https:\/\/www.salgotarjan.hu\/?p=4607","title":{"rendered":"Itt van az otthonunk, itt van a j\u00f6v\u0151nk!"},"content":{"rendered":"<p>\u00d6szt\u00f6nd\u00edj p\u00e1ly\u00e1zat salg\u00f3tarj\u00e1ni lak\u00f3hely\u0171, fels\u0151fok\u00fa tanulm\u00e1nyokat folytat\u00f3 fiataloknak.<\/p>\n<p>Salg\u00f3tarj\u00e1n Megyei Jog\u00fa V\u00e1ros K\u00f6zgy\u0171l\u00e9se a 22\/2013. (IV.25.) \u00f6nkorm\u00e1nyzati rendelettel alap\u00edtotta meg az \u201eItt van az otthonunk, itt van a j\u00f6v\u0151nk!\u201d \u00f6szt\u00f6nd\u00edjat. Az \u00f6szt\u00f6nd\u00edj keret\u00e9ben az \u00f6nkorm\u00e1nyzat \u00f6szt\u00f6nd\u00edj form\u00e1j\u00e1ban p\u00e9nzbeli t\u00e1mogat\u00e1st ny\u00fajt azon fiatalok sz\u00e1m\u00e1ra, akik v\u00e1llalj\u00e1k, hogy fels\u0151fok\u00fa tanulm\u00e1nyaik befejez\u00e9s\u00e9t k\u00f6vet\u0151en salg\u00f3tarj\u00e1ni sz\u00e9khely\u0171, vagy telephely\u0171 munk\u00e1ltat\u00f3val foglalkoztat\u00e1sra ir\u00e1nyul\u00f3 jogviszonyt l\u00e9tes\u00edtenek.<br \/>\nAz \u00f6szt\u00f6nd\u00edj p\u00e1ly\u00e1zat \u00fatj\u00e1n nyerhet\u0151 el.<\/p>\n<p>Az \u00f6szt\u00f6nd\u00edjra az a fiatal ny\u00fajthatja be p\u00e1ly\u00e1zat\u00e1t, aki<br \/>\n&#8211; salg\u00f3tarj\u00e1ni lak\u00f3hellyel rendelkezik,<br \/>\n&#8211; gondvisel\u0151je, sz\u00fcl\u0151je salg\u00f3tarj\u00e1ni lak\u00f3hellyel rendelkezik,<br \/>\n&#8211; salg\u00f3tarj\u00e1ni sz\u00e9khely\u0171 k\u00f6z\u00e9pfok\u00fa k\u00f6znevel\u00e9si int\u00e9zm\u00e9nyben \u00e9retts\u00e9gizett,<br \/>\n&#8211; beiratkozott \u00e1llamilag elismert fels\u0151oktat\u00e1si int\u00e9zm\u00e9ny f\u0151iskolai vagy egyetemi szint\u0171 alap vagy els\u0151 mesterk\u00e9pz\u00e9s nappali tagozat\u00e1nak \u00e1llami finansz\u00edrozott vagy \u00f6nk\u00f6lts\u00e9ges form\u00e1j\u00e1ra,<br \/>\n&#8211; v\u00e1llalja, hogy fels\u0151fok\u00fa v\u00e9gzetts\u00e9g\u00e9t igazol\u00f3 oklevel\u00e9nek megszerz\u00e9s\u00e9t k\u00f6vet\u0151en foglalkoztat\u00e1sra ir\u00e1nyul\u00f3 jogviszonyt l\u00e9tes\u00edt salg\u00f3tarj\u00e1ni sz\u00e9khellyel vagy telephellyel rendelkez\u0151 munk\u00e1ltat\u00f3val.<\/p>\n<p>Az \u00f6szt\u00f6nd\u00edj \u00f6sszege 50.000 Ft\/h\u00f3 (f\u00e9l\u00e9vente 5 h\u00f3nap) a k\u00e9pz\u00e9si- \u00e9s kimeneti k\u00f6vetelm\u00e9nyekben meghat\u00e1rozott k\u00e9pz\u00e9si id\u0151tartam alatt.<\/p>\n<p>A p\u00e1ly\u00e1zatot a p\u00e1ly\u00e1zati adatlapon, annak mell\u00e9kleteivel egy\u00fctt kell beny\u00fajtani. A hi\u00e1nytalanul kit\u00f6lt\u00f6tt, a p\u00e1ly\u00e1z\u00f3 \u00e1ltal al\u00e1\u00edrt adatlapot a sz\u00fcks\u00e9ges mell\u00e9kletekkel egy\u00fctt 2 p\u00e9ld\u00e1nyban, z\u00e1rt bor\u00edt\u00e9kban, Salg\u00f3tarj\u00e1n Megyei Jog\u00fa V\u00e1ros Polg\u00e1rmesteri Hivatal N\u00e9pj\u00f3l\u00e9ti Irod\u00e1j\u00e1ra szem\u00e9lyesen vagy postai \u00faton a k\u00f6vetkez\u0151 c\u00edmre lehet beny\u00fajtani:<\/p>\n<p>Salg\u00f3tarj\u00e1n Megyei Jog\u00fa V\u00e1ros, Polg\u00e1rmesteri Hivatal, N\u00e9pj\u00f3l\u00e9ti Iroda (III. emelet 322. sz.), 3100 Salg\u00f3tarj\u00e1n, M\u00fazeum t\u00e9r 1.<\/p>\n<p>A p\u00e1ly\u00e1zat beny\u00fajt\u00e1s\u00e1nak hat\u00e1rideje: 2016. szeptember 20.<br \/>\nA p\u00e1ly\u00e1zatokat a b\u00edr\u00e1l\u00f3 bizotts\u00e1g 2016. okt\u00f3ber 31. napj\u00e1ig b\u00edr\u00e1lja el<br \/>\nA szerz\u0151d\u00e9s megk\u00f6t\u00e9s\u00e9nek hat\u00e1rideje: 2016. november 10.<\/p>\n<p>A r\u00e9szletes p\u00e1ly\u00e1zati ki\u00edr\u00e1s \u00e9s az adatlap megtal\u00e1lhat\u00f3 Salg\u00f3tarj\u00e1n honlapj\u00e1n az \u00d6nkorm\u00e1nyzat-><a href=\"http:\/\/www.salgotarjan.hu\/?page_id=829\">P\u00e1ly\u00e1zatok<\/a> men\u00fcpontja alatt vagy szem\u00e9lyesen \u00e1tvehet\u0151 a N\u00e9pj\u00f3l\u00e9ti Irod\u00e1n.<\/p>\n","protected":false},"excerpt":{"rendered":"<p>\u00d6szt\u00f6nd\u00edj p\u00e1ly\u00e1zat salg\u00f3tarj\u00e1ni lak\u00f3hely\u0171, fels\u0151fok\u00fa tanulm\u00e1nyokat folytat\u00f3 fiataloknak. Salg\u00f3tarj\u00e1n Megyei Jog\u00fa V\u00e1ros K\u00f6zgy\u0171l\u00e9se a 22\/2013. (IV.25.) \u00f6nkorm\u00e1nyzati rendelettel alap\u00edtotta meg az \u201eItt van az otthonunk, itt van a j\u00f6v\u0151nk!\u201d \u00f6szt\u00f6nd\u00edjat. Az \u00f6szt\u00f6nd\u00edj keret\u00e9ben az \u00f6nkorm\u00e1nyzat \u00f6szt\u00f6nd\u00edj form\u00e1j\u00e1ban p\u00e9nzbeli t\u00e1mogat\u00e1st ny\u00fajt azon fiatalok sz\u00e1m\u00e1ra, akik v\u00e1llalj\u00e1k, hogy fels\u0151fok\u00fa tanulm\u00e1nyaik befejez\u00e9s\u00e9t k\u00f6vet\u0151en salg\u00f3tarj\u00e1ni sz\u00e9khely\u0171, vagy telephely\u0171 munk\u00e1ltat\u00f3val &#8230; <a title=\"Itt van az otthonunk, itt van a j\u00f6v\u0151nk!\" class=\"read-more\" href=\"https:\/\/www.salgotarjan.hu\/?p=4607\" aria-label=\"Read more about Itt van az otthonunk, itt van a j\u00f6v\u0151nk!\">Olvass tov\u00e1bb<\/a><\/p>\n","protected":false},"author":7,"featured_media":0,"comment_status":"closed","ping_status":"closed","sticky":false,"template":"","format":"standard","meta":{"footnotes":""},"categories":[1,10],"tags":[],"class_list":["post-4607","post","type-post","status-publish","format-standard","hentry","category-egyebek","category-hirek-aktualitasok"],"_links":{"self":[{"href":"https:\/\/www.salgotarjan.hu\/index.php?rest_route=\/wp\/v2\/posts\/4607","targetHints":{"allow":["GET"]}}],"collection":[{"href":"https:\/\/www.salgotarjan.hu\/index.php?rest_route=\/wp\/v2\/posts"}],"about":[{"href":"https:\/\/www.salgotarjan.hu\/index.php?rest_route=\/wp\/v2\/types\/post"}],"author":[{"embeddable":true,"href":"https:\/\/www.salgotarjan.hu\/index.php?rest_route=\/wp\/v2\/users\/7"}],"replies":[{"embeddable":true,"href":"https:\/\/www.salgotarjan.hu\/index.php?rest_route=%2Fwp%2Fv2%2Fcomments&post=4607"}],"version-history":[{"count":1,"href":"https:\/\/www.salgotarjan.hu\/index.php?rest_route=\/wp\/v2\/posts\/4607\/revisions"}],"predecessor-version":[{"id":4608,"href":"https:\/\/www.salgotarjan.hu\/index.php?rest_route=\/wp\/v2\/posts\/4607\/revisions\/4608"}],"wp:attachment":[{"href":"https:\/\/www.salgotarjan.hu\/index.php?rest_route=%2Fwp%2Fv2%2Fmedia&parent=4607"}],"wp:term":[{"taxonomy":"category","embeddable":true,"href":"https:\/\/www.salgotarjan.hu\/index.php?rest_route=%2Fwp%2Fv2%2Fcategories&post=4607"},{"taxonomy":"post_tag","embeddable":true,"href":"https:\/\/www.salgotarjan.hu\/index.php?rest_route=%2Fwp%2Fv2%2Ftags&post=4607"}],"curies":[{"name":"wp","href":"https:\/\/api.w.org\/{rel}","templated":true}]}}