{"id":4592,"date":"2016-08-21T11:24:09","date_gmt":"2016-08-21T09:24:09","guid":{"rendered":"http:\/\/www.salgotarjan.hu\/?p=4592"},"modified":"2019-04-21T12:11:57","modified_gmt":"2019-04-21T10:11:57","slug":"allamalapito-szent-istvanra-emlekezett-salgotarjan","status":"publish","type":"post","link":"https:\/\/www.salgotarjan.hu\/?p=4592","title":{"rendered":"\u00c1llamalap\u00edt\u00f3 Szent Istv\u00e1nra eml\u00e9kezett Salg\u00f3tarj\u00e1n"},"content":{"rendered":"<p><img loading=\"lazy\" decoding=\"async\" src=\"http:\/\/www.salgotarjan.hu\/wp-content\/uploads\/20160821_augusztus20_0.jpg\" alt=\"20160821_augusztus20_0\" width=\"480\" height=\"319\" class=\"alignnone size-full wp-image-4595\" srcset=\"https:\/\/www.salgotarjan.hu\/wp-content\/uploads\/20160821_augusztus20_0.jpg 480w, https:\/\/www.salgotarjan.hu\/wp-content\/uploads\/20160821_augusztus20_0-300x199.jpg 300w\" sizes=\"auto, (max-width: 480px) 100vw, 480px\" \/><\/p>\n<p>A magyar \u00e1llamalap\u00edt\u00e1s \u00e9s az \u00faj keny\u00e9r \u00fcnnep\u00e9n eg\u00e9sz napos programot k\u00edn\u00e1lt Salg\u00f3tarj\u00e1n lakoss\u00e1g\u00e1nak a v\u00e1ros \u00f6nkorm\u00e1nyzata. Augusztus 20-i nemzeti \u00fcnnep\u00fcnk d\u00e9lel\u0151ttj\u00e9t\u0151l csal\u00e1di programok v\u00e1rt\u00e1k az \u00e9rdekl\u0151d\u0151ket a F\u0151 t\u00e9ren.<\/p>\n<p>\u00c1llamalap\u00edt\u00f3 Szent Istv\u00e1n kir\u00e1ly el\u0151tt tisztelegve a hagyom\u00e1nyos koszor\u00faz\u00e1si \u00fcnneps\u00e9gre \u00e9s a k\u00f6z\u00f6s im\u00e1ds\u00e1gra d\u00e9lut\u00e1n f\u00e9l 4-kor a Szent Istv\u00e1n t\u00e9ren ker\u00fclt sor, ahol Fekete Zsolt polg\u00e1rmester mondott \u00fcnnepi k\u00f6sz\u00f6nt\u0151t.<\/p>\n<p><img loading=\"lazy\" decoding=\"async\" src=\"http:\/\/www.salgotarjan.hu\/wp-content\/uploads\/20160821_augusztus20_5.jpg\" alt=\"20160821_augusztus20_5\" width=\"480\" height=\"319\" class=\"alignnone size-full wp-image-4603\" srcset=\"https:\/\/www.salgotarjan.hu\/wp-content\/uploads\/20160821_augusztus20_5.jpg 480w, https:\/\/www.salgotarjan.hu\/wp-content\/uploads\/20160821_augusztus20_5-300x199.jpg 300w\" sizes=\"auto, (max-width: 480px) 100vw, 480px\" \/><\/p>\n<p>&#8211; Magyarorsz\u00e1g ma az\u00e9rt l\u00e9tezik, mert az elm\u00falt sz\u00e1zadokban milli\u00f3nyian tisztelt\u00e9k, szerett\u00e9k ezt az orsz\u00e1got, maguknak \u00e9s az ut\u00f3daiknak k\u00edv\u00e1ntak biztos \u00e9s jobb haz\u00e1t teremteni \u2013 mondta a sz\u00f3nok. \u2013 A Szent Istv\u00e1n-i \u00f6r\u00f6ks\u00e9g \u2013 p\u00e1rt\u00e1ll\u00e1st\u00f3l, hitt\u0151l, vil\u00e1gn\u00e9zett\u0151l f\u00fcggetlen\u00fcl \u2013 ma is mindannyiunkat k\u00f6telez \u2013 emelte ki, hangs\u00falyozva: egy\u00fctt vagyunk felel\u0151sek Szent Istv\u00e1n \u00f6r\u00f6ks\u00e9g\u00e9\u00e9rt, egy\u00fctt vagyunk felel\u0151sek orsz\u00e1gunk\u00e9rt, egy\u00fctt vagyunk felel\u0151sek Salg\u00f3tarj\u00e1n j\u00f6v\u0151j\u00e9\u00e9rt.<\/p>\n<p><img loading=\"lazy\" decoding=\"async\" src=\"http:\/\/www.salgotarjan.hu\/wp-content\/uploads\/20160821_augusztus20_3.jpg\" alt=\"20160821_augusztus20_3\" width=\"480\" height=\"319\" class=\"alignnone size-full wp-image-4599\" srcset=\"https:\/\/www.salgotarjan.hu\/wp-content\/uploads\/20160821_augusztus20_3.jpg 480w, https:\/\/www.salgotarjan.hu\/wp-content\/uploads\/20160821_augusztus20_3-300x199.jpg 300w\" sizes=\"auto, (max-width: 480px) 100vw, 480px\" \/><\/p>\n<p>Az \u00e1llamalap\u00edt\u00e1sra eml\u00e9kez\u0151 \u00fcnnepi kultur\u00e1lis-m\u0171sort a F\u0151 t\u00e9ren rendezt\u00e9k, ahol az \u00faj keny\u00e9r szentel\u00e9s\u00e9n Husz\u00e1r M\u00e1t\u00e9 alpolg\u00e1rmester k\u00f6sz\u00f6nt\u00f6tte a megjelenteket. Besz\u00e9d\u00e9ben r\u00e1mutatott: a keny\u00e9r az ember sz\u00e1m\u00e1ra az \u00e9letet, a meg\u00e9lhet\u00e9st, az otthont jelenti. Manaps\u00e1g m\u00e1r legt\u00f6bb\u00fcnknek mag\u00e1t\u00f3l \u00e9rtet\u0151d\u0151en ker\u00fcl keny\u00e9r az asztal\u00e1ra, de a szemles\u00fct\u00e9s, a f\u00f6l nem ismer\u00e9s mellett \u0151szint\u00e9nek kell lenni. Haz\u00e1nkban m\u00e9g mindig sokan vannak, k\u00f6z\u00f6tt\u00fck megannyi gyermek, akinek bizony a napi betev\u0151 nem ilyen mag\u00e1t\u00f3l \u00e9rtet\u0151d\u0151. A csal\u00e1dnak, a haz\u00e1nak k\u00f6teless\u00e9ge gondoskodni, lehet\u0151s\u00e9get teremteni, \u00e9s felsz\u00e1molni ezt az \u00e1llapotot. Szent Istv\u00e1n kir\u00e1ly szellemis\u00e9ge j\u00f3 ir\u00e1nyt\u0171, mely megmutatja, hogy k\u00f6z\u00f6ss\u00e9gben \u00e9s egys\u00e9gben kell gondolkodni.<\/p>\n<p><img loading=\"lazy\" decoding=\"async\" src=\"http:\/\/www.salgotarjan.hu\/wp-content\/uploads\/20160821_augusztus20_4.jpg\" alt=\"20160821_augusztus20_4\" width=\"480\" height=\"319\" class=\"alignnone size-full wp-image-4601\" srcset=\"https:\/\/www.salgotarjan.hu\/wp-content\/uploads\/20160821_augusztus20_4.jpg 480w, https:\/\/www.salgotarjan.hu\/wp-content\/uploads\/20160821_augusztus20_4-300x199.jpg 300w\" sizes=\"auto, (max-width: 480px) 100vw, 480px\" \/><\/p>\n<p>A F\u0151 t\u00e9ri \u00fcnneps\u00e9gen felv\u00e1gt\u00e1k 2016 gy\u0151ztes orsz\u00e1g tort\u00e1j\u00e1t, az \u0150rs\u00e9g z\u00f6ld arany\u00e1t, melyet Sz\u00f3 Gell\u00e9rt, a salg\u00f3tarj\u00e1ni G&#038;D K\u00e9zm\u0171ves\u00a0Cukr\u00e1szat fiatal mestere k\u00e9sz\u00edtett. Az imm\u00e1r k\u00e9tszeres gy\u0151ztes cukr\u00e1szd\u00e1t Salg\u00f3tarj\u00e1n Eml\u00e9k\u00e9remben r\u00e9szes\u00edtette Fekete Zsolt polg\u00e1rmester, aki az elismer\u00e9st Sz\u00f3 D\u00e1nielnek adta \u00e1t.<\/p>\n<p><img loading=\"lazy\" decoding=\"async\" src=\"http:\/\/www.salgotarjan.hu\/wp-content\/uploads\/20160821_augusztus20_1.jpg\" alt=\"20160821_augusztus20_1\" width=\"480\" height=\"320\" class=\"alignnone size-full wp-image-4593\" srcset=\"https:\/\/www.salgotarjan.hu\/wp-content\/uploads\/20160821_augusztus20_1.jpg 480w, https:\/\/www.salgotarjan.hu\/wp-content\/uploads\/20160821_augusztus20_1-300x200.jpg 300w\" sizes=\"auto, (max-width: 480px) 100vw, 480px\" \/><\/p>\n<p>A d\u00e9lut\u00e1n folyam\u00e1n fogadt\u00e1k a Nemzetk\u00f6zi N\u00f3gr\u00e1d Maraton \u2013 a Losonc-Salg\u00f3tarj\u00e1n k\u00f6z\u00f6tti fut\u00f3verseny \u2013 befut\u00f3it, eredm\u00e9nyt hirdettek, majd a nap tov\u00e1bbi r\u00e9sz\u00e9ben zen\u00e9s, sz\u00f3rakoztat\u00f3 programok \u00e9s kutyabemutat\u00f3 v\u00e1rt a k\u00f6z\u00f6ns\u00e9get.<\/p>\n<p>Az augusztus 20-i \u00fcnnep a hagyom\u00e1nyos t\u0171zij\u00e1t\u00e9kkal \u00e9rt v\u00e9get.<\/p>\n<p><img loading=\"lazy\" decoding=\"async\" src=\"http:\/\/www.salgotarjan.hu\/wp-content\/uploads\/20160821_augusztus20_2.jpg\" alt=\"SONY DSC\" width=\"480\" height=\"319\" class=\"size-full wp-image-4596\" srcset=\"https:\/\/www.salgotarjan.hu\/wp-content\/uploads\/20160821_augusztus20_2.jpg 480w, https:\/\/www.salgotarjan.hu\/wp-content\/uploads\/20160821_augusztus20_2-300x199.jpg 300w\" sizes=\"auto, (max-width: 480px) 100vw, 480px\" \/><\/p>\n","protected":false},"excerpt":{"rendered":"<p>A magyar \u00e1llamalap\u00edt\u00e1s \u00e9s az \u00faj keny\u00e9r \u00fcnnep\u00e9n eg\u00e9sz napos programot k\u00edn\u00e1lt Salg\u00f3tarj\u00e1n lakoss\u00e1g\u00e1nak a v\u00e1ros \u00f6nkorm\u00e1nyzata. Augusztus 20-i nemzeti \u00fcnnep\u00fcnk d\u00e9lel\u0151ttj\u00e9t\u0151l csal\u00e1di programok v\u00e1rt\u00e1k az \u00e9rdekl\u0151d\u0151ket a F\u0151 t\u00e9ren. \u00c1llamalap\u00edt\u00f3 Szent Istv\u00e1n kir\u00e1ly el\u0151tt tisztelegve a hagyom\u00e1nyos koszor\u00faz\u00e1si \u00fcnneps\u00e9gre \u00e9s a k\u00f6z\u00f6s im\u00e1ds\u00e1gra d\u00e9lut\u00e1n f\u00e9l 4-kor a Szent Istv\u00e1n t\u00e9ren ker\u00fclt sor, ahol Fekete &#8230; <a title=\"\u00c1llamalap\u00edt\u00f3 Szent Istv\u00e1nra eml\u00e9kezett Salg\u00f3tarj\u00e1n\" class=\"read-more\" href=\"https:\/\/www.salgotarjan.hu\/?p=4592\" aria-label=\"Read more about \u00c1llamalap\u00edt\u00f3 Szent Istv\u00e1nra eml\u00e9kezett Salg\u00f3tarj\u00e1n\">Olvass tov\u00e1bb<\/a><\/p>\n","protected":false},"author":7,"featured_media":0,"comment_status":"closed","ping_status":"closed","sticky":false,"template":"","format":"standard","meta":{"footnotes":""},"categories":[1,10],"tags":[],"class_list":["post-4592","post","type-post","status-publish","format-standard","hentry","category-egyebek","category-hirek-aktualitasok"],"_links":{"self":[{"href":"https:\/\/www.salgotarjan.hu\/index.php?rest_route=\/wp\/v2\/posts\/4592","targetHints":{"allow":["GET"]}}],"collection":[{"href":"https:\/\/www.salgotarjan.hu\/index.php?rest_route=\/wp\/v2\/posts"}],"about":[{"href":"https:\/\/www.salgotarjan.hu\/index.php?rest_route=\/wp\/v2\/types\/post"}],"author":[{"embeddable":true,"href":"https:\/\/www.salgotarjan.hu\/index.php?rest_route=\/wp\/v2\/users\/7"}],"replies":[{"embeddable":true,"href":"https:\/\/www.salgotarjan.hu\/index.php?rest_route=%2Fwp%2Fv2%2Fcomments&post=4592"}],"version-history":[{"count":8,"href":"https:\/\/www.salgotarjan.hu\/index.php?rest_route=\/wp\/v2\/posts\/4592\/revisions"}],"predecessor-version":[{"id":4606,"href":"https:\/\/www.salgotarjan.hu\/index.php?rest_route=\/wp\/v2\/posts\/4592\/revisions\/4606"}],"wp:attachment":[{"href":"https:\/\/www.salgotarjan.hu\/index.php?rest_route=%2Fwp%2Fv2%2Fmedia&parent=4592"}],"wp:term":[{"taxonomy":"category","embeddable":true,"href":"https:\/\/www.salgotarjan.hu\/index.php?rest_route=%2Fwp%2Fv2%2Fcategories&post=4592"},{"taxonomy":"post_tag","embeddable":true,"href":"https:\/\/www.salgotarjan.hu\/index.php?rest_route=%2Fwp%2Fv2%2Ftags&post=4592"}],"curies":[{"name":"wp","href":"https:\/\/api.w.org\/{rel}","templated":true}]}}