{"id":4583,"date":"2016-08-19T14:29:19","date_gmt":"2016-08-19T12:29:19","guid":{"rendered":"http:\/\/www.salgotarjan.hu\/?p=4583"},"modified":"2019-04-21T12:11:58","modified_gmt":"2019-04-21T10:11:58","slug":"megkezdodott-az-unios-forrasok-felhasznalasa","status":"publish","type":"post","link":"https:\/\/www.salgotarjan.hu\/?p=4583","title":{"rendered":"Megkezd\u0151d\u00f6tt az uni\u00f3s forr\u00e1sok felhaszn\u00e1l\u00e1sa"},"content":{"rendered":"<p><img loading=\"lazy\" decoding=\"async\" src=\"http:\/\/www.salgotarjan.hu\/wp-content\/uploads\/20160819_sajtotajekoztato.jpg\" alt=\"20160819_sajtotajekoztato\" width=\"480\" height=\"319\" class=\"alignnone size-full wp-image-4588\" srcset=\"https:\/\/www.salgotarjan.hu\/wp-content\/uploads\/20160819_sajtotajekoztato.jpg 480w, https:\/\/www.salgotarjan.hu\/wp-content\/uploads\/20160819_sajtotajekoztato-300x199.jpg 300w\" sizes=\"auto, (max-width: 480px) 100vw, 480px\" \/><\/p>\n<p>2016. augusztus 19-\u00e9n Zagyvar\u00f3n\u00e1n, a Vadvir\u00e1g Tag\u00f3vod\u00e1ban tartott sajt\u00f3t\u00e1j\u00e9koztat\u00f3t Fekete Zsolt, Salg\u00f3tarj\u00e1n polg\u00e1rmestere abb\u00f3l az alkalomb\u00f3l, hogy az ottani \u201ekapav\u00e1g\u00e1ssal\u201d megkezd\u0151d\u00f6tt a 2020-ig tart\u00f3 uni\u00f3s p\u00e9nz\u00fcgyi ciklus Salg\u00f3tarj\u00e1nnak meg\u00edt\u00e9lt 9,2 milli\u00e1rd forintos forr\u00e1s\u00e1nak felhaszn\u00e1l\u00e1sa.<\/p>\n<p>Mint ismert, Salg\u00f3tarj\u00e1nnak 2020-ig 9,2 milli\u00e1rd forintos Eur\u00f3pai Uni\u00f3s t\u00e1mogat\u00e1s \u00e1ll rendelkez\u00e9s\u00e9re fejleszt\u00e9sekre. A v\u00e1rosi \u00f6nkorm\u00e1nyzat az \u00f6sszeg ismeret\u00e9ben k\u00e9sz\u00edtette el Salg\u00f3tarj\u00e1n Ter\u00fcleti Integr\u00e1lt Programj\u00e1t, melynek keret\u00e9ben meghat\u00e1rozt\u00e1k az \u00f3vodafejleszt\u00e9si elk\u00e9pzel\u00e9seket.<\/p>\n<p>&#8211; Az els\u0151 k\u00f6r\u00f6s p\u00e1ly\u00e1zatok beny\u00fajt\u00e1sakor meghat\u00e1rozott elvek ment\u00e9n d\u00f6nt\u00f6tt\u00fcnk arr\u00f3l, hogy Salg\u00f3tarj\u00e1n mely ter\u00fcleteit, mely \u00e9p\u00fcleteit k\u00edv\u00e1njuk fejleszteni, korszer\u0171s\u00edteni. A legfontosabb, hogy olyan int\u00e9zm\u00e9nyeinket \u00faj\u00edtsuk fel, amelyekn\u00e9l eddig rengeteg p\u00e9nz \u00faszott el a rezsire, az elavult f\u0171t\u00e9si rendszereken, nem megfelel\u0151 szigetel\u00e9sen, erod\u00e1l\u00f3dott cs\u00f6veken \u2013 eml\u00edtette t\u00e1j\u00e9koztat\u00f3j\u00e1n a polg\u00e1rmester.<\/p>\n<p>A fel\u00faj\u00edt\u00e1sra szorul\u00f3 int\u00e9zm\u00e9nyek k\u00f6z\u00e9 tartozik a Vadvir\u00e1g Tag\u00f3voda is, melyet a gyermek\u00fcket oda j\u00e1rat\u00f3 sz\u00fcl\u0151k szeretnek \u00e9s becs\u00fclnek, \u00e9s a k\u00f6rny\u00e9kbeliek fontosnak tartj\u00e1k, hogy a z\u00f6ld\u00f6vezetben, a belv\u00e1roshoz k\u00e9pest nyugodtabb k\u00f6rnyezetben tudhass\u00e1k gyermekeiket. A Vadvir\u00e1g Tag\u00f3voda fel\u00faj\u00edt\u00e1sa 148 milli\u00f3 forintos p\u00e1ly\u00e1zati t\u00e1mogat\u00e1sb\u00f3l val\u00f3sul meg. A munk\u00e1latok megkezd\u0151dtek, a tervek szerint a gyermekek 2017. els\u0151 negyed\u00e9v\u00e9ben vehetik birtokukba.<\/p>\n<p>&#8211; A Vadvir\u00e1g mellett m\u00e1s-m\u00e1s fejleszt\u00e9si keretekb\u0151l, de sz\u00e1nd\u00e9kunkban \u00e1ll fel\u00faj\u00edtani az Ac\u00e9lgy\u00e1ri \u00fati H\u00e9tsz\u00ednvir\u00e1g, a baglyasi, a Kemerov\u00f3 k\u00f6r\u00fati, a Meredek \u00fati Pitypang, a besztercei Gyermekkert \u00f3vod\u00e1kat \u00e9s a belv\u00e1rosi Mack\u00f3v\u00e1r K\u00f6zponti \u00d3vod\u00e1t is \u2013 t\u00e1j\u00e9koztatott Fekete Zsolt, aki azt is elmondta, hogy a baglyasi \u00e9s a k\u00f6r\u00fati \u00f3vod\u00e1kra egy\u00fcttesen 123 mill\u00f3, m\u00edg az Ac\u00e9lgy\u00e1ri \u00fati H\u00e9tsz\u00ednvir\u00e1g ovira 144 milli\u00f3 \u2013 m\u00e1r meg\u00edt\u00e9lt \u2013 forint \u00e1ll rendelkez\u00e9sre. A Pitypang \u00e9s a besztercei Gyermekkert \u00f3vod\u00e1k eset\u00e9ben az el\u0151felm\u00e9r\u00e9sekn\u00e9l tartanak. Az \u00f6nkorm\u00e1nyzat v\u00e1rhat\u00f3an az id\u00e9n \u0151sszel megny\u00edl\u00f3 p\u00e1ly\u00e1zati lehet\u0151s\u00e9gre adja be konkr\u00e9t forr\u00e1sig\u00e9ny\u00e9t.<\/p>\n<p>A v\u00e1rosk\u00f6zponti \u00f3vod\u00e1k fel\u00faj\u00edt\u00e1sa keret\u00e9ben a Mack\u00f3v\u00e1r \u00f3vod\u00e1ban a rekonstrukci\u00f3val egyidej\u0171leg b\u00f6lcs\u0151dei szob\u00e1kat is kialak\u00edtanak, \u00edgy n\u00f6vekszik Salg\u00f3tarj\u00e1nban a b\u00f6lcs\u0151dei f\u00e9r\u0151helyek sz\u00e1ma. Az itteni fel\u00faj\u00edt\u00e1s egy kivitelez\u00e9sben, de k\u00e9t p\u00e1ly\u00e1zati k\u00f6rben val\u00f3sul meg. Ebb\u0151l az egyikben 77 milli\u00f3 forint p\u00e1ly\u00e1zati p\u00e9nzr\u0151l sz\u00fcletett d\u00f6nt\u00e9s, hamarosan a projekt m\u00e1sik \u201el\u00e1b\u00e1ra\u201d is beny\u00fajtja forr\u00e1sig\u00e9ny\u00e9t az \u00f6nkorm\u00e1nyzat.<\/p>\n<p>A sajt\u00f3t\u00e1j\u00e9koztat\u00f3n Fekete Zsolt sz\u00f3lt a Csokonai \u00fat fel\u00faj\u00edt\u00e1s\u00e1r\u00f3l, mely hossz\u00fa id\u0151 \u00f3ta \u00e1ldatlan \u00e1llapotban van, \u00e9s r\u00e9gi ig\u00e9ny ennek az \u00fatnak a fel\u00faj\u00edt\u00e1sa. A 411 milli\u00f3 forintos fejleszt\u00e9s tervezett befejez\u00e9se 2017 november\u00e9ben v\u00e1rhat\u00f3.<\/p>\n<p>Mint a polg\u00e1rmester elmondta, d\u00f6nt\u00e9sre v\u00e1r m\u00e9g t\u00f6bb projekt, \u00edgy a Beszterce t\u00e9r fel\u00faj\u00edt\u00e1sa, ahol a lakoss\u00e1g v\u00e9lem\u00e9ny\u00e9nek kik\u00e9r\u00e9s\u00e9vel szeretn\u00e9k megsz\u00e9p\u00edteni a teret. Ebben a \u201ek\u00f6rben\u201d v\u00e1rj\u00e1k a zagyvar\u00f3nai B\u00e1tki J\u00f3zsef M\u0171vel\u0151d\u00e9si H\u00e1z, valamint a Karancs \u00e9s B\u00e1ny\u00e1sz utak fel\u00faj\u00edt\u00e1s\u00e1ra, a V\u00e1s\u00e1rt\u00e9ren v\u00e9d\u0151n\u0151i \u00e9s fog\u00e1szati \u00fcgyeleti rendel\u0151 \u00e9s az Ac\u00e9lgy\u00e1ri \u00faton orvosi rendel\u0151 kialak\u00edt\u00e1s\u00e1ra beny\u00fajtott p\u00e1ly\u00e1zataikra a meg\u00edt\u00e9lend\u0151 t\u00e1mogat\u00e1si \u00f6sszegeket.<\/p>\n","protected":false},"excerpt":{"rendered":"<p>2016. augusztus 19-\u00e9n Zagyvar\u00f3n\u00e1n, a Vadvir\u00e1g Tag\u00f3vod\u00e1ban tartott sajt\u00f3t\u00e1j\u00e9koztat\u00f3t Fekete Zsolt, Salg\u00f3tarj\u00e1n polg\u00e1rmestere abb\u00f3l az alkalomb\u00f3l, hogy az ottani \u201ekapav\u00e1g\u00e1ssal\u201d megkezd\u0151d\u00f6tt a 2020-ig tart\u00f3 uni\u00f3s p\u00e9nz\u00fcgyi ciklus Salg\u00f3tarj\u00e1nnak meg\u00edt\u00e9lt 9,2 milli\u00e1rd forintos forr\u00e1s\u00e1nak felhaszn\u00e1l\u00e1sa. Mint ismert, Salg\u00f3tarj\u00e1nnak 2020-ig 9,2 milli\u00e1rd forintos Eur\u00f3pai Uni\u00f3s t\u00e1mogat\u00e1s \u00e1ll rendelkez\u00e9s\u00e9re fejleszt\u00e9sekre. A v\u00e1rosi \u00f6nkorm\u00e1nyzat az \u00f6sszeg ismeret\u00e9ben k\u00e9sz\u00edtette el &#8230; <a title=\"Megkezd\u0151d\u00f6tt az uni\u00f3s forr\u00e1sok felhaszn\u00e1l\u00e1sa\" class=\"read-more\" href=\"https:\/\/www.salgotarjan.hu\/?p=4583\" aria-label=\"Read more about Megkezd\u0151d\u00f6tt az uni\u00f3s forr\u00e1sok felhaszn\u00e1l\u00e1sa\">Olvass tov\u00e1bb<\/a><\/p>\n","protected":false},"author":7,"featured_media":0,"comment_status":"closed","ping_status":"closed","sticky":false,"template":"","format":"standard","meta":{"footnotes":""},"categories":[1,10],"tags":[],"class_list":["post-4583","post","type-post","status-publish","format-standard","hentry","category-egyebek","category-hirek-aktualitasok"],"_links":{"self":[{"href":"https:\/\/www.salgotarjan.hu\/index.php?rest_route=\/wp\/v2\/posts\/4583","targetHints":{"allow":["GET"]}}],"collection":[{"href":"https:\/\/www.salgotarjan.hu\/index.php?rest_route=\/wp\/v2\/posts"}],"about":[{"href":"https:\/\/www.salgotarjan.hu\/index.php?rest_route=\/wp\/v2\/types\/post"}],"author":[{"embeddable":true,"href":"https:\/\/www.salgotarjan.hu\/index.php?rest_route=\/wp\/v2\/users\/7"}],"replies":[{"embeddable":true,"href":"https:\/\/www.salgotarjan.hu\/index.php?rest_route=%2Fwp%2Fv2%2Fcomments&post=4583"}],"version-history":[{"count":3,"href":"https:\/\/www.salgotarjan.hu\/index.php?rest_route=\/wp\/v2\/posts\/4583\/revisions"}],"predecessor-version":[{"id":4589,"href":"https:\/\/www.salgotarjan.hu\/index.php?rest_route=\/wp\/v2\/posts\/4583\/revisions\/4589"}],"wp:attachment":[{"href":"https:\/\/www.salgotarjan.hu\/index.php?rest_route=%2Fwp%2Fv2%2Fmedia&parent=4583"}],"wp:term":[{"taxonomy":"category","embeddable":true,"href":"https:\/\/www.salgotarjan.hu\/index.php?rest_route=%2Fwp%2Fv2%2Fcategories&post=4583"},{"taxonomy":"post_tag","embeddable":true,"href":"https:\/\/www.salgotarjan.hu\/index.php?rest_route=%2Fwp%2Fv2%2Ftags&post=4583"}],"curies":[{"name":"wp","href":"https:\/\/api.w.org\/{rel}","templated":true}]}}