{"id":4580,"date":"2016-08-18T22:26:03","date_gmt":"2016-08-18T20:26:03","guid":{"rendered":"http:\/\/www.salgotarjan.hu\/?p=4580"},"modified":"2019-04-21T12:11:58","modified_gmt":"2019-04-21T10:11:58","slug":"forgalomkorlatozas-a-belvarosban-augusztus-20-an","status":"publish","type":"post","link":"https:\/\/www.salgotarjan.hu\/?p=4580","title":{"rendered":"Forgalomkorl\u00e1toz\u00e1s a belv\u00e1rosban augusztus 20-\u00e1n"},"content":{"rendered":"<p>A N\u00f3gr\u00e1d Megyei Rend\u0151r-f\u0151kapit\u00e1nys\u00e1g \u00e9rtes\u00edti a j\u00e1rm\u0171vezet\u0151ket \u00e9s az \u00fczemeltet\u0151ket, hogy az augusztus 20-i nemzeti \u00fcnnep tisztelet\u00e9re szervezett \u00fcnneps\u00e9gek zavartalan lebonyol\u00edt\u00e1sa \u00e9rdek\u00e9ben az al\u00e1bbi forgalomkorl\u00e1toz\u00e1sok l\u00e9pnek \u00e9letbe:<br \/>\n2016. augusztus 20-\u00e1n 15 \u00f3r\u00e1t\u00f3l 23 \u00f3r\u00e1ig Salg\u00f3tarj\u00e1nban a R\u00e1k\u00f3czi \u00faton, a P\u00e9csk\u0151 \u00fat \u00e9s Karancs Sz\u00e1ll\u00f3 k\u00f6z\u00f6tti szakaszon teljes \u00fatlez\u00e1r\u00e1s lesz \u00e9rv\u00e9nyben.<br \/>\nKer\u00fclni az Arany J\u00e1nos \u00fat \u00e9s a M\u00e1rcius 15. \u00fat ir\u00e1ny\u00e1ba lehet.<\/p>\n<p>(Forr\u00e1s: <a href=\"http:\/\/police.hu\/hirek-es-informaciok\/legfrissebb-hireink\/augusztus-20\/forgalomkorlatozasok-nograd-megyeben\" target=\"_blank\" rel=\"noopener noreferrer\">police.hu<\/a>)<\/p>\n","protected":false},"excerpt":{"rendered":"<p>A N\u00f3gr\u00e1d Megyei Rend\u0151r-f\u0151kapit\u00e1nys\u00e1g \u00e9rtes\u00edti a j\u00e1rm\u0171vezet\u0151ket \u00e9s az \u00fczemeltet\u0151ket, hogy az augusztus 20-i nemzeti \u00fcnnep tisztelet\u00e9re szervezett \u00fcnneps\u00e9gek zavartalan lebonyol\u00edt\u00e1sa \u00e9rdek\u00e9ben az al\u00e1bbi forgalomkorl\u00e1toz\u00e1sok l\u00e9pnek \u00e9letbe: 2016. augusztus 20-\u00e1n 15 \u00f3r\u00e1t\u00f3l 23 \u00f3r\u00e1ig Salg\u00f3tarj\u00e1nban a R\u00e1k\u00f3czi \u00faton, a P\u00e9csk\u0151 \u00fat \u00e9s Karancs Sz\u00e1ll\u00f3 k\u00f6z\u00f6tti szakaszon teljes \u00fatlez\u00e1r\u00e1s lesz \u00e9rv\u00e9nyben. Ker\u00fclni az Arany J\u00e1nos \u00fat &#8230; <a title=\"Forgalomkorl\u00e1toz\u00e1s a belv\u00e1rosban augusztus 20-\u00e1n\" class=\"read-more\" href=\"https:\/\/www.salgotarjan.hu\/?p=4580\" aria-label=\"Read more about Forgalomkorl\u00e1toz\u00e1s a belv\u00e1rosban augusztus 20-\u00e1n\">Olvass tov\u00e1bb<\/a><\/p>\n","protected":false},"author":7,"featured_media":0,"comment_status":"closed","ping_status":"closed","sticky":false,"template":"","format":"standard","meta":{"footnotes":""},"categories":[1,10],"tags":[],"class_list":["post-4580","post","type-post","status-publish","format-standard","hentry","category-egyebek","category-hirek-aktualitasok"],"_links":{"self":[{"href":"https:\/\/www.salgotarjan.hu\/index.php?rest_route=\/wp\/v2\/posts\/4580","targetHints":{"allow":["GET"]}}],"collection":[{"href":"https:\/\/www.salgotarjan.hu\/index.php?rest_route=\/wp\/v2\/posts"}],"about":[{"href":"https:\/\/www.salgotarjan.hu\/index.php?rest_route=\/wp\/v2\/types\/post"}],"author":[{"embeddable":true,"href":"https:\/\/www.salgotarjan.hu\/index.php?rest_route=\/wp\/v2\/users\/7"}],"replies":[{"embeddable":true,"href":"https:\/\/www.salgotarjan.hu\/index.php?rest_route=%2Fwp%2Fv2%2Fcomments&post=4580"}],"version-history":[{"count":1,"href":"https:\/\/www.salgotarjan.hu\/index.php?rest_route=\/wp\/v2\/posts\/4580\/revisions"}],"predecessor-version":[{"id":9496,"href":"https:\/\/www.salgotarjan.hu\/index.php?rest_route=\/wp\/v2\/posts\/4580\/revisions\/9496"}],"wp:attachment":[{"href":"https:\/\/www.salgotarjan.hu\/index.php?rest_route=%2Fwp%2Fv2%2Fmedia&parent=4580"}],"wp:term":[{"taxonomy":"category","embeddable":true,"href":"https:\/\/www.salgotarjan.hu\/index.php?rest_route=%2Fwp%2Fv2%2Fcategories&post=4580"},{"taxonomy":"post_tag","embeddable":true,"href":"https:\/\/www.salgotarjan.hu\/index.php?rest_route=%2Fwp%2Fv2%2Ftags&post=4580"}],"curies":[{"name":"wp","href":"https:\/\/api.w.org\/{rel}","templated":true}]}}