{"id":4563,"date":"2016-08-16T12:31:58","date_gmt":"2016-08-16T10:31:58","guid":{"rendered":"http:\/\/www.salgotarjan.hu\/?p=4563"},"modified":"2019-04-21T12:11:58","modified_gmt":"2019-04-21T10:11:58","slug":"folynak-a-nemzetkozi-nograd-maraton-elokeszuletei","status":"publish","type":"post","link":"https:\/\/www.salgotarjan.hu\/?p=4563","title":{"rendered":"Folynak a Nemzetk\u00f6zi N\u00f3gr\u00e1d Maraton el\u0151k\u00e9sz\u00fcletei"},"content":{"rendered":"<p><img loading=\"lazy\" decoding=\"async\" src=\"http:\/\/www.salgotarjan.hu\/wp-content\/uploads\/20160816_maraton.jpg\" alt=\"20160816_maraton\" width=\"480\" height=\"320\" class=\"alignnone size-full wp-image-4564\" srcset=\"https:\/\/www.salgotarjan.hu\/wp-content\/uploads\/20160816_maraton.jpg 480w, https:\/\/www.salgotarjan.hu\/wp-content\/uploads\/20160816_maraton-300x200.jpg 300w\" sizes=\"auto, (max-width: 480px) 100vw, 480px\" \/><\/p>\n<p>Augusztus 20-\u00e1n els\u0151 alkalommal rendezik meg a Nemzetk\u00f6zi N\u00f3gr\u00e1d Maratont, Losonc \u00e9s Salg\u00f3tarj\u00e1n k\u00f6z\u00f6tt.<\/p>\n<p>A k\u00e9t v\u00e1ros \u00f6nkorm\u00e1nyzata hagyom\u00e1nyteremt\u0151 sz\u00e1nd\u00e9kkal szervezi meg a versenyt nemzeti \u00fcnnep\u00fcnk\u00f6n, de a viadal szlov\u00e1k r\u00e9szr\u0151l illeszkedik a napokban zajl\u00f3 losonci v\u00e1rosi napok rendezv\u00e9nysorozatba.<\/p>\n<p>Az els\u0151 verseny f\u0151szervez\u0151je Losonc, ez\u00e9rt a verseny rajtja is ott lesz 15 \u00f3rakor, m\u00edg a c\u00e9l a salg\u00f3tarj\u00e1ni F\u0151 t\u00e9r. A maraton \u00fatvonala: Losonc, F\u00fclekkelecs\u00e9ny, F\u00fclekkov\u00e1csi, Perse, S\u00e1voly, F\u00fclek, F\u00fclekp\u00fcsp\u00f6ki, Ragyolc, S\u00e1toros, Somosk\u0151\u00fajfalu, Salg\u00f3tarj\u00e1n, a szervez\u0151k \u00f6t kilom\u00e9terenk\u00e9nt k\u00e9sz\u00fclnek friss\u00edt\u0151vel.<\/p>\n<p>A k\u00fcl\u00f6nb\u00f6z\u0151 kateg\u00f3ri\u00e1kban (f\u00e9rfiak 18-39 \u00e9v, 40-49 \u00e9v, 50-59 \u00e9v, 60 \u00e9v felett; n\u0151k 18-39 \u00e9v, 40-49 \u00e9v, 49 \u00e9v felett) lebonyol\u00edt\u00e1sra ker\u00fcl\u0151 maratoni t\u00e1v mellett h\u00e1rom v\u00e1lt\u00f3 kateg\u00f3ri\u00e1ban is lehet\u0151s\u00e9get biztos\u00edtanak a szervez\u0151k a fut\u00e1s szerelmeseinek. F\u00e9rfiak, n\u0151k \u00e9s vegyes kateg\u00f3ri\u00e1ban n\u00e9gy fut\u00f3nak kell (3\u00d710 km \u00e9s 1\u00d712,195 km) egym\u00e1st v\u00e1ltania. A versenykateg\u00f3ri\u00e1k gy\u0151ztesei p\u00e9nz- \u00e9s t\u00e1rgyjutalom d\u00edjaz\u00e1sban r\u00e9szes\u00fclnek.<\/p>\n<p>A versenyre nevezni a <a href=\"http:\/\/www.behsity.sk\/\" target=\"_blank\" rel=\"noopener noreferrer\">www.behsity.sk<\/a> oldalon lehet, ahol a versenyki\u00edr\u00e1s \u00e9s a regisztr\u00e1ci\u00f3s oldal magyar nyelv\u0171 ford\u00edt\u00e1sa is megtal\u00e1lhat\u00f3.<\/p>\n<p>A lebonyol\u00edt\u00e1ssal kapcsolatban a verseny magyarorsz\u00e1gi szervez\u0151je, a K\u00f6zm\u0171vel\u0151d\u00e9si Nonprofit Kft. munkat\u00e1rsai tudnak seg\u00edteni, a +36 32 310-503-as telefonsz\u00e1mon.<\/p>\n<p><strong>Ahol lehet\u0151s\u00e9g van r\u00e1, a fut\u00f3k a ki\u00e9p\u00edtett ker\u00e9kp\u00e1r\u00faton fognak haladni, egy\u00e9b szakaszokon sebess\u00e9gkorl\u00e1toz\u00e1sra \u00e9s f\u00e9lp\u00e1ly\u00e1s \u00fatlez\u00e1r\u00e1sra kell az aut\u00f3soknak sz\u00e1m\u00edtani. A verseny biztons\u00e1gos lebonyol\u00edt\u00e1shoz a szervez\u0151k k\u00e9rik az aut\u00f3sok t\u00fcrelm\u00e9t \u00e9s egy\u00fcttm\u0171k\u00f6d\u00e9s\u00e9t!<\/strong><\/p>\n","protected":false},"excerpt":{"rendered":"<p>Augusztus 20-\u00e1n els\u0151 alkalommal rendezik meg a Nemzetk\u00f6zi N\u00f3gr\u00e1d Maratont, Losonc \u00e9s Salg\u00f3tarj\u00e1n k\u00f6z\u00f6tt. A k\u00e9t v\u00e1ros \u00f6nkorm\u00e1nyzata hagyom\u00e1nyteremt\u0151 sz\u00e1nd\u00e9kkal szervezi meg a versenyt nemzeti \u00fcnnep\u00fcnk\u00f6n, de a viadal szlov\u00e1k r\u00e9szr\u0151l illeszkedik a napokban zajl\u00f3 losonci v\u00e1rosi napok rendezv\u00e9nysorozatba. Az els\u0151 verseny f\u0151szervez\u0151je Losonc, ez\u00e9rt a verseny rajtja is ott lesz 15 \u00f3rakor, m\u00edg a &#8230; <a title=\"Folynak a Nemzetk\u00f6zi N\u00f3gr\u00e1d Maraton el\u0151k\u00e9sz\u00fcletei\" class=\"read-more\" href=\"https:\/\/www.salgotarjan.hu\/?p=4563\" aria-label=\"Read more about Folynak a Nemzetk\u00f6zi N\u00f3gr\u00e1d Maraton el\u0151k\u00e9sz\u00fcletei\">Olvass tov\u00e1bb<\/a><\/p>\n","protected":false},"author":7,"featured_media":0,"comment_status":"closed","ping_status":"closed","sticky":false,"template":"","format":"standard","meta":{"footnotes":""},"categories":[1,10],"tags":[],"class_list":["post-4563","post","type-post","status-publish","format-standard","hentry","category-egyebek","category-hirek-aktualitasok"],"_links":{"self":[{"href":"https:\/\/www.salgotarjan.hu\/index.php?rest_route=\/wp\/v2\/posts\/4563","targetHints":{"allow":["GET"]}}],"collection":[{"href":"https:\/\/www.salgotarjan.hu\/index.php?rest_route=\/wp\/v2\/posts"}],"about":[{"href":"https:\/\/www.salgotarjan.hu\/index.php?rest_route=\/wp\/v2\/types\/post"}],"author":[{"embeddable":true,"href":"https:\/\/www.salgotarjan.hu\/index.php?rest_route=\/wp\/v2\/users\/7"}],"replies":[{"embeddable":true,"href":"https:\/\/www.salgotarjan.hu\/index.php?rest_route=%2Fwp%2Fv2%2Fcomments&post=4563"}],"version-history":[{"count":2,"href":"https:\/\/www.salgotarjan.hu\/index.php?rest_route=\/wp\/v2\/posts\/4563\/revisions"}],"predecessor-version":[{"id":9497,"href":"https:\/\/www.salgotarjan.hu\/index.php?rest_route=\/wp\/v2\/posts\/4563\/revisions\/9497"}],"wp:attachment":[{"href":"https:\/\/www.salgotarjan.hu\/index.php?rest_route=%2Fwp%2Fv2%2Fmedia&parent=4563"}],"wp:term":[{"taxonomy":"category","embeddable":true,"href":"https:\/\/www.salgotarjan.hu\/index.php?rest_route=%2Fwp%2Fv2%2Fcategories&post=4563"},{"taxonomy":"post_tag","embeddable":true,"href":"https:\/\/www.salgotarjan.hu\/index.php?rest_route=%2Fwp%2Fv2%2Ftags&post=4563"}],"curies":[{"name":"wp","href":"https:\/\/api.w.org\/{rel}","templated":true}]}}