{"id":4555,"date":"2016-08-15T12:29:45","date_gmt":"2016-08-15T10:29:45","guid":{"rendered":"http:\/\/www.salgotarjan.hu\/?p=4555"},"modified":"2019-04-21T12:11:58","modified_gmt":"2019-04-21T10:11:58","slug":"mav-start-informacio","status":"publish","type":"post","link":"https:\/\/www.salgotarjan.hu\/?p=4555","title":{"rendered":"M\u00c1V-Start inform\u00e1ci\u00f3"},"content":{"rendered":"<p>A M\u00c1V-START Zrt. t\u00e1j\u00e9koztat\u00e1sa szerint<br \/>\n<strong>2016. augusztus 22-t\u0151l 2016. augusztus 31-ig<\/strong><br \/>\na Hatvan \u2013 Somosk\u0151\u00fajfalu vas\u00fatvonalon v\u00e9gzett p\u00e1lyakarbantart\u00e1si munk\u00e1k miatt a mell\u00e9kletben felt\u00fcntetett vonatok helyett a teljes \u00fatvonalon vonatp\u00f3tl\u00f3 aut\u00f3busz k\u00f6zlekedik. A m\u00f3dos\u00edtott menetrendet a csatolt hirdetm\u00e9ny tartalmazza.<\/p>\n<p><a href=\"http:\/\/www.salgotarjan.hu\/wp-content\/uploads\/20160815_mav.pdf\">V\u00e1g\u00e1nyz\u00e1ri inform\u00e1ci\u00f3<\/a> (pdf)<\/p>\n","protected":false},"excerpt":{"rendered":"<p>A M\u00c1V-START Zrt. t\u00e1j\u00e9koztat\u00e1sa szerint 2016. augusztus 22-t\u0151l 2016. augusztus 31-ig a Hatvan \u2013 Somosk\u0151\u00fajfalu vas\u00fatvonalon v\u00e9gzett p\u00e1lyakarbantart\u00e1si munk\u00e1k miatt a mell\u00e9kletben felt\u00fcntetett vonatok helyett a teljes \u00fatvonalon vonatp\u00f3tl\u00f3 aut\u00f3busz k\u00f6zlekedik. A m\u00f3dos\u00edtott menetrendet a csatolt hirdetm\u00e9ny tartalmazza. V\u00e1g\u00e1nyz\u00e1ri inform\u00e1ci\u00f3 (pdf)<\/p>\n","protected":false},"author":7,"featured_media":0,"comment_status":"closed","ping_status":"closed","sticky":false,"template":"","format":"standard","meta":{"footnotes":""},"categories":[1,10],"tags":[],"class_list":["post-4555","post","type-post","status-publish","format-standard","hentry","category-egyebek","category-hirek-aktualitasok"],"_links":{"self":[{"href":"https:\/\/www.salgotarjan.hu\/index.php?rest_route=\/wp\/v2\/posts\/4555","targetHints":{"allow":["GET"]}}],"collection":[{"href":"https:\/\/www.salgotarjan.hu\/index.php?rest_route=\/wp\/v2\/posts"}],"about":[{"href":"https:\/\/www.salgotarjan.hu\/index.php?rest_route=\/wp\/v2\/types\/post"}],"author":[{"embeddable":true,"href":"https:\/\/www.salgotarjan.hu\/index.php?rest_route=\/wp\/v2\/users\/7"}],"replies":[{"embeddable":true,"href":"https:\/\/www.salgotarjan.hu\/index.php?rest_route=%2Fwp%2Fv2%2Fcomments&post=4555"}],"version-history":[{"count":6,"href":"https:\/\/www.salgotarjan.hu\/index.php?rest_route=\/wp\/v2\/posts\/4555\/revisions"}],"predecessor-version":[{"id":4616,"href":"https:\/\/www.salgotarjan.hu\/index.php?rest_route=\/wp\/v2\/posts\/4555\/revisions\/4616"}],"wp:attachment":[{"href":"https:\/\/www.salgotarjan.hu\/index.php?rest_route=%2Fwp%2Fv2%2Fmedia&parent=4555"}],"wp:term":[{"taxonomy":"category","embeddable":true,"href":"https:\/\/www.salgotarjan.hu\/index.php?rest_route=%2Fwp%2Fv2%2Fcategories&post=4555"},{"taxonomy":"post_tag","embeddable":true,"href":"https:\/\/www.salgotarjan.hu\/index.php?rest_route=%2Fwp%2Fv2%2Ftags&post=4555"}],"curies":[{"name":"wp","href":"https:\/\/api.w.org\/{rel}","templated":true}]}}