{"id":4548,"date":"2016-08-14T11:30:23","date_gmt":"2016-08-14T09:30:23","guid":{"rendered":"http:\/\/www.salgotarjan.hu\/?p=4548"},"modified":"2019-04-21T12:11:58","modified_gmt":"2019-04-21T10:11:58","slug":"nemzetkozi-nograd-maraton","status":"publish","type":"post","link":"https:\/\/www.salgotarjan.hu\/?p=4548","title":{"rendered":"Nemzetk\u00f6zi N\u00f3gr\u00e1d Maraton"},"content":{"rendered":"<p>Augusztus 20-\u00e1n els\u0151 alkalommal ker\u00fcl megrendez\u00e9sre a Nemzetk\u00f6zi N\u00f3gr\u00e1d Maraton Losonc \u00e9s Salg\u00f3tarj\u00e1n k\u00f6z\u00f6tt.<\/p>\n<p>Kedvezm\u00e9nyes nevez\u00e9sre augusztus 15-ig van lehet\u0151s\u00e9g a <a href=\"http:\/\/www.behsity.sk\/\" target=\"_blank\" rel=\"noopener noreferrer\">www.behsity.sk<\/a> oldalon, ahol a nevez\u00e9si d\u00edjak, a versenyki\u00edr\u00e1s \u00e9s a regisztr\u00e1ci\u00f3s oldal magyar nyelven is megtal\u00e1lhat\u00f3.<\/p>\n<p>Tov\u00e1bbi inform\u00e1ci\u00f3 k\u00e9rhet\u0151 a +36 32 310-503-as telefonsz\u00e1mon.<\/p>\n<p><img loading=\"lazy\" decoding=\"async\" src=\"http:\/\/www.salgotarjan.hu\/wp-content\/uploads\/20160814_maraton.jpg\" alt=\"20160814_maraton\" width=\"480\" height=\"674\" class=\"alignnone size-full wp-image-4550\" srcset=\"https:\/\/www.salgotarjan.hu\/wp-content\/uploads\/20160814_maraton.jpg 480w, https:\/\/www.salgotarjan.hu\/wp-content\/uploads\/20160814_maraton-214x300.jpg 214w\" sizes=\"auto, (max-width: 480px) 100vw, 480px\" \/><\/p>\n","protected":false},"excerpt":{"rendered":"<p>Augusztus 20-\u00e1n els\u0151 alkalommal ker\u00fcl megrendez\u00e9sre a Nemzetk\u00f6zi N\u00f3gr\u00e1d Maraton Losonc \u00e9s Salg\u00f3tarj\u00e1n k\u00f6z\u00f6tt. Kedvezm\u00e9nyes nevez\u00e9sre augusztus 15-ig van lehet\u0151s\u00e9g a www.behsity.sk oldalon, ahol a nevez\u00e9si d\u00edjak, a versenyki\u00edr\u00e1s \u00e9s a regisztr\u00e1ci\u00f3s oldal magyar nyelven is megtal\u00e1lhat\u00f3. Tov\u00e1bbi inform\u00e1ci\u00f3 k\u00e9rhet\u0151 a +36 32 310-503-as telefonsz\u00e1mon.<\/p>\n","protected":false},"author":7,"featured_media":0,"comment_status":"closed","ping_status":"closed","sticky":false,"template":"","format":"standard","meta":{"footnotes":""},"categories":[1,10],"tags":[],"class_list":["post-4548","post","type-post","status-publish","format-standard","hentry","category-egyebek","category-hirek-aktualitasok"],"_links":{"self":[{"href":"https:\/\/www.salgotarjan.hu\/index.php?rest_route=\/wp\/v2\/posts\/4548","targetHints":{"allow":["GET"]}}],"collection":[{"href":"https:\/\/www.salgotarjan.hu\/index.php?rest_route=\/wp\/v2\/posts"}],"about":[{"href":"https:\/\/www.salgotarjan.hu\/index.php?rest_route=\/wp\/v2\/types\/post"}],"author":[{"embeddable":true,"href":"https:\/\/www.salgotarjan.hu\/index.php?rest_route=\/wp\/v2\/users\/7"}],"replies":[{"embeddable":true,"href":"https:\/\/www.salgotarjan.hu\/index.php?rest_route=%2Fwp%2Fv2%2Fcomments&post=4548"}],"version-history":[{"count":1,"href":"https:\/\/www.salgotarjan.hu\/index.php?rest_route=\/wp\/v2\/posts\/4548\/revisions"}],"predecessor-version":[{"id":9498,"href":"https:\/\/www.salgotarjan.hu\/index.php?rest_route=\/wp\/v2\/posts\/4548\/revisions\/9498"}],"wp:attachment":[{"href":"https:\/\/www.salgotarjan.hu\/index.php?rest_route=%2Fwp%2Fv2%2Fmedia&parent=4548"}],"wp:term":[{"taxonomy":"category","embeddable":true,"href":"https:\/\/www.salgotarjan.hu\/index.php?rest_route=%2Fwp%2Fv2%2Fcategories&post=4548"},{"taxonomy":"post_tag","embeddable":true,"href":"https:\/\/www.salgotarjan.hu\/index.php?rest_route=%2Fwp%2Fv2%2Ftags&post=4548"}],"curies":[{"name":"wp","href":"https:\/\/api.w.org\/{rel}","templated":true}]}}